{"id":433080,"date":"2025-10-02T07:16:20","date_gmt":"2025-10-02T07:16:20","guid":{"rendered":"https:\/\/www.europesays.com\/fr\/433080\/"},"modified":"2025-10-02T07:16:20","modified_gmt":"2025-10-02T07:16:20","slug":"chez-felipe-et-severine-oliveira-baptista-une-maison-historique-a-lisbonne","status":"publish","type":"post","link":"https:\/\/www.europesays.com\/fr\/433080\/","title":{"rendered":"Chez Felipe et S\u00e9verine Oliveira Baptista, une maison historique \u00e0 Lisbonne"},"content":{"rendered":"<p>Ici, Severine a aff\u00fbt\u00e9 son go\u00fbt pour la d\u00e9coration, autrefois un plaisir fl\u00e2neur, devenu au cours de cette ponctuation de trois ans, une fonction officielle : des conseils \u00e0 des amis jusqu\u2019\u00e0 de vraies missions d\u2019architecte d\u2019int\u00e9rieur. Dans leur lumineux appartement en duplex, les portes massives et les plafonds sont en bois d\u2019origine. Pour le reste, S\u00e9verine a imagin\u00e9 une d\u00e9coration aux lignes \u00e9pur\u00e9es o\u00f9 domine une v\u00e9g\u00e9tation abondante, cr\u00e9ant l\u2019atmosph\u00e8re d\u2019un jardin suspendu, v\u00e9ritable refuge d\u2019\u00e9t\u00e9 surplombant la ville. Quelques meubles et beaucoup de photos sont l\u2019essentiel de ce qu\u2019ils ont gard\u00e9 de leur vie parisienne, comme les canap\u00e9s Togo de Michel Ducaroy, les tables d\u2019<a href=\"https:\/\/www.admagazine.fr\/adactualites\/article\/design-magique-ettore-sottsass-centre-pompidou\" target=\"_blank\" rel=\"noopener\">Ettore Sottsass<\/a>, le sublime portrait de Grace Jones qui tr\u00f4ne au bout du salon, cadeau de <a href=\"https:\/\/www.admagazine.fr\/article\/jean-paul-goude-villa-zilveli-version2\" target=\"_blank\" rel=\"noopener\">Jean-Paul Goude<\/a> aux cr\u00e9ateurs. Ou encore cette photographie de l\u2019artiste portugaise Helena Almeida dans la salle \u00e0 manger. S\u00e9verine le dit : \u00ab J\u2019ai beaucoup chin\u00e9. L\u2019horloge, le semainier, beaucoup de design des ann\u00e9es 1980, pour contraster avec l\u2019environnement historique et charg\u00e9 de la maison. Comme pour les v\u00eatements que nous cr\u00e9ons, il ne s\u2019agit pas seulement d\u2019un concept ou d\u2019une silhouette, mais aussi de la fa\u00e7on dont on les porte. Ce n\u2019est pas seulement une question de d\u00e9coration, mais un environnement o\u00f9 l\u2019on se sent bien, qui refl\u00e8te qui nous sommes et comment nous vivons au quotidien. \u00bb<\/p>\n<p><img decoding=\"async\" alt=\"Dans salle \u00e0 manger sur table laque sculpture Pot \u00e0 lait Csar Autour chaises salle \u00e0 manger Zino  au mur audessus une...\" loading=\"lazy\" class=\"ResponsiveImageContainer-eNxvmU cfBbTk responsive-image__image\"   src=\"https:\/\/www.europesays.com\/fr\/wp-content\/uploads\/2025\/10\/_D1A9794.jpg\"\/><\/p>\n<p>Dans la salle \u00e0 manger, sur une table laqu\u00e9e, une sculpture Pot \u00e0 lait de C\u00e9sar. Autour, des chaises de salle \u00e0 manger Zino (Harvink). Au mur, au-dessus d\u2019une paire de chaises en bois et cuir de Philipe Starck, une photographie d\u2019Helena Almeida. Appliques en m\u00e9tal et verre d\u2019Ettore Sottsass. Suspension Triangle de Mario Botta.<\/p>\n<p>\u00a9 Matthieu Salvaing \/ \/ R\u00e9alisation Sarah de Beaumont Courtesy of Helena Almeida ; C\u00e9sar, Adagp, Paris, 2025 ; Ettore Sottsass, Adagp, Paris, 2025<\/p>\n<p>Il reste peu de maisons aussi anciennes et c\u2019est rare de les trouver dans cet \u00e9tat. Malheureusement, on a tendance \u00e0 tout casser et faire peu cas du patrimoine.<\/p>\n<p>Le cr\u00e9ateur Felipe Oliveira Baptista<\/p>\n<p><img decoding=\"async\" alt=\"Dans salle \u00e0 manger devant horloge laque annes 1970 table galement laque et chaises salle \u00e0 manger Zino  Lampe...\" loading=\"lazy\" class=\"ResponsiveImageContainer-eNxvmU cfBbTk responsive-image__image\"   src=\"https:\/\/www.europesays.com\/fr\/wp-content\/uploads\/2025\/10\/_D1A9786.jpg\"\/><\/p>\n<p>Dans la salle \u00e0 manger, devant une horloge laqu\u00e9e des ann\u00e9es 1970, une table \u00e9galement laqu\u00e9e et des chaises de salle \u00e0 manger Zino (Harvink). Lampe plafonnier Triangle de Mario Botta.<\/p>\n<p>\u00a9 Matthieu Salvaing \/ R\u00e9alisation Sarah de Beaumont<\/p>\n","protected":false},"excerpt":{"rendered":"Ici, Severine a aff\u00fbt\u00e9 son go\u00fbt pour la d\u00e9coration, autrefois un plaisir fl\u00e2neur, devenu au cours de cette&hellip;\n","protected":false},"author":2,"featured_media":433081,"comment_status":"","ping_status":"","sticky":false,"template":"","format":"standard","meta":{"footnotes":""},"categories":[1358],"tags":[1348,1384,1385,1386,58,59,1011,27,56113],"class_list":{"0":"post-433080","1":"post","2":"type-post","3":"status-publish","4":"format-standard","5":"has-post-thumbnail","7":"category-arts-et-design","8":"tag-arts","9":"tag-arts-and-design","10":"tag-arts-et-design","11":"tag-design","12":"tag-divertissement","13":"tag-entertainment","14":"tag-fr","15":"tag-france","16":"tag-maisons-dartistes"},"share_on_mastodon":{"url":"https:\/\/pubeurope.com\/@fr\/115303349299347586","error":""},"_links":{"self":[{"href":"https:\/\/www.europesays.com\/fr\/wp-json\/wp\/v2\/posts\/433080","targetHints":{"allow":["GET"]}}],"collection":[{"href":"https:\/\/www.europesays.com\/fr\/wp-json\/wp\/v2\/posts"}],"about":[{"href":"https:\/\/www.europesays.com\/fr\/wp-json\/wp\/v2\/types\/post"}],"author":[{"embeddable":true,"href":"https:\/\/www.europesays.com\/fr\/wp-json\/wp\/v2\/users\/2"}],"replies":[{"embeddable":true,"href":"https:\/\/www.europesays.com\/fr\/wp-json\/wp\/v2\/comments?post=433080"}],"version-history":[{"count":0,"href":"https:\/\/www.europesays.com\/fr\/wp-json\/wp\/v2\/posts\/433080\/revisions"}],"wp:featuredmedia":[{"embeddable":true,"href":"https:\/\/www.europesays.com\/fr\/wp-json\/wp\/v2\/media\/433081"}],"wp:attachment":[{"href":"https:\/\/www.europesays.com\/fr\/wp-json\/wp\/v2\/media?parent=433080"}],"wp:term":[{"taxonomy":"category","embeddable":true,"href":"https:\/\/www.europesays.com\/fr\/wp-json\/wp\/v2\/categories?post=433080"},{"taxonomy":"post_tag","embeddable":true,"href":"https:\/\/www.europesays.com\/fr\/wp-json\/wp\/v2\/tags?post=433080"}],"curies":[{"name":"wp","href":"https:\/\/api.w.org\/{rel}","templated":true}]}}