{"id":433090,"date":"2025-10-02T07:21:12","date_gmt":"2025-10-02T07:21:12","guid":{"rendered":"https:\/\/www.europesays.com\/fr\/433090\/"},"modified":"2025-10-02T07:21:12","modified_gmt":"2025-10-02T07:21:12","slug":"un-extrait-de-cannabis-semble-efficace-contre-le-mal-de-dos","status":"publish","type":"post","link":"https:\/\/www.europesays.com\/fr\/433090\/","title":{"rendered":"Un extrait de cannabis semble efficace contre le mal de dos"},"content":{"rendered":"<p>    Le nouveau m\u00e9dicament, disponible sous forme de solut\u00e9 buvable, est un extrait de la plante Cannabis sativa et contient des cannabino\u00efdes (THC, cannabidiol et cannabig\u00e9rol), ainsi que d\u2019autres compos\u00e9s naturels.<br \/>\n                Kitreel &#8211; stock.adobe.com<\/p>\n<p>S\u2019il est approuv\u00e9, le traitement pourrait constituer une alternative aux opio\u00efdes pour des patients souffrant de douleurs chroniques s\u00e9v\u00e8res.<\/p>\n<p class=\"fig-paragraph\"><a href=\"https:\/\/sante.lefigaro.fr\/mieux-etre\/tabac-alcool-drogues\/cannabis\/quels-risques\" target=\"_blank\" data-fig-type=\"Keyword\" rel=\"sponsored noopener\" data-gtm-custom-categorie=\"navigation\" data-gtm-custom-action=\"crossclick\" data-gtm-custom-label=\"Contextuel\" data-gtm-event=\"customEventSPE\" data-fig-domain=\"SANTE\">Le cannabis<\/a>\u00a0peut-il soulager les\u00a0<a href=\"http:\/\/www.lefigaro.fr\/sciences\/une-therapie-soulage-les-douleurs-chroniques-des-anciens-combattants-20240804\" data-fig-type=\"Article\" data-gtm-custom-categorie=\"navigation\" data-gtm-custom-action=\"crossclick\" data-gtm-custom-label=\"Contextuel\" data-gtm-event=\"customEventSPE\" data-fig-domain=\"LEFIGARO\" target=\"_blank\" rel=\"noopener\">douleurs chroniques<\/a>\u00a0? Les efforts de recherche d\u00e9ploy\u00e9s ces derni\u00e8res ann\u00e9es pour concevoir\u00a0<a href=\"http:\/\/sante.lefigaro.fr\/medecine\/la-france-se-prepare-a-l-arrivee-du-cannabis-medical-20240528\" data-fig-type=\"Article\" data-gtm-custom-categorie=\"navigation\" data-gtm-custom-action=\"crossclick\" data-gtm-custom-label=\"Contextuel\" data-gtm-event=\"customEventSPE\" data-fig-domain=\"SANTE\" target=\"_blank\" rel=\"noopener\">un rem\u00e8de efficace \u00e0 partir de marijuana<\/a>\u00a0ont donn\u00e9 lieu \u00e0 des r\u00e9sultats contradictoires. Mais un nouveau candidat suscite l\u2019espoir. Dans un essai clinique de phase\u00a03, derni\u00e8re \u00e9tape avant une potentielle commercialisation, un extrait de cannabis, le VER-01, a montr\u00e9 son potentiel pour soulager les patients souffrant de\u00a0<a href=\"http:\/\/www.lefigaro.fr\/sciences\/lombalgie-causes-symptomes-et-traitement-du-mal-de-dos-le-plus-repandu-20210525\" data-fig-type=\"Article\" data-gtm-custom-categorie=\"navigation\" data-gtm-custom-action=\"crossclick\" data-gtm-custom-label=\"Contextuel\" data-gtm-event=\"customEventSPE\" data-fig-domain=\"LEFIGARO\" target=\"_blank\" rel=\"noopener\">douleurs lombaires<\/a>\u00a0chroniques invalidantes, sans effet secondaire grave ni risque de d\u00e9pendance.<\/p>\n<p class=\"fig-paragraph\">D\u00e9velopp\u00e9 par la soci\u00e9t\u00e9 allemande Vertanical, le traitement a aussi permis d\u2019am\u00e9liorer les troubles du sommeil et les capacit\u00e9s physiques des participants. Selon les m\u00e9decins allemands qui ont publi\u00e9 leur \u00e9tude lundi\u00a0<a href=\"https:\/\/www.nature.com\/articles\/s41591-025-03977-0\" target=\"_blank\" rel=\"sponsored noopener\" data-gtm-custom-categorie=\"navigation\" data-gtm-custom-action=\"crossclick\" data-gtm-custom-label=\"Contextuel\" data-gtm-event=\"customEventSPE\">dans la revue scientifique Nature Medicine<\/a>, le m\u00e9dicament pourrait \u00ab\u00a0remplacer les opiac\u00e9s, \u00e0 l\u2019origine d\u2019effets secondaires graves et de probl\u00e8mes de s\u00e9curit\u00e9. C\u2019est une v\u00e9ritable alternative pour les patients chroniques \u2013 la premi\u00e8re\u00a0\u00bb<\/p>\n<p class=\"fig-premium-paywall__infos\">\n        Cet article est r\u00e9serv\u00e9 aux abonn\u00e9s.        Il vous reste 80% \u00e0 d\u00e9couvrir.\n    <\/p>\n<p>                <img  data- alt=\"Le Figaro\" class=\"fig-img--complete fig-img\"\/><\/p>\n<p class=\"fig-premium-paywall__title\">Vous avez envie de lire la suite ?<\/p>\n<p class=\"fig-premium-paywall__subtitle\">D\u00e9bloquez tous les articles imm\u00e9diatement.<\/p>\n<p class=\"fig-premium-paywall__connect\">\n                D\u00e9j\u00e0 abonn\u00e9\u00a0?                <a class=\"fig-premium-paywall__connect-link\" href=\"https:\/\/connect.lefigaro.fr\/login?client=sante_web&amp;type=main&amp;redirect_uri=https%3A%2F%2Fsante.lefigaro.fr%2Fmedecine%2Fun-extrait-de-cannabis-semble-efficace-contre-le-mal-de-dos-20251002\" data-js-gtm=\"{&quot;customCategorie&quot;: &quot;conversion&quot;, &quot;customAction&quot;: &quot;before_Landing_Connexion_paywall_auto&quot;, &quot;customLabel&quot;: &quot;c2FudGUubGVmaWdhcm8uZnJfXzFmMDllYTU2LTIwYmItNmRkYS04Yjc4LTBiZTU5MzZkODE3ZF9fQXJ0aWNsZQ==_Un extrait de cannabis semble efficace contre le mal de dos_453&quot;, &quot;customIDSPE&quot;: &quot;c2FudGUubGVmaWdhcm8uZnJfXzFmMDllYTU2LTIwYmItNmRkYS04Yjc4LTBiZTU5MzZkODE3ZF9fQXJ0aWNsZQ==&quot;, &quot;event&quot;: &quot;customEventSPE&quot;}\" target=\"_blank\" rel=\"noopener\"><br \/>\n                    Connectez-vous<br \/>\n                <\/a>\n            <\/p>\n","protected":false},"excerpt":{"rendered":"Le nouveau m\u00e9dicament, disponible sous forme de solut\u00e9 buvable, est un extrait de la plante Cannabis sativa et&hellip;\n","protected":false},"author":2,"featured_media":433091,"comment_status":"","ping_status":"","sticky":false,"template":"","format":"standard","meta":{"footnotes":""},"categories":[10],"tags":[3675,5899,1011,27,72,9009,71],"class_list":{"0":"post-433090","1":"post","2":"type-post","3":"status-publish","4":"format-standard","5":"has-post-thumbnail","7":"category-sante","8":"tag-cannabis","9":"tag-douleur","10":"tag-fr","11":"tag-france","12":"tag-health","13":"tag-lombalgie","14":"tag-sante"},"share_on_mastodon":{"url":"https:\/\/pubeurope.com\/@fr\/115303368836046899","error":""},"_links":{"self":[{"href":"https:\/\/www.europesays.com\/fr\/wp-json\/wp\/v2\/posts\/433090","targetHints":{"allow":["GET"]}}],"collection":[{"href":"https:\/\/www.europesays.com\/fr\/wp-json\/wp\/v2\/posts"}],"about":[{"href":"https:\/\/www.europesays.com\/fr\/wp-json\/wp\/v2\/types\/post"}],"author":[{"embeddable":true,"href":"https:\/\/www.europesays.com\/fr\/wp-json\/wp\/v2\/users\/2"}],"replies":[{"embeddable":true,"href":"https:\/\/www.europesays.com\/fr\/wp-json\/wp\/v2\/comments?post=433090"}],"version-history":[{"count":0,"href":"https:\/\/www.europesays.com\/fr\/wp-json\/wp\/v2\/posts\/433090\/revisions"}],"wp:featuredmedia":[{"embeddable":true,"href":"https:\/\/www.europesays.com\/fr\/wp-json\/wp\/v2\/media\/433091"}],"wp:attachment":[{"href":"https:\/\/www.europesays.com\/fr\/wp-json\/wp\/v2\/media?parent=433090"}],"wp:term":[{"taxonomy":"category","embeddable":true,"href":"https:\/\/www.europesays.com\/fr\/wp-json\/wp\/v2\/categories?post=433090"},{"taxonomy":"post_tag","embeddable":true,"href":"https:\/\/www.europesays.com\/fr\/wp-json\/wp\/v2\/tags?post=433090"}],"curies":[{"name":"wp","href":"https:\/\/api.w.org\/{rel}","templated":true}]}}