{"id":433096,"date":"2025-10-02T07:24:17","date_gmt":"2025-10-02T07:24:17","guid":{"rendered":"https:\/\/www.europesays.com\/fr\/433096\/"},"modified":"2025-10-02T07:24:17","modified_gmt":"2025-10-02T07:24:17","slug":"la-liste-complete-des-google-home-et-nest-mis-a-jour","status":"publish","type":"post","link":"https:\/\/www.europesays.com\/fr\/433096\/","title":{"rendered":"la liste compl\u00e8te des Google Home et Nest mis \u00e0 jour"},"content":{"rendered":"<p>Google vient de lancer le d\u00e9ploiement de la solution Gemini Home pour ses appareils et la tr\u00e8s bonne nouvelle c\u2019est qu\u2019il ne sera pas n\u00e9cessaire d\u2019acheter un nouveau dispositif pour en profiter. Voici la liste compl\u00e8te des appareils qui vont recevoir la mise \u00e0 jour.<\/p>\n<p><a target=\"_blank\" href=\"https:\/\/www.europesays.com\/fr\/wp-content\/uploads\/2025\/10\/google-gemini-in-hub-max-and-nest-audio.jpg\" class=\"article-content__figure\"><img fetchpriority=\"high\" loading=\"eager\" decoding=\"async\" width=\"1200\" height=\"738\" src=\"https:\/\/www.europesays.com\/fr\/wp-content\/uploads\/2025\/10\/google-gemini-in-hub-max-and-nest-audio.jpg\" alt=\"\" class=\"wp-image-2815887 wp-image\"  \/><\/a>Source : Google<\/p>\n<p>Les objets connect\u00e9s du g\u00e9ant am\u00e9ricain prennent une nouvelle dimension avec l\u2019arriv\u00e9e de <a href=\"https:\/\/www.frandroid.com\/culture-tech\/intelligence-artificielle\/google-gemini\" rel=\"nofollow noopener\" target=\"_blank\">Gemini<\/a>. En effet, l\u2019IA de Google qui s\u2019invite dans l\u2019ensemble des \u00e9quipements du foyer \u00e0 partir d\u2019aujourd\u2019hui. Elle remplacera le Google Assistant au sein des haut-parleurs, \u00e9crans, cam\u00e9ras et syst\u00e8mes d\u2019automatisation existants.<\/p>\n<p>Gemini, nouvelle intelligence pour le foyer connect\u00e9<\/p>\n<p>Gemini for Home introduit une couche d\u2019intelligence artificielle sans pr\u00e9c\u00e9dent dans le secteur des \u00e9quipements connect\u00e9s \u00e0 l\u2019image de la promesse d\u2019Alexa+ dont on ne sait toujours pas la date de disponibilit\u00e9 en France. Concr\u00e8tement, ce syst\u00e8me se substitue \u00e0 Google Assistant sur tous les haut-parleurs et les \u00e9crans intelligents du groupe mais pas que. Dor\u00e9navant, il est possible d\u2019interagir avec vos \u00e9quipements gr\u00e2ce \u00e0 une commande vocale plus naturelle et de profiter de routines automatis\u00e9es. On peut donc formuler des demandes contextuelles et encha\u00eener les t\u00e2ches tout en ayant \u00e9galement la possibilit\u00e9 de cr\u00e9er des sc\u00e9narii.<\/p>\n<p><a href=\"https:\/\/images.frandroid.com\/wp-content\/uploads\/2020\/09\/launch-night-in-17-40-screenshot-e1601490511294.png\" target=\"_blank\" class=\"article-content__figure\" rel=\"nofollow noopener\"><img loading=\"lazy\" decoding=\"async\" width=\"1200\" height=\"675\" src=\"https:\/\/www.europesays.com\/fr\/wp-content\/uploads\/2025\/10\/launch-night-in-17-40-screenshot-1200x675.png\" alt=\"\" class=\"wp-image-776126 wp-image\"\/><\/a>Le Google Nest Audio \/\/ Source : Google<\/p>\n<p>Cette \u00e9volution promet aussi le pilotage simultan\u00e9 des appareils et l\u2019analyse approfondie des flux vid\u00e9o des cam\u00e9ras domestiques.<\/p>\n<p>R\u00e9trocompatibilit\u00e9 jusqu\u2019en 2015\u00a0!<\/p>\n<p>La tr\u00e8s bonne nouvelle c\u2019est que l\u2019int\u00e9gration de Gemini ne se limite pas aux nouveaux produits. D\u2019apr\u00e8s les informations communiqu\u00e9es par Google, plus de 800 millions d\u2019appareils \u00ab Works with Google Home \u00bb d\u00e9j\u00e0 pr\u00e9sents sur le march\u00e9 recevront une mise \u00e0 jour automatique. <\/p>\n<p><a href=\"https:\/\/images.frandroid.com\/wp-content\/uploads\/2022\/05\/guppvxgilj.jpg\" target=\"_blank\" class=\"article-content__figure\" rel=\"nofollow noopener\"><img loading=\"lazy\" decoding=\"async\" width=\"1200\" height=\"671\" src=\"https:\/\/www.europesays.com\/fr\/wp-content\/uploads\/2025\/10\/guppvxgilj-1200x671.jpg\" alt=\"La nouvelle fonction look &amp; talk sur le Nest Hub Max\" class=\"wp-image-1330681 wp-image\"  \/><\/a>La fonction look &amp; talk sur le Nest Hub Max \/\/ Source : Google<\/p>\n<p>Cela inclut tous les objets connect\u00e9s compatibles Matter ou interfac\u00e9s via les API Cloud-to-Cloud. La marque insiste sur le fait que cette transition ne requiert aucune modification technique majeure chez les fabricants partenaires.<\/p>\n<p>Cette mise \u00e0 jour est donc disponible pour :<\/p>\n<p><strong>Les enceintes :<\/strong><\/p>\n<ul class=\"wp-block-list\">\n<li>Google Home (2016),<\/li>\n<li>Google Home Mini (2017)<\/li>\n<li>Google Home Max (2017)<\/li>\n<li>Nest Mini (2019)<\/li>\n<li>Nest Audio (2020) (compatible Gemini Live)<\/li>\n<\/ul>\n<p><strong>Les \u00e9crans intelligents :<\/strong><\/p>\n<ul class=\"wp-block-list\">\n<li>Nest Hub (2018)<\/li>\n<li>Nest Hub Max (2019) (compatible Gemini Live)<\/li>\n<li>Nest Hub 2e g\u00e9n\u00e9ration (2021) (compatible Gemini Live)<\/li>\n<\/ul>\n<p><strong>Les cam\u00e9ras :<\/strong><\/p>\n<ul class=\"wp-block-list\">\n<li>Nest Cam Outdoor (2016)<\/li>\n<li>Nest Cam IQ Indoor (2017)<\/li>\n<li>Nest Cam IQ Outdoor (2017)<\/li>\n<li>Nest Cam (Batterie) (2021)<\/li>\n<li>Nest Cam (filaire) (2021)<\/li>\n<li>Nest Cam avec projecteur (2021)<\/li>\n<li>Nest Cam Indoor (2K) (2025)<\/li>\n<li>Nest Cam Outdoor (2K) (2025)<\/li>\n<\/ul>\n<p><strong>Les sonnettes connect\u00e9es :<\/strong><\/p>\n<ul class=\"wp-block-list\">\n<li>Nest Doorbell (filaire, 1ere g\u00e9n\u00e9ration) (2018)<\/li>\n<li>Nest Doorbell (batterie) (2021)<\/li>\n<li>Nest Doorbell (filaire, 2e g\u00e9n\u00e9ration) (2022)<\/li>\n<li>Nest Doorbell (2K) (2025)<\/li>\n<\/ul>\n<p>Par ailleurs, notez que l\u2019application Google Home fait peau neuve, avec une nouvelle interface plus intuitive reposant sur trois onglets essentiels : Accueil, Activit\u00e9s et Automatisations.<\/p>\n","protected":false},"excerpt":{"rendered":"Google vient de lancer le d\u00e9ploiement de la solution Gemini Home pour ses appareils et la tr\u00e8s bonne&hellip;\n","protected":false},"author":2,"featured_media":433097,"comment_status":"","ping_status":"","sticky":false,"template":"","format":"standard","meta":{"footnotes":""},"categories":[7],"tags":[1011,27,43,40,41,39,42,44],"class_list":{"0":"post-433096","1":"post","2":"type-post","3":"status-publish","4":"format-standard","5":"has-post-thumbnail","7":"category-sciences-et-technologies","8":"tag-fr","9":"tag-france","10":"tag-science","11":"tag-science-and-technology","12":"tag-sciences","13":"tag-sciences-et-technologies","14":"tag-technologies","15":"tag-technology"},"share_on_mastodon":{"url":"https:\/\/pubeurope.com\/@fr\/115303381127053717","error":""},"_links":{"self":[{"href":"https:\/\/www.europesays.com\/fr\/wp-json\/wp\/v2\/posts\/433096","targetHints":{"allow":["GET"]}}],"collection":[{"href":"https:\/\/www.europesays.com\/fr\/wp-json\/wp\/v2\/posts"}],"about":[{"href":"https:\/\/www.europesays.com\/fr\/wp-json\/wp\/v2\/types\/post"}],"author":[{"embeddable":true,"href":"https:\/\/www.europesays.com\/fr\/wp-json\/wp\/v2\/users\/2"}],"replies":[{"embeddable":true,"href":"https:\/\/www.europesays.com\/fr\/wp-json\/wp\/v2\/comments?post=433096"}],"version-history":[{"count":0,"href":"https:\/\/www.europesays.com\/fr\/wp-json\/wp\/v2\/posts\/433096\/revisions"}],"wp:featuredmedia":[{"embeddable":true,"href":"https:\/\/www.europesays.com\/fr\/wp-json\/wp\/v2\/media\/433097"}],"wp:attachment":[{"href":"https:\/\/www.europesays.com\/fr\/wp-json\/wp\/v2\/media?parent=433096"}],"wp:term":[{"taxonomy":"category","embeddable":true,"href":"https:\/\/www.europesays.com\/fr\/wp-json\/wp\/v2\/categories?post=433096"},{"taxonomy":"post_tag","embeddable":true,"href":"https:\/\/www.europesays.com\/fr\/wp-json\/wp\/v2\/tags?post=433096"}],"curies":[{"name":"wp","href":"https:\/\/api.w.org\/{rel}","templated":true}]}}