{"id":433098,"date":"2025-10-02T07:25:10","date_gmt":"2025-10-02T07:25:10","guid":{"rendered":"https:\/\/www.europesays.com\/fr\/433098\/"},"modified":"2025-10-02T07:25:10","modified_gmt":"2025-10-02T07:25:10","slug":"un-gisement-dhydrogene-vert-capable-dalimenter-des-millions-de-foyers","status":"publish","type":"post","link":"https:\/\/www.europesays.com\/fr\/433098\/","title":{"rendered":"un gisement d\u2019hydrog\u00e8ne vert capable d\u2019alimenter des millions de foyers"},"content":{"rendered":"<tr>\n<td><strong>EN BREF<\/strong><\/td>\n<\/tr>\n<tr>\n<td>\n<ul>\n<li>\ud83c\udf0a L\u2019Europe exploite un <strong>tr\u00e9sor sous-marin<\/strong> pour produire de l\u2019hydrog\u00e8ne vert.<\/li>\n<li>\ud83d\udca8 La mer du Nord pourrait g\u00e9n\u00e9rer <strong>300 gigawatts<\/strong> d\u2019\u00e9lectricit\u00e9 \u00e9olienne.<\/li>\n<li>\ud83d\udd27 Les innovations comme le <strong>syst\u00e8me Windcatcher<\/strong> augmentent l\u2019efficacit\u00e9 \u00e9nerg\u00e9tique.<\/li>\n<li>\ud83d\udccb Les <strong>d\u00e9fis r\u00e9glementaires<\/strong> et d\u2019infrastructure freinent le d\u00e9veloppement.<\/li>\n<\/ul>\n<\/td>\n<\/tr>\n<p>L\u2019Europe est en passe de r\u00e9v\u00e9ler ce qu\u2019elle appelle son plus grand \u00ab tr\u00e9sor \u00bb sous-marin, mais ce n\u2019est ni de l\u2019or ni des pierres pr\u00e9cieuses. Sous la mer du Nord, un potentiel immense pour la production d\u2019hydrog\u00e8ne propre se profile. Ce projet ambitieux vise non seulement \u00e0 exploiter l\u2019\u00e9nergie \u00e9olienne, mais aussi \u00e0 transformer cet atout en une ressource \u00e9nerg\u00e9tique verte essentielle pour le continent. En effet, la mer du Nord, connue pour ses plateformes p\u00e9troli\u00e8res et gazi\u00e8res offshore, se tourne d\u00e9sormais vers l\u2019avenir avec l\u2019\u00e9nergie \u00e9olienne. L\u2019objectif ? G\u00e9n\u00e9rer suffisamment d\u2019\u00e9lectricit\u00e9 pour alimenter des millions de foyers et poser les bases de la production d\u2019hydrog\u00e8ne.<\/p>\n<p>La mer du Nord : un potentiel \u00e9olien colossal<\/p>\n<p>La mer du Nord pr\u00e9sente des conditions particuli\u00e8rement favorables pour exploiter l\u2019\u00e9nergie \u00e9olienne \u00e0 grande \u00e9chelle. Les experts estiment qu\u2019il est possible de produire jusqu\u2019\u00e0 300 gigawatts d\u2019\u00e9lectricit\u00e9 \u00e0 partir des parcs \u00e9oliens offshore dans cette r\u00e9gion. Cette capacit\u00e9 impressionnante pourrait alimenter des millions de foyers et fournir la base n\u00e9cessaire pour la production d\u2019hydrog\u00e8ne.<\/p>\n<p>Le processus permettant cette transformation est appel\u00e9 \u00e9lectrolyse. Il s\u2019agit de diviser l\u2019eau de mer en hydrog\u00e8ne et oxyg\u00e8ne gr\u00e2ce \u00e0 l\u2019\u00e9lectricit\u00e9. Lorsque cette \u00e9lectricit\u00e9 provient d\u2019\u00e9oliennes offshore, l\u2019hydrog\u00e8ne produit devient ce que l\u2019on appelle de l\u2019\u00ab hydrog\u00e8ne vert \u00bb. Bien que cette m\u00e9thode existe depuis des ann\u00e9es, l\u2019\u00e9chelle et l\u2019absence d\u2019\u00e9missions de carbone en font une voie r\u00e9aliste pour une d\u00e9carbonisation industrielle en profondeur.<\/p>\n<blockquote class=\"wp-embedded-content\" data-secret=\"iUpqZ8JjUm\">\n<p><a href=\"https:\/\/www.lejournaleconomique.com\/2025\/09\/23\/le-fromage-evolue-sous-nos-yeux-des-scientifiques-decouvrent-une-mutation-genetique-en-direct-dans-une-cave-du-vermont-qui-bouleverse-la-biologie\/\" rel=\"nofollow noopener\" target=\"_blank\">\u00ab Le fromage \u00e9volue sous nos yeux \u00bb : des scientifiques d\u00e9couvrent une mutation g\u00e9n\u00e9tique en direct dans une cave du Vermont qui bouleverse la biologie<\/a><\/p>\n<\/blockquote>\n<p>Les innovations technologiques au c\u0153ur du projet<\/p>\n<p>Les ambitions europ\u00e9ennes pour l&rsquo;hydrog\u00e8ne offshore reposent en grande partie sur l&rsquo;innovation technologique. Parmi les d\u00e9veloppements les plus notables, on trouve le syst\u00e8me Windcatcher. Cette structure flottante innovante, compos\u00e9e de plusieurs turbines \u00e9oliennes dispos\u00e9es verticalement, capte plus de vent par m\u00e8tre carr\u00e9 que les turbines \u00e0 axe horizontal traditionnelles. Cela se traduit par une augmentation \u00e0 la fois de la production et de l&rsquo;efficacit\u00e9.<\/p>\n<p>Con\u00e7u pour r\u00e9sister aux conditions offshore difficiles, le syst\u00e8me minimise l&rsquo;impact sur le fond marin tout en r\u00e9duisant les co\u00fbts de maintenance, un aspect critique pour les installations \u00e9loign\u00e9es des c\u00f4tes. Ces innovations rendent la production d&rsquo;hydrog\u00e8ne vert offshore non seulement techniquement viable, mais aussi \u00e9conomiquement attrayante \u00e0 long terme. Bien que prometteur, le chemin vers une adoption g\u00e9n\u00e9ralis\u00e9e reste sem\u00e9 d&#8217;emb\u00fbches, n\u00e9cessitant une coordination \u00e9troite entre gouvernements, entreprises priv\u00e9es et op\u00e9rateurs \u00e9nerg\u00e9tiques.<\/p>\n<blockquote class=\"wp-embedded-content\" data-secret=\"L2RccXT5Lr\">\n<p><a href=\"https:\/\/www.lejournaleconomique.com\/2025\/09\/27\/la-technologie-manipule-vos-donnees-de-recherche-ces-algorithmes-secrets-qui-transforment-la-science-et-cachent-la-verite-aux-chercheurs\/\" rel=\"nofollow noopener\" target=\"_blank\">\u00ab La technologie manipule vos donn\u00e9es de recherche \u00bb : ces algorithmes secrets qui transforment la science et cachent la v\u00e9rit\u00e9 aux chercheurs<\/a><\/p>\n<\/blockquote>\n<p>Les d\u00e9fis r\u00e9glementaires et infrastructurels<\/p>\n<p>Malgr\u00e9 son potentiel, la transition vers l&rsquo;hydrog\u00e8ne vert en Europe fait face \u00e0 de nombreux obstacles, notamment en mati\u00e8re d&rsquo;infrastructure et de r\u00e9glementation. Les investissements initiaux \u00e9lev\u00e9s pour construire des plateformes offshore, des usines d&rsquo;\u00e9lectrolyse et des r\u00e9seaux de transmission sous-marins repr\u00e9sentent un frein majeur. Parall\u00e8lement, la complexit\u00e9 bureaucratique ralentit les avanc\u00e9es avant m\u00eame le d\u00e9but de la construction.<\/p>\n<p>La diversit\u00e9 des r\u00e9gimes r\u00e9glementaires au sein des \u00c9tats membres de l&rsquo;UE complique encore la t\u00e2che. Chaque pays progresse \u00e0 son propre rythme avec des politiques \u00e9nerg\u00e9tiques vari\u00e9es, rendant difficile la mise en \u0153uvre rapide de projets transfrontaliers \u00e0 grande \u00e9chelle. Les permis, les autorisations environnementales et les lois de zonage maritime varient d&rsquo;une nation \u00e0 l&rsquo;autre, ralentissant les progr\u00e8s et cr\u00e9ant des d\u00e9fis de coordination.<\/p>\n<blockquote class=\"wp-embedded-content\" data-secret=\"42OdrkucHq\">\n<p><a href=\"https:\/\/www.lejournaleconomique.com\/2025\/08\/30\/la-marque-admet-notre-erreur-strategique-effraie-les-citoyens-sinquietent-pour-lavenir-des-voitures-electriques\/\" rel=\"nofollow noopener\" target=\"_blank\">La marque admet : \u00ab notre erreur strat\u00e9gique effraie \u00bb ; les citoyens s\u2019inqui\u00e8tent pour l\u2019avenir des voitures \u00e9lectriques<\/a><\/p>\n<\/blockquote>\n<p>Une ambition europ\u00e9enne face \u00e0 des d\u00e9fis globaux<\/p>\n<p>En d\u00e9pit des obstacles, l&rsquo;Europe continue de viser haut avec ses ambitions pour l&rsquo;hydrog\u00e8ne vert. Cependant, pour que cette vision devienne r\u00e9alit\u00e9, il est essentiel d&rsquo;harmoniser les politiques entre les diff\u00e9rents acteurs. Les gouvernements nationaux, les entreprises \u00e9nerg\u00e9tiques et les agences environnementales doivent travailler ensemble pour surmonter les barri\u00e8res actuelles. Sans un cadre politique unifi\u00e9 et coop\u00e9ratif, les projets de renouvelables, y compris ceux li\u00e9s \u00e0 l&rsquo;hydrog\u00e8ne, risquent de conna\u00eetre des retards significatifs.<\/p>\n<p>En fin de compte, l&rsquo;Europe est-elle pr\u00eate \u00e0 surmonter ces d\u00e9fis pour transformer la mer du Nord en une source majeure d&rsquo;hydrog\u00e8ne vert ? Les efforts de collaboration entre les secteurs public et priv\u00e9 permettront-ils de lever les obstacles r\u00e9glementaires et d&rsquo;infrastructure ?<\/p>\n<p>Cet article s\u2019appuie sur des sources v\u00e9rifi\u00e9es et l\u2019assistance de technologies \u00e9ditoriales.<\/p>\n<p id=\"rating\">\u00c7a vous a plu ?\u00a04.3\/5 (28)<\/p>\n","protected":false},"excerpt":{"rendered":"EN BREF \ud83c\udf0a L\u2019Europe exploite un tr\u00e9sor sous-marin pour produire de l\u2019hydrog\u00e8ne vert. \ud83d\udca8 La mer du Nord&hellip;\n","protected":false},"author":2,"featured_media":433099,"comment_status":"","ping_status":"","sticky":false,"template":"","format":"standard","meta":{"footnotes":""},"categories":[6],"tags":[35,33,34,1011,27],"class_list":{"0":"post-433098","1":"post","2":"type-post","3":"status-publish","4":"format-standard","5":"has-post-thumbnail","7":"category-economie","8":"tag-business","9":"tag-economie","10":"tag-economy","11":"tag-fr","12":"tag-france"},"share_on_mastodon":{"url":"https:\/\/pubeurope.com\/@fr\/115303384630380589","error":""},"_links":{"self":[{"href":"https:\/\/www.europesays.com\/fr\/wp-json\/wp\/v2\/posts\/433098","targetHints":{"allow":["GET"]}}],"collection":[{"href":"https:\/\/www.europesays.com\/fr\/wp-json\/wp\/v2\/posts"}],"about":[{"href":"https:\/\/www.europesays.com\/fr\/wp-json\/wp\/v2\/types\/post"}],"author":[{"embeddable":true,"href":"https:\/\/www.europesays.com\/fr\/wp-json\/wp\/v2\/users\/2"}],"replies":[{"embeddable":true,"href":"https:\/\/www.europesays.com\/fr\/wp-json\/wp\/v2\/comments?post=433098"}],"version-history":[{"count":0,"href":"https:\/\/www.europesays.com\/fr\/wp-json\/wp\/v2\/posts\/433098\/revisions"}],"wp:featuredmedia":[{"embeddable":true,"href":"https:\/\/www.europesays.com\/fr\/wp-json\/wp\/v2\/media\/433099"}],"wp:attachment":[{"href":"https:\/\/www.europesays.com\/fr\/wp-json\/wp\/v2\/media?parent=433098"}],"wp:term":[{"taxonomy":"category","embeddable":true,"href":"https:\/\/www.europesays.com\/fr\/wp-json\/wp\/v2\/categories?post=433098"},{"taxonomy":"post_tag","embeddable":true,"href":"https:\/\/www.europesays.com\/fr\/wp-json\/wp\/v2\/tags?post=433098"}],"curies":[{"name":"wp","href":"https:\/\/api.w.org\/{rel}","templated":true}]}}