{"id":433105,"date":"2025-10-02T07:29:16","date_gmt":"2025-10-02T07:29:16","guid":{"rendered":"https:\/\/www.europesays.com\/fr\/433105\/"},"modified":"2025-10-02T07:29:16","modified_gmt":"2025-10-02T07:29:16","slug":"un-narcolivreur-interpelle-a-la-talaudiere-apres-un-refus-dobtemperer","status":"publish","type":"post","link":"https:\/\/www.europesays.com\/fr\/433105\/","title":{"rendered":"Un \u00ab\u00a0narcolivreur\u00a0\u00bb interpell\u00e9 \u00e0 La Talaudi\u00e8re apr\u00e8s un refus d&rsquo;obtemp\u00e9rer"},"content":{"rendered":"\n<p>Dimanche 14 septembre, vers 17h, les gendarmes du PSIG de Saint-Chamond ont voulu contr\u00f4ler un v\u00e9hicule sans assurance \u00e0 Sorbiers lorsque le conducteur s&rsquo;est soudainement mis \u00e0 acc\u00e9l\u00e9rer direction La Talaudi\u00e8re. Dans sa course, il percute un grillage, une borne de gaz et un autre v\u00e9hicule avant de tenter de prendre la fuite \u00e0 pied.<\/p>\n<p>Finalement interpell\u00e9 par les forces de l&rsquo;ordre, 300 grammes de r\u00e9sine de cannabis et pr\u00e8s de 1300 euros ont \u00e9t\u00e9 retrouv\u00e9s dans le v\u00e9hicule du fuyard. Il a \u00e9t\u00e9 pr\u00e9sent\u00e9 \u00e0 la justice et condamn\u00e9 \u00e0 une peine de prison. L\u2019argent trouv\u00e9 a \u00e9t\u00e9 remis aux tr\u00e9sors publics pour apurer une partie de sa dette fiscale.<\/p>\n","protected":false},"excerpt":{"rendered":"Dimanche 14 septembre, vers 17h, les gendarmes du PSIG de Saint-Chamond ont voulu contr\u00f4ler un v\u00e9hicule sans assurance&hellip;\n","protected":false},"author":2,"featured_media":433106,"comment_status":"","ping_status":"","sticky":false,"template":"","format":"standard","meta":{"footnotes":""},"categories":[9653],"tags":[1111,11,2441,2430,1052,1777,674,1011,27,3381,56115,3367,56114,12,25,4001],"class_list":{"0":"post-433105","1":"post","2":"type-post","3":"status-publish","4":"format-standard","5":"has-post-thumbnail","7":"category-saint-etienne","8":"tag-actu","9":"tag-actualites","10":"tag-arrestation","11":"tag-auvergne-rhone-alpes","12":"tag-drogue","13":"tag-eu","14":"tag-europe","15":"tag-fr","16":"tag-france","17":"tag-gendarmerie","18":"tag-la_talaudiere","19":"tag-loire","20":"tag-narcolivreur","21":"tag-news","22":"tag-republique-francaise","23":"tag-saint-etienne"},"share_on_mastodon":{"url":"https:\/\/pubeurope.com\/@fr\/115303400509214178","error":""},"_links":{"self":[{"href":"https:\/\/www.europesays.com\/fr\/wp-json\/wp\/v2\/posts\/433105","targetHints":{"allow":["GET"]}}],"collection":[{"href":"https:\/\/www.europesays.com\/fr\/wp-json\/wp\/v2\/posts"}],"about":[{"href":"https:\/\/www.europesays.com\/fr\/wp-json\/wp\/v2\/types\/post"}],"author":[{"embeddable":true,"href":"https:\/\/www.europesays.com\/fr\/wp-json\/wp\/v2\/users\/2"}],"replies":[{"embeddable":true,"href":"https:\/\/www.europesays.com\/fr\/wp-json\/wp\/v2\/comments?post=433105"}],"version-history":[{"count":0,"href":"https:\/\/www.europesays.com\/fr\/wp-json\/wp\/v2\/posts\/433105\/revisions"}],"wp:featuredmedia":[{"embeddable":true,"href":"https:\/\/www.europesays.com\/fr\/wp-json\/wp\/v2\/media\/433106"}],"wp:attachment":[{"href":"https:\/\/www.europesays.com\/fr\/wp-json\/wp\/v2\/media?parent=433105"}],"wp:term":[{"taxonomy":"category","embeddable":true,"href":"https:\/\/www.europesays.com\/fr\/wp-json\/wp\/v2\/categories?post=433105"},{"taxonomy":"post_tag","embeddable":true,"href":"https:\/\/www.europesays.com\/fr\/wp-json\/wp\/v2\/tags?post=433105"}],"curies":[{"name":"wp","href":"https:\/\/api.w.org\/{rel}","templated":true}]}}