{"id":433107,"date":"2025-10-02T07:30:14","date_gmt":"2025-10-02T07:30:14","guid":{"rendered":"https:\/\/www.europesays.com\/fr\/433107\/"},"modified":"2025-10-02T07:30:14","modified_gmt":"2025-10-02T07:30:14","slug":"suivez-les-manifestations-a-saint-etienne-roanne-et-le-puy-en-velay","status":"publish","type":"post","link":"https:\/\/www.europesays.com\/fr\/433107\/","title":{"rendered":"suivez les manifestations \u00e0 Saint-Etienne, Roanne et Le Puy-en-Velay"},"content":{"rendered":"<p>Ils esp\u00e8rent une \u00ab nouvelle journ\u00e9e d&rsquo;ampleur car la mobilisation et la col\u00e8re montent en puissance\u00a0\u00bb. La CFDT, la CGT, FO, FSU, Solidaires, Sud, Unsa, CFE\/CGC, CFTC et CNT appellent aujourd&rsquo;hui encore \u00e0 manifester, pour r\u00e9clamer l&rsquo;abandon des mesures pr\u00e9vues dans le projet de budget 2026, mais aussi la revalorisation des r\u00e9mun\u00e9rations, la cr\u00e9ation de postes suppl\u00e9mentaires et l&rsquo;abrogation de la r\u00e9forme des retraites.<\/p>\n<p>Cette journ\u00e9e de mobilisation nationale sera un test avant la pr\u00e9sentation du projet de loi de finances, sur lequel planche le Premier ministre <a href=\"https:\/\/www.leprogres.fr\/p\/sebastien-lecornu\" target=\"_blank\" rel=\"noopener\">S\u00e9bastien Lecornu<\/a>.<\/p>\n<p>Alors, l&rsquo;intersyndicale esp\u00e8re compter au moins autant de manifestants que le 18 septembre. Ce jour-l\u00e0, ils \u00e9taient, selon nos estimations, <a href=\"https:\/\/www.leprogres.fr\/social\/2025\/09\/18\/des-milliers-de-manifestants-pour-nous-mettre-dans-la-rue-il-faut-en-vouloir\" target=\"_blank\" rel=\"noopener\">pr\u00e8s de 10 000 \u00e0 d\u00e9filer \u00e0 Saint-Etienne<\/a>, <a href=\"https:\/\/www.leprogres.fr\/politique\/2025\/09\/18\/plusieurs-milliers-de-manifestants-et-presque-autant-de-revendications-dans-le-cortege-roannais\" target=\"_blank\" rel=\"noopener\">plus de 2000 \u00e0 Roanne<\/a> (3000 selon les syndicats) et <a href=\"https:\/\/www.leprogres.fr\/social\/2025\/09\/18\/greve-et-manifestation-on-a-l-impression-que-dire-non-ne-suffit-plus\" target=\"_blank\" rel=\"noopener\">environ 1200 au Puy-en-Velay<\/a>.<\/p>\n<p>Une semaine plus t\u00f4t, le mouvement \u00ab\u00a0Bloquons tout\u00a0\u00bb avait fait moins\u00a0: 4000 personnes \u00e0 Saint-Etienne au plus fort de la journ\u00e9e, 1400 \u00e0 Roanne et 300 au Puy-en-Velay.<\/p>\n","protected":false},"excerpt":{"rendered":"Ils esp\u00e8rent une \u00ab nouvelle journ\u00e9e d&rsquo;ampleur car la mobilisation et la col\u00e8re montent en puissance\u00a0\u00bb. La CFDT,&hellip;\n","protected":false},"author":2,"featured_media":433108,"comment_status":"","ping_status":"","sticky":false,"template":"","format":"standard","meta":{"footnotes":""},"categories":[9653],"tags":[1111,11,2430,10446,16734,7539,1777,674,107,1011,27,4002,3367,12,316,25,137,4001,801],"class_list":{"0":"post-433107","1":"post","2":"type-post","3":"status-publish","4":"format-standard","5":"has-post-thumbnail","7":"category-saint-etienne","8":"tag-actu","9":"tag-actualites","10":"tag-auvergne-rhone-alpes","11":"tag-edition-haute-loire","12":"tag-edition-loire-nord","13":"tag-edition-loire-sud","14":"tag-eu","15":"tag-europe","16":"tag-fil-info","17":"tag-fr","18":"tag-france","19":"tag-haute-loire","20":"tag-loire","21":"tag-news","22":"tag-politique","23":"tag-republique-francaise","24":"tag-retraite","25":"tag-saint-etienne","26":"tag-social"},"share_on_mastodon":{"url":"https:\/\/pubeurope.com\/@fr\/115303404175615080","error":""},"_links":{"self":[{"href":"https:\/\/www.europesays.com\/fr\/wp-json\/wp\/v2\/posts\/433107","targetHints":{"allow":["GET"]}}],"collection":[{"href":"https:\/\/www.europesays.com\/fr\/wp-json\/wp\/v2\/posts"}],"about":[{"href":"https:\/\/www.europesays.com\/fr\/wp-json\/wp\/v2\/types\/post"}],"author":[{"embeddable":true,"href":"https:\/\/www.europesays.com\/fr\/wp-json\/wp\/v2\/users\/2"}],"replies":[{"embeddable":true,"href":"https:\/\/www.europesays.com\/fr\/wp-json\/wp\/v2\/comments?post=433107"}],"version-history":[{"count":0,"href":"https:\/\/www.europesays.com\/fr\/wp-json\/wp\/v2\/posts\/433107\/revisions"}],"wp:featuredmedia":[{"embeddable":true,"href":"https:\/\/www.europesays.com\/fr\/wp-json\/wp\/v2\/media\/433108"}],"wp:attachment":[{"href":"https:\/\/www.europesays.com\/fr\/wp-json\/wp\/v2\/media?parent=433107"}],"wp:term":[{"taxonomy":"category","embeddable":true,"href":"https:\/\/www.europesays.com\/fr\/wp-json\/wp\/v2\/categories?post=433107"},{"taxonomy":"post_tag","embeddable":true,"href":"https:\/\/www.europesays.com\/fr\/wp-json\/wp\/v2\/tags?post=433107"}],"curies":[{"name":"wp","href":"https:\/\/api.w.org\/{rel}","templated":true}]}}