{"id":433127,"date":"2025-10-02T07:45:13","date_gmt":"2025-10-02T07:45:13","guid":{"rendered":"https:\/\/www.europesays.com\/fr\/433127\/"},"modified":"2025-10-02T07:45:13","modified_gmt":"2025-10-02T07:45:13","slug":"plusieurs-tentatives-de-blocage-recensees-ce-matin-suivez-la-situation","status":"publish","type":"post","link":"https:\/\/www.europesays.com\/fr\/433127\/","title":{"rendered":"plusieurs tentatives de blocage recens\u00e9es ce matin, suivez la situation"},"content":{"rendered":"<p>            Par<br \/>\n        <strong><br \/>\n            <a href=\"https:\/\/actu.fr\/auteur\/laurene-fertin\" title=\"Consulter tous les articles de Laur\u00e8ne Fertin\" target=\"_blank\" rel=\"noopener\">Laur\u00e8ne Fertin<\/a><br \/>\n        <\/strong><\/p>\n<p>        Publi\u00e9 le<\/p>\n<p>            2 oct. 2025 \u00e0 8h07        <\/p>\n<p>Apr\u00e8s la premi\u00e8re journ\u00e9e de mobilisation du <a href=\"https:\/\/actu.fr\/bretagne\/rennes_35238\/10-septembre-a-rennes-rocade-bloquee-bus-incendie-interpellations-ce-qu-il-faut-retenir-de-cette-journee_63145725.html\" target=\"_blank\" rel=\"noopener\">mercredi 10\u00a0septembre<\/a>, puis celle du <a href=\"https:\/\/actu.fr\/bretagne\/rennes_35238\/direct-greve-du-jeudi-18-septembre-a-rennes-5-000-personnes-dans-les-rues-de-rennes-avant-le-top-depart_63178711.html\" target=\"_blank\" rel=\"noopener\">jeudi 18\u00a0septembre 2025<\/a>, <strong>un nouvel appel<\/strong> a \u00e9t\u00e9 lanc\u00e9 pour faire <strong>gr\u00e8ve,<\/strong> <strong>ce jeudi 2\u00a0octobre.<\/strong><\/p>\n<p class=\" wall-content\">Un mois apr\u00e8s le lancement du mouvement \u00ab\u2009Bloquons tout\u2009\u00bb, \u00e0 quoi doit-on s\u2019attendre aujourd\u2019hui\u2009? <strong>Circulation, blocages, manifestation<\/strong> dans le centre-ville\u2026 Les journalistes de la r\u00e9daction d\u2019actu Rennes sont, une nouvelle fois, pleinement mobilis\u00e9s pour vous informer\u2009: suivez avec nous ce direct.<\/p>\n<p class=\" wall-content\"><strong>9h15<\/strong> \u2013 Selon les derniers \u00e9l\u00e9ments fournis par la pr\u00e9fecture, <strong>une op\u00e9ration de tractage<\/strong> men\u00e9 \u00e0 <strong>Thorign\u00e9-Fouillard,<\/strong> g\u00eanant la circulation, a \u00e9t\u00e9 lev\u00e9e.<\/p>\n<p class=\" wall-content\">Par ailleurs, l\u2019int\u00e9rieur de l\u2019\u00e9tablissement <strong>Jean Mac\u00e9<\/strong> est actuellement <strong>bloqu\u00e9.<\/strong> <strong>Sciences Po Rennes a \u00e9t\u00e9 d\u00e9bloqu\u00e9<\/strong> mais l\u2019\u00e9tablissement reste, pour le moment, <strong>ferm\u00e9.<\/strong> Les cours sont effectu\u00e9s \u00e0 distance. Enfin, <strong>trois autres lyc\u00e9es ont \u00e9t\u00e9 d\u00e9bloqu\u00e9s.<\/strong><\/p>\n<p class=\" wall-content\"><strong>8h45<\/strong> \u2013 Selon nos informations, <strong>une dizaine d\u2019\u00e9tudiants<\/strong> a tent\u00e9 de bloquer les acc\u00e8s de <strong>l\u2019universit\u00e9 Rennes 1<\/strong>, en soutien \u00e0 la flottille humanitaire pour Gaza r\u00e9cemment intercept\u00e9e. \u00ab\u00a0Les manifestants ont fait <strong>sonner les alarmes incendie<\/strong> pour faire \u00e9vacuer les b\u00e2timents. Des tables avaient \u00e9t\u00e9 plac\u00e9es aux entr\u00e9es, mais elles ont rapidement \u00e9t\u00e9 d\u00e9plac\u00e9es par d\u2019autres \u00e9tudiants. <strong>Les cours se poursuivent normalement\u00a0\u00bb,<\/strong> rapporte un \u00e9l\u00e8ve.\u00a0<\/p>\n<p class=\" wall-content\"><strong>8h20<\/strong> \u2013 Voici <strong>les blocages<\/strong> et <strong>tentatives<\/strong> de blocage recens\u00e9es par la pr\u00e9fecture :\u00a0<\/p>\n<ul class=\" wall-content\">\n<li>Campus Beaulieu : blocage d\u2019un b\u00e2timent administratif mais le campus est ouvert ;<\/li>\n<li>Campus Rennes 2 : blocage d\u2019un b\u00e2timent mais le campus est ouvert ;<\/li>\n<li>Lyc\u00e9e Jean Mac\u00e9 : blocage en cours \u00e0 l\u2019int\u00e9rieur de l\u2019\u00e9tablissement ;<\/li>\n<li>Lyc\u00e9e Victor et H\u00e9l\u00e8ne Basch : filtrage de l\u2019entr\u00e9e mais les \u00e9l\u00e8ves ont pu entrer \u00e0 8h ;<\/li>\n<li>Sciences Po : tentative de blocage.<\/li>\n<\/ul>\n<p>Votre r\u00e9gion, votre actu !<\/p>\n<p>Recevez chaque jour les infos qui comptent pour vous.<\/p>\n<p>\t<a href=\"https:\/\/actu.fr\/newsletter\" class=\"ac-btn ac-btn--corner ac-btn--medium ac-btn--blue800\" target=\"_blank\" rel=\"noopener\">S&rsquo;incrire<\/a><\/p>\n<p class=\" wall-content\"><strong>7h45<\/strong> \u2013 La pr\u00e9fecture indique que <strong>deux lyc\u00e9es<\/strong> sont actuellement <strong>bloqu\u00e9s<\/strong> :\u00a0<\/p>\n<ul class=\" wall-content\">\n<li>le lyc\u00e9e Victor et H\u00e9l\u00e8ne Basch ;<\/li>\n<li>\u2060le lyc\u00e9e professionnel Co\u00ebtlogon.<\/li>\n<\/ul>\n<p class=\" wall-content\">Selon notre journaliste pr\u00e9sent au lyc\u00e9e Victor et H\u00e9l\u00e8ne Basch, <strong>un tir de gaz lacrymog\u00e8ne<\/strong> a \u00e9t\u00e9 lanc\u00e9 par les forces de l\u2019ordre.<\/p>\n<p class=\" wall-content\">Par ailleurs, une <strong>personne<\/strong> a \u00e9t\u00e9 <strong>interpell\u00e9e\u00a0<\/strong>au niveau de la station de m\u00e9tro Villejean.<\/p>\n<p>    <img   decoding=\"async\" loading=\"lazy\" src=\"https:\/\/www.europesays.com\/fr\/wp-content\/uploads\/2025\/10\/image-20251002-090721-711-960x640.jpeg\" alt=\"Une personne a \u00e9t\u00e9 interpell\u00e9e par les forces de l'ordre au petit matin, ce jeudi 2 octobre 2025.\" width=\"960\" height=\"640\"\/><br \/>\n    Une personne a \u00e9t\u00e9 interpell\u00e9e par les forces de l\u2019ordre au petit matin, ce jeudi 2 octobre 2025. (\u00a9Brian Le Goff \/ actu Rennes)<\/p>\n<p class=\" wall-content\"><strong>7h30 \u2013<\/strong> \u00ab\u2009En plus des manifestations \u00e0 Rennes\u2009\u00bb indique <a href=\"https:\/\/actu.fr\/bretagne\/rennes_35238\/fabrice-lerestif-secretaire-force-ouvriere-ille-et-vilaine-vivre-c-est-lutter_60461735.html\" target=\"_blank\" rel=\"noopener\">Fabrice Lerestif,<\/a> secr\u00e9taire g\u00e9n\u00e9ral de l\u2019union d\u00e9partementale Force Ouvri\u00e8re 35, des rassemblements dans les villes de <strong>Saint-Malo, Redon, Foug\u00e8res,<\/strong> <strong>Vitr\u00e9<\/strong> et <strong>Montfort-sur-Meu<\/strong> (d\u00e8s 18h, place de la gare, pour cette derni\u00e8re commune) sont organis\u00e9s.<\/p>\n<p class=\" wall-content\"><strong>7h \u2013 D\u00e8s 13h,<\/strong> cet apr\u00e8s-midi, \u00e0 l\u2019appel de l\u2019intersyndicale (FO, la CFDT, CFE-CGC, FSE, FSU, Unsa fonction publique et Solidaires fonction publique) une manifestation aura lieu au d\u00e9part Charles-de-Gaulle.<\/p>\n<p class=\" wall-content\">Le mouvement <strong>Bloquons tout 35<\/strong> a d\u2019ailleurs pr\u00e9cis\u00e9 qu\u2019il se placerait en t\u00eate de cort\u00e8ge, comme lors de la pr\u00e9c\u00e9dente manifestation \u00e0 Rennes.<\/p>\n<p class=\" wall-content\"><strong>6h30 \u2013<\/strong> <strong>Trois rassemblements<\/strong> sont pr\u00e9vus \u00e0 Rennes d\u00e8s 11h\u2009:<\/p>\n<ul class=\" wall-content\">\n<li><strong>\u00e0 R\u00e9publique<\/strong> pour les salari\u00e9s de La Poste, des t\u00e9l\u00e9communications, du commerce, du spectacle, de la culture et de l\u2019industrie\u2009;<\/li>\n<li><strong>\u00e0 la gare<\/strong>, pour les cheminots, le secteur du transport et de l\u2019\u00e9nergie\u2009;<\/li>\n<li><strong>\u00e0\u00a0Villejean<\/strong>\u00a0au niveau de Rennes 2, pour les services publics, l\u2019enseignement, la sant\u00e9, l\u2019action sociale et les organismes sociaux, les \u00e9tudiants et les paysans.<\/li>\n<\/ul>\n<p class=\" wall-content\">Personnalisez votre actualit\u00e9 en ajoutant vos villes et m\u00e9dias en favori avec <a href=\"https:\/\/moncompte.actu.fr\" title=\"D\u00e9couvez Mon Actu\" rel=\"nofollow noopener\" data-trk=\"{&quot;cta&quot;:{&quot;action&quot;:&quot;https:\\\/\\\/moncompte.actu.fr&quot;,&quot;category&quot;:&quot;mon compte&quot;,&quot;from&quot;:&quot;article footer&quot;,&quot;name&quot;:&quot;Mon actu&quot;,&quot;type&quot;:&quot;cta&quot;}}\" target=\"_blank\">Mon Actu<\/a>.<\/p>\n","protected":false},"excerpt":{"rendered":"Par Laur\u00e8ne Fertin Publi\u00e9 le 2 oct. 2025 \u00e0 8h07 Apr\u00e8s la premi\u00e8re journ\u00e9e de mobilisation du mercredi&hellip;\n","protected":false},"author":2,"featured_media":433128,"comment_status":"","ping_status":"","sticky":false,"template":"","format":"standard","meta":{"footnotes":""},"categories":[2821],"tags":[1111,11,829,1777,674,1011,27,54872,1272,12,584,25,104],"class_list":{"0":"post-433127","1":"post","2":"type-post","3":"status-publish","4":"format-standard","5":"has-post-thumbnail","7":"category-rennes","8":"tag-actu","9":"tag-actualites","10":"tag-bretagne","11":"tag-eu","12":"tag-europe","13":"tag-fr","14":"tag-france","15":"tag-greve-du-2-octobre-2025","16":"tag-manifestations","17":"tag-news","18":"tag-rennes","19":"tag-republique-francaise","20":"tag-societe"},"share_on_mastodon":{"url":"https:\/\/pubeurope.com\/@fr\/115303463354227231","error":""},"_links":{"self":[{"href":"https:\/\/www.europesays.com\/fr\/wp-json\/wp\/v2\/posts\/433127","targetHints":{"allow":["GET"]}}],"collection":[{"href":"https:\/\/www.europesays.com\/fr\/wp-json\/wp\/v2\/posts"}],"about":[{"href":"https:\/\/www.europesays.com\/fr\/wp-json\/wp\/v2\/types\/post"}],"author":[{"embeddable":true,"href":"https:\/\/www.europesays.com\/fr\/wp-json\/wp\/v2\/users\/2"}],"replies":[{"embeddable":true,"href":"https:\/\/www.europesays.com\/fr\/wp-json\/wp\/v2\/comments?post=433127"}],"version-history":[{"count":0,"href":"https:\/\/www.europesays.com\/fr\/wp-json\/wp\/v2\/posts\/433127\/revisions"}],"wp:featuredmedia":[{"embeddable":true,"href":"https:\/\/www.europesays.com\/fr\/wp-json\/wp\/v2\/media\/433128"}],"wp:attachment":[{"href":"https:\/\/www.europesays.com\/fr\/wp-json\/wp\/v2\/media?parent=433127"}],"wp:term":[{"taxonomy":"category","embeddable":true,"href":"https:\/\/www.europesays.com\/fr\/wp-json\/wp\/v2\/categories?post=433127"},{"taxonomy":"post_tag","embeddable":true,"href":"https:\/\/www.europesays.com\/fr\/wp-json\/wp\/v2\/tags?post=433127"}],"curies":[{"name":"wp","href":"https:\/\/api.w.org\/{rel}","templated":true}]}}