{"id":433133,"date":"2025-10-02T07:48:15","date_gmt":"2025-10-02T07:48:15","guid":{"rendered":"https:\/\/www.europesays.com\/fr\/433133\/"},"modified":"2025-10-02T07:48:15","modified_gmt":"2025-10-02T07:48:15","slug":"les-galeries-lafayette-de-strasbourg-organisent-un-job-dating-pour-recruter","status":"publish","type":"post","link":"https:\/\/www.europesays.com\/fr\/433133\/","title":{"rendered":"les Galeries Lafayette de Strasbourg organisent un job dating pour recruter"},"content":{"rendered":"<p>            Par<br \/>\n        <strong><br \/>\n            <a href=\"https:\/\/actu.fr\/auteur\/ivan-capecchi\" title=\"Consulter tous les articles de Ivan CAPECCHI\" target=\"_blank\" rel=\"noopener\">Ivan CAPECCHI<\/a><br \/>\n        <\/strong><\/p>\n<p>        Publi\u00e9 le<\/p>\n<p>            2 oct. 2025 \u00e0 9h41        <\/p>\n<p>Mardi 7 octobre 2025, de 14h \u00e0 19h, les <strong>Galeries Lafayette de Strasbourg<\/strong> organiseront un <strong>job dating<\/strong> pour recruter \u00ab\u00a0leurs nouveaux talents\u00a0\u00bb.<\/p>\n<p>Les Galeries Lafayette de Strasbourg recrutent : plusieurs emplois propos\u00e9s<\/p>\n<p class=\" wall-content\">Les <a href=\"https:\/\/actu.fr\/tag\/emploi\" target=\"_blank\" rel=\"noopener\">emplois<\/a> propos\u00e9s sont les suivants :\u00a0<\/p>\n<ul class=\" wall-content\">\n<li>Conseillers de vente F\/H<\/li>\n<li>H\u00f4tes de caisse F\/H<\/li>\n<li>Employ\u00e9s service client F\/H<\/li>\n<li>Employ\u00e9s technique &amp; maintenance F\/H<\/li>\n<\/ul>\n<p>Pensez \u00e0 ramener votre CV<\/p>\n<p class=\" wall-content\">Le job dating sera organis\u00e9 au <strong>rez-de-chauss\u00e9e des Galeries Lafayette<\/strong>, au niveau de la mont\u00e9e des escalators.\u00a0<\/p>\n<p class=\" wall-content\">Le rendez-vous est <strong>sans inscription<\/strong>.<\/p>\n<p class=\" wall-content\">Pensez \u00e0 venir avec votre <strong>CV<\/strong>.\u00a0<\/p>\n<p class=\" wall-content\">Personnalisez votre actualit\u00e9 en ajoutant vos villes et m\u00e9dias en favori avec <a href=\"https:\/\/moncompte.actu.fr\" title=\"D\u00e9couvez Mon Actu\" rel=\"nofollow noopener\" data-trk=\"{&quot;cta&quot;:{&quot;action&quot;:&quot;https:\\\/\\\/moncompte.actu.fr&quot;,&quot;category&quot;:&quot;mon compte&quot;,&quot;from&quot;:&quot;article footer&quot;,&quot;name&quot;:&quot;Mon actu&quot;,&quot;type&quot;:&quot;cta&quot;}}\" target=\"_blank\">Mon Actu<\/a>.<\/p>\n","protected":false},"excerpt":{"rendered":"Par Ivan CAPECCHI Publi\u00e9 le 2 oct. 2025 \u00e0 9h41 Mardi 7 octobre 2025, de 14h \u00e0 19h,&hellip;\n","protected":false},"author":2,"featured_media":433134,"comment_status":"","ping_status":"","sticky":false,"template":"","format":"standard","meta":{"footnotes":""},"categories":[2820],"tags":[1111,11,341,1777,674,1011,27,775,12,25,104,640],"class_list":{"0":"post-433133","1":"post","2":"type-post","3":"status-publish","4":"format-standard","5":"has-post-thumbnail","7":"category-strasbourg","8":"tag-actu","9":"tag-actualites","10":"tag-emploi","11":"tag-eu","12":"tag-europe","13":"tag-fr","14":"tag-france","15":"tag-grand-est","16":"tag-news","17":"tag-republique-francaise","18":"tag-societe","19":"tag-strasbourg"},"share_on_mastodon":{"url":"https:\/\/pubeurope.com\/@fr\/115303475024836640","error":""},"_links":{"self":[{"href":"https:\/\/www.europesays.com\/fr\/wp-json\/wp\/v2\/posts\/433133","targetHints":{"allow":["GET"]}}],"collection":[{"href":"https:\/\/www.europesays.com\/fr\/wp-json\/wp\/v2\/posts"}],"about":[{"href":"https:\/\/www.europesays.com\/fr\/wp-json\/wp\/v2\/types\/post"}],"author":[{"embeddable":true,"href":"https:\/\/www.europesays.com\/fr\/wp-json\/wp\/v2\/users\/2"}],"replies":[{"embeddable":true,"href":"https:\/\/www.europesays.com\/fr\/wp-json\/wp\/v2\/comments?post=433133"}],"version-history":[{"count":0,"href":"https:\/\/www.europesays.com\/fr\/wp-json\/wp\/v2\/posts\/433133\/revisions"}],"wp:featuredmedia":[{"embeddable":true,"href":"https:\/\/www.europesays.com\/fr\/wp-json\/wp\/v2\/media\/433134"}],"wp:attachment":[{"href":"https:\/\/www.europesays.com\/fr\/wp-json\/wp\/v2\/media?parent=433133"}],"wp:term":[{"taxonomy":"category","embeddable":true,"href":"https:\/\/www.europesays.com\/fr\/wp-json\/wp\/v2\/categories?post=433133"},{"taxonomy":"post_tag","embeddable":true,"href":"https:\/\/www.europesays.com\/fr\/wp-json\/wp\/v2\/tags?post=433133"}],"curies":[{"name":"wp","href":"https:\/\/api.w.org\/{rel}","templated":true}]}}