{"id":433143,"date":"2025-10-02T07:53:10","date_gmt":"2025-10-02T07:53:10","guid":{"rendered":"https:\/\/www.europesays.com\/fr\/433143\/"},"modified":"2025-10-02T07:53:10","modified_gmt":"2025-10-02T07:53:10","slug":"bordeaux-2-octobre-parcours-et-horaires","status":"publish","type":"post","link":"https:\/\/www.europesays.com\/fr\/433143\/","title":{"rendered":"Bordeaux 2 octobre : parcours et horaires"},"content":{"rendered":"<p>\u00c0 l\u2019appel de l\u2019intersyndicale, une journ\u00e9e d\u2019action est organis\u00e9e aujourd\u2019hui, jeudi 2 octobre en Gironde. Selon le communiqu\u00e9 de la pr\u00e9fecture (dat\u00e9 du 1\u1d49\u02b3 octobre), trois rassemblements d\u00e9clar\u00e9s se tiendront dans le d\u00e9partement, avec un dispositif de s\u00e9curit\u00e9 renforc\u00e9 et des interdictions temporaires destin\u00e9es \u00e0 garantir la s\u00e9curit\u00e9 des personnes et la libert\u00e9 de circulation.<\/p>\n<p>Bordeaux (11 h \u2013 15 h). D\u00e9part place de la Bourse, puis quai des Douanes, cours Alsace-Lorraine, rue des Fr\u00e8res-Bonie, cours d\u2019Albret, cours Aristide-Briand et dispersion place de la Victoire. Des coupures et d\u00e9viations ponctuelles sont \u00e0 pr\u00e9voir \u00e0 l\u2019approche et au passage du cort\u00e8ge dans l\u2019hypercentre.<\/p>\n<p>Langon (18 h). Rassemblement devant la sous-pr\u00e9fecture (intersyndicale UD CGT, FSU-SNU et FO).<\/p>\n<p>Libourne (11 h 30 \u2013 14 h 30). D\u00e9part devant l\u2019h\u00f4pital Robert-Boulin, puis rue de la Marne, pont Pline Parmentier, avenue Gallieni, place des Martyrs de la R\u00e9sistance, rue Chanzy, all\u00e9es Robert-Boulin, esplanade Fran\u00e7ois-Mitterrand, rue Gambetta et dispersion place Abel-Surchamps.<\/p>\n","protected":false},"excerpt":{"rendered":"\u00c0 l\u2019appel de l\u2019intersyndicale, une journ\u00e9e d\u2019action est organis\u00e9e aujourd\u2019hui, jeudi 2 octobre en Gironde. Selon le communiqu\u00e9&hellip;\n","protected":false},"author":2,"featured_media":433144,"comment_status":"","ping_status":"","sticky":false,"template":"","format":"standard","meta":{"footnotes":""},"categories":[2817],"tags":[1111,11,1997,1777,674,1011,27,12,2219,25],"class_list":{"0":"post-433143","1":"post","2":"type-post","3":"status-publish","4":"format-standard","5":"has-post-thumbnail","7":"category-bordeaux","8":"tag-actu","9":"tag-actualites","10":"tag-bordeaux","11":"tag-eu","12":"tag-europe","13":"tag-fr","14":"tag-france","15":"tag-news","16":"tag-nouvelle-aquitaine","17":"tag-republique-francaise"},"share_on_mastodon":{"url":"https:\/\/pubeurope.com\/@fr\/115303494688933237","error":""},"_links":{"self":[{"href":"https:\/\/www.europesays.com\/fr\/wp-json\/wp\/v2\/posts\/433143","targetHints":{"allow":["GET"]}}],"collection":[{"href":"https:\/\/www.europesays.com\/fr\/wp-json\/wp\/v2\/posts"}],"about":[{"href":"https:\/\/www.europesays.com\/fr\/wp-json\/wp\/v2\/types\/post"}],"author":[{"embeddable":true,"href":"https:\/\/www.europesays.com\/fr\/wp-json\/wp\/v2\/users\/2"}],"replies":[{"embeddable":true,"href":"https:\/\/www.europesays.com\/fr\/wp-json\/wp\/v2\/comments?post=433143"}],"version-history":[{"count":0,"href":"https:\/\/www.europesays.com\/fr\/wp-json\/wp\/v2\/posts\/433143\/revisions"}],"wp:featuredmedia":[{"embeddable":true,"href":"https:\/\/www.europesays.com\/fr\/wp-json\/wp\/v2\/media\/433144"}],"wp:attachment":[{"href":"https:\/\/www.europesays.com\/fr\/wp-json\/wp\/v2\/media?parent=433143"}],"wp:term":[{"taxonomy":"category","embeddable":true,"href":"https:\/\/www.europesays.com\/fr\/wp-json\/wp\/v2\/categories?post=433143"},{"taxonomy":"post_tag","embeddable":true,"href":"https:\/\/www.europesays.com\/fr\/wp-json\/wp\/v2\/tags?post=433143"}],"curies":[{"name":"wp","href":"https:\/\/api.w.org\/{rel}","templated":true}]}}