{"id":433175,"date":"2025-10-02T08:11:16","date_gmt":"2025-10-02T08:11:16","guid":{"rendered":"https:\/\/www.europesays.com\/fr\/433175\/"},"modified":"2025-10-02T08:11:16","modified_gmt":"2025-10-02T08:11:16","slug":"que-doivent-faire-les-luxembourgs-avec-les-usa-je-me-mefie-de-ce-que-trump-va-faire-mais-il-faut-renouer-quelque-chose-de-stable-avec-les-usa-assure-roland-gillet","status":"publish","type":"post","link":"https:\/\/www.europesays.com\/fr\/433175\/","title":{"rendered":"Que doivent faire les Luxembourgs avec les USA ? \u00ab\u00a0Je me m\u00e9fie de ce que Trump va faire, mais il faut renouer quelque chose de stable avec les USA\u00a0\u00bb, assure Roland Gillet"},"content":{"rendered":"<p class=\"ap-StoryElement ap-StoryElement--mb ap-StoryText\"><b>Quel est votre avis sur les droits de douane ?<\/b><\/p>\n<p class=\"ap-StoryElement ap-StoryElement--mb ap-StoryText\">C&rsquo;est une mauvaise id\u00e9e. Des prix Nobel aux USA ont \u00e9t\u00e9 re\u00e7us pour expliquer combien une entrave aux commerces, sous la forme de droits de douane, est une mauvaise id\u00e9e. Cela p\u00e9nalise les USA, sans parler des mesures de r\u00e9action des autres pays. Trump joue sur le fait qu&rsquo;il est le pr\u00e9sident de la premi\u00e8re puissance \u00e9conomique mondiale. Il impose aux autres de ne pas pouvoir r\u00e9agir, m\u00eame si certains r\u00e9agissent timidement. Les entreprises am\u00e9ricaines vont avoir des marges moins grandes, le consommateur am\u00e9ricain va le payer, en particulier pour les produits de luxe. D&rsquo;o\u00f9 des risques d&rsquo;inflation aux USA. En \u00e9conomie, on sait que les effets des droits de douane, on les verra dans un ou deux ans. On verra la suite d&rsquo;autant qu&rsquo;il en met, en enl\u00e8ve, en remet d&rsquo;autres. C&rsquo;est un peu le cafouillage. De fa\u00e7on r\u00e9ductrice, il dit: \u00ab\u00a0Je prends de l&rsquo;argent aux \u00e9trangers pour le donner aux Am\u00e9ricains\u00a0\u00bb. Les gens un peu plus \u00e9rudits aux USA savent que cela risque de ne pas tenir sur la longueur.<\/p>\n<p class=\"ap-StoryElement ap-StoryElement--mb ap-StoryText\"><b>Vous habitez La Roche-en-Ardenne, avez-vous des \u00e9chos des entrepreneurs de la r\u00e9gion ?<\/b><\/p>\n<p class=\"ap-StoryElement ap-StoryElement--mb ap-StoryText\">Cela cr\u00e9e de toute fa\u00e7on de l&rsquo;inqui\u00e9tude, si ce n&rsquo;est pas chez eux, c&rsquo;est chez leurs fournisseurs. M\u00eame moi, je m&rsquo;y perds: cela ne reste pas longtemps les m\u00eames taux. Des secteurs comme l&rsquo;automobile, les m\u00e9dicaments sont trait\u00e9s diff\u00e9remment. En plus, pour l&rsquo;accord sign\u00e9 avec Ursula von der Leyen (NDLR :, la pr\u00e9sidente de la Commission europ\u00e9enne), des arr\u00eat\u00e9s d&rsquo;application cens\u00e9s suivre mettent du temps \u00e0 accoucher. L&rsquo;incertitude est l\u00e0 pour les entrepreneurs. Chez les plus grosses entreprises, ils sont sur le point de dire: \u00ab\u00a0Avant d&rsquo;aller faire un investissement dans la province de Luxembourg, je vais voir si je ne dois pas d\u00e9placer ma production aux USA pour \u00e9chapper aux droits de douane\u00a0\u00bb. Cela met dans l&rsquo;inconfort, ce qui ne pousse pas \u00e0 \u00eatre proactif.<\/p>\n<p class=\"ap-StoryElement ap-StoryElement--mb ap-StoryText\"><b>L&rsquo;intitul\u00e9 parle \u00ab\u00a0Des deux Luxembourgs\u00a0\u00bb. Quand on prend cette formule, n&rsquo;est-elle pas un peu usurp\u00e9e au niveau \u00e9conomique par exemple ?<\/b><\/p>\n<p class=\"ap-StoryElement ap-StoryElement--mb ap-StoryText\">Dans la conf\u00e9rence, ce n&rsquo;est pas ce je veux d\u00e9velopper. Je veux plut\u00f4t parler d&rsquo;amiti\u00e9. La province de Luxembourg, les Am\u00e9ricains la connaissent avec la Bataille des Ardennes. Je connais beaucoup d&rsquo;Am\u00e9ricains, car j&rsquo;y vais r\u00e9guli\u00e8rement. En particulier avec Bastogne, on a une amiti\u00e9 entre les USA et le Grand-Duch\u00e9, la province de Luxembourg. Aujourd&rsquo;hui, je crois que beaucoup de gens ont oubli\u00e9 ce que les Am\u00e9ricains ont fait. Au lieu de se d\u00e9gager pour le moment de la relation qu&rsquo;on a avec les Am\u00e9ricains par le fait que ce soit Trump au pouvoir, qu&rsquo;il nous dit des choses d\u00e9sagr\u00e9ables, c&rsquo;est plut\u00f4t voir comment faire pour renouer quelque chose de s\u00e9rieux, de stable dans nos relations. Nous, Luxembourgeois, nous sommes bien positionn\u00e9s, les Am\u00e9ricains savent parfois mieux o\u00f9 se situe Bastogne que Bruxelles ou la Belgique.<\/p>\n<p>\u00ab\u00a0Pas r\u00e9pugnant d&rsquo;\u00eatre ami du plus fort !\u00a0\u00bb<\/p>\n<p class=\"ap-StoryElement ap-StoryElement--mb ap-StoryText\">Ce n&rsquo;est surtout pas le moment d&rsquo;un bashing vis-\u00e0-vis des USA. Voil\u00e0 assur\u00e9ment un des propos du conf\u00e9rencier le 9\u00a0octobre. \u00ab\u00a0C&rsquo;est une tr\u00e8s mauvaise id\u00e9e, observe Roland Gillet. Que l&rsquo;on veuille ou non, les USA sont la premi\u00e8re force g\u00e9opolitique mondiale. Un pays qui a toujours \u00e9t\u00e9 l\u00e0 pour nous aider dans les conflits g\u00e9opolitiques, pour le faire \u00e0 notre place, qui a pay\u00e9 ce que l&rsquo;on aurait d\u00fb mettre depuis 2014 dans l&rsquo;OTAN. Un ami comme cela, il faut parfois lui dire merci, ne pas lui donner toujours des le\u00e7ons. Ne pas dire aux Am\u00e9ricains qu&rsquo;ils sont gros, gras et meurent avant nous. C&rsquo;est aussi dire qu&rsquo;on est fier d&rsquo;avoir un ami comme les USA ! Je n&rsquo;ai pas dit de Donald Trump. \u00catre ami du plus fort, ce n&rsquo;est pas n\u00e9cessairement r\u00e9pugnant, sauf quand on a un ego d\u00e9mesur\u00e9.\u00a0\u00bb<\/p>\n<p class=\"ap-StoryElement ap-StoryElement--mb ap-StoryText\">\u00c0 l&rsquo;invitation du gouverneur et du Cercle Werner, Roland Gillet \u00e9voquera: \u00ab\u00a0La gestion des relations g\u00e9opolitiques et \u00e9conomiques avec nos amis am\u00e9ricains. De l&rsquo;Europe aux deux Luxembourgs\u00a0\u00bb. C&rsquo;est le jeudi 9 octobre au Palais provincial \u00e0 Arlon \u00e0 18 h 30.<\/p>\n<p class=\"ap-StoryElement ap-StoryElement--mb ap-StoryText\">Information &amp; inscription gratuite: Aur\u00e9lien Guiot: aurelien.guiot@gouverneur-luxembourg.be<\/p>\n<p>La Roche, son havre de paix !<\/p>\n<p class=\"ap-StoryElement ap-StoryElement--mb ap-StoryText\">\u00ab\u00a0Je suis Ardennais !\u00a0\u00bb : l&rsquo;un des premiers propos de Roland Gillet. Un de ces Luxembourgeois que le Financial Times consulte. Alors comment fait-on pour enseigner \u00e0 la Sorbonne \u00e0 Paris ou \u00e0 Solvay quand on habite La Roche ? Celui qui est n\u00e9 \u00e0 Vielsalm r\u00e9pond: \u00ab\u00a0Mon point de qui\u00e9tude, c&rsquo;est La Roche-en-Ardenne. Ce sont mes racines\u00a0\u00bb. Et d&rsquo;\u00e9voquer ses parties de tennis ou de p\u00eache: \u00ab\u00a0J&rsquo;ai beaucoup p\u00each\u00e9 \u00e0 la ligne \u00e0 La Roche, j&rsquo;aime y retourner, c&rsquo;est un endroit o\u00f9 l&rsquo;on me fout royalement la paix. J&rsquo;adore la nature. L\u00e0, je ne suis pas habill\u00e9 comme \u00e0 la Sorbonne, je suis un Rochois parmi les Rochois. J&rsquo;ai mon havre de paix, je n&rsquo;y suis pas souvent, je suis souvent \u00e0 l&rsquo;\u00e9tranger. On a une super r\u00e9gion. C&rsquo;est s\u00fbr parfois, ils me voient dans les m\u00e9dias internationaux comme TF1, LCI. Je vais le plus souvent \u00e0 Paris en voiture, parfois avec un chauffeur\u00a0\u00bb, termine celui qui a \u00e9t\u00e9 l&rsquo;un des experts de la crise en zone euro (Gr\u00e8ce et Espagne). \u00ab\u00a0Garder ses origines, cela me permet de rester humain, ainsi vous n&rsquo;\u00eates pas seulement dans le monde des finances, des grandes entreprises ou des chefs-d&rsquo;\u00e9tats, cela permet de rester soi-m\u00eame\u00a0\u00bb.<\/p>\n","protected":false},"excerpt":{"rendered":"Quel est votre avis sur les droits de douane ? C&rsquo;est une mauvaise id\u00e9e. Des prix Nobel aux&hellip;\n","protected":false},"author":2,"featured_media":433176,"comment_status":"","ping_status":"","sticky":false,"template":"","format":"standard","meta":{"footnotes":"","_share_on_mastodon":"0"},"categories":[1589],"tags":[11,56116,73,1866,12,1864,1865,1863,308],"class_list":["post-433175","post","type-post","status-publish","format-standard","has-post-thumbnail","category-etats-unis","tag-actualites","tag-arlon","tag-etats-unis","tag-etats-unis-damerique","tag-news","tag-united-states","tag-united-states-of-america","tag-us","tag-usa"],"share_on_mastodon":{"url":"https:\/\/pubeurope.com\/@fr\/115303565479365673","error":""},"_links":{"self":[{"href":"https:\/\/www.europesays.com\/fr\/wp-json\/wp\/v2\/posts\/433175","targetHints":{"allow":["GET"]}}],"collection":[{"href":"https:\/\/www.europesays.com\/fr\/wp-json\/wp\/v2\/posts"}],"about":[{"href":"https:\/\/www.europesays.com\/fr\/wp-json\/wp\/v2\/types\/post"}],"author":[{"embeddable":true,"href":"https:\/\/www.europesays.com\/fr\/wp-json\/wp\/v2\/users\/2"}],"replies":[{"embeddable":true,"href":"https:\/\/www.europesays.com\/fr\/wp-json\/wp\/v2\/comments?post=433175"}],"version-history":[{"count":0,"href":"https:\/\/www.europesays.com\/fr\/wp-json\/wp\/v2\/posts\/433175\/revisions"}],"wp:featuredmedia":[{"embeddable":true,"href":"https:\/\/www.europesays.com\/fr\/wp-json\/wp\/v2\/media\/433176"}],"wp:attachment":[{"href":"https:\/\/www.europesays.com\/fr\/wp-json\/wp\/v2\/media?parent=433175"}],"wp:term":[{"taxonomy":"category","embeddable":true,"href":"https:\/\/www.europesays.com\/fr\/wp-json\/wp\/v2\/categories?post=433175"},{"taxonomy":"post_tag","embeddable":true,"href":"https:\/\/www.europesays.com\/fr\/wp-json\/wp\/v2\/tags?post=433175"}],"curies":[{"name":"wp","href":"https:\/\/api.w.org\/{rel}","templated":true}]}}