{"id":433194,"date":"2025-10-02T08:22:20","date_gmt":"2025-10-02T08:22:20","guid":{"rendered":"https:\/\/www.europesays.com\/fr\/433194\/"},"modified":"2025-10-02T08:22:20","modified_gmt":"2025-10-02T08:22:20","slug":"lhommage-poignant-de-mensik-a-monfils-apres-une-demi-finale-renversante","status":"publish","type":"post","link":"https:\/\/www.europesays.com\/fr\/433194\/","title":{"rendered":"l\u2019hommage poignant de Mensik \u00e0 Monfils apr\u00e8s une demi-finale renversante"},"content":{"rendered":"<p>                <img decoding=\"async\" src=\"https:\/\/www.europesays.com\/fr\/wp-content\/uploads\/2025\/10\/g4Wi.jpg\" fetchpriority=\"high\" alt=\"Doha 2024 : l\u2019hommage poignant de Mensik \u00e0 Monfils apr\u00e8s une demi-finale renversante\"\/><\/p>\n<p>Le 23 f\u00e9vrier 2024, le jeune Jakub Mensik (18 ans) a bouscul\u00e9 un monument du tennis fran\u00e7ais, Ga\u00ebl Monfils, pour rejoindre sa premi\u00e8re finale ATP. Sur le court, la bataille fut \u00e2pre (6\u20114, 1\u20116, 6\u20113) ; au filet, le clin d\u2019\u0153il empreint d\u2019\u00e9motion a scell\u00e9 un moment rare de respect et de transmission.<\/p>\n<p>Le Tch\u00e8que d\u00e9bute avec assurance. Il impose sa cadence, dicte les \u00e9changes, trouve des angles. Score : 6\u20114 en sa faveur. Mais le Fran\u00e7ais n\u2019a pas l\u00e2ch\u00e9 pour autant. La 2\u1d49 manche est presque domin\u00e9e de bout en bout (6\u20111) et permet \u00e0 Monfils de venir \u00e9galiser.<\/p>\n<p>Le troisi\u00e8me set est tendu, rythm\u00e9 par des breaks et des retours engageants. Monfils tente de pousser Mensik dans ses retranchements. \u00c0 3\u20113, le Fran\u00e7ais a ses chances, mais le Tch\u00e8que, d\u2019un sang-froid impressionnant, va prendre le large pour remporter la rencontre (6-4, 1-6, 6-3).<\/p>\n<p>La victoire est l\u00e0. La surprise aussi. Mensik est d\u00e9sormais le plus jeune finaliste de l\u2019histoire du tournoi de Doha. Par la suite, les t\u00e9l\u00e9spectateurs ont pu assister \u00e0 un moment de respect entre un cadet et son a\u00een\u00e9 :<\/p>\n<p>Mensik : \u00ab Tu \u00e9tais une de mes plus grandes inspirations lorsque j\u2019\u00e9tais plus jeune. Je te regardais \u00e0 la t\u00e9l\u00e9. \u00bb<\/p>\n<p><strong>Monfils : \u00ab Ce fut un plaisir. Bonne chance pour la finale de demain. \u00bb<\/strong><\/p>\n","protected":false},"excerpt":{"rendered":"Le 23 f\u00e9vrier 2024, le jeune Jakub Mensik (18 ans) a bouscul\u00e9 un monument du tennis fran\u00e7ais, Ga\u00ebl&hellip;\n","protected":false},"author":2,"featured_media":433195,"comment_status":"","ping_status":"","sticky":false,"template":"","format":"standard","meta":{"footnotes":""},"categories":[1415],"tags":[1011,27,60,1467],"class_list":{"0":"post-433194","1":"post","2":"type-post","3":"status-publish","4":"format-standard","5":"has-post-thumbnail","7":"category-tennis","8":"tag-fr","9":"tag-france","10":"tag-sports","11":"tag-tennis"},"share_on_mastodon":{"url":"https:\/\/pubeurope.com\/@fr\/115303609377285348","error":""},"_links":{"self":[{"href":"https:\/\/www.europesays.com\/fr\/wp-json\/wp\/v2\/posts\/433194","targetHints":{"allow":["GET"]}}],"collection":[{"href":"https:\/\/www.europesays.com\/fr\/wp-json\/wp\/v2\/posts"}],"about":[{"href":"https:\/\/www.europesays.com\/fr\/wp-json\/wp\/v2\/types\/post"}],"author":[{"embeddable":true,"href":"https:\/\/www.europesays.com\/fr\/wp-json\/wp\/v2\/users\/2"}],"replies":[{"embeddable":true,"href":"https:\/\/www.europesays.com\/fr\/wp-json\/wp\/v2\/comments?post=433194"}],"version-history":[{"count":0,"href":"https:\/\/www.europesays.com\/fr\/wp-json\/wp\/v2\/posts\/433194\/revisions"}],"wp:featuredmedia":[{"embeddable":true,"href":"https:\/\/www.europesays.com\/fr\/wp-json\/wp\/v2\/media\/433195"}],"wp:attachment":[{"href":"https:\/\/www.europesays.com\/fr\/wp-json\/wp\/v2\/media?parent=433194"}],"wp:term":[{"taxonomy":"category","embeddable":true,"href":"https:\/\/www.europesays.com\/fr\/wp-json\/wp\/v2\/categories?post=433194"},{"taxonomy":"post_tag","embeddable":true,"href":"https:\/\/www.europesays.com\/fr\/wp-json\/wp\/v2\/tags?post=433194"}],"curies":[{"name":"wp","href":"https:\/\/api.w.org\/{rel}","templated":true}]}}