{"id":433245,"date":"2025-10-02T08:51:15","date_gmt":"2025-10-02T08:51:15","guid":{"rendered":"https:\/\/www.europesays.com\/fr\/433245\/"},"modified":"2025-10-02T08:51:15","modified_gmt":"2025-10-02T08:51:15","slug":"manifestations-a-rouen-et-au-havre-tentatives-de-blocages-de-lycees-suivez-la-mobilisation-en-normandie","status":"publish","type":"post","link":"https:\/\/www.europesays.com\/fr\/433245\/","title":{"rendered":"manifestations \u00e0 Rouen et au Havre, tentatives de blocages de lyc\u00e9es.. Suivez la mobilisation en Normandie"},"content":{"rendered":"<p class=\"article__intro\">Nouvelle journ\u00e9e de mobilisation ce jeudi 2 octobre dans la r\u00e9gion. Des blocages routiers et des manifestations sont pr\u00e9vues dans les cinq d\u00e9partements normands, ainsi que des mouvements de gr\u00e8ves dans diff\u00e9rents secteurs. Suivez cette nouvelle journ\u00e9e en direct.<\/p>\n<p>            Ce qu&rsquo;il faut savoir<\/p>\n<p>Apr\u00e8s deux premi\u00e8res journ\u00e9es de mobilisation les <a>mercredi 10 et jeudi 18 septembre 2025<\/a>, l\u2019intersyndicale appelle \u00e0 une nouvelle gr\u00e8ve ce jeudi 2 octobre dans le cadre du mouvement \u00ab\u00a0Bloquons tout\u00a0\u00bb.<\/p>\n<p>Des <a href=\"https:\/\/france3-regions.franceinfo.fr\/normandie\/seine-maritime\/carte-greve-du-2-octobre-manifestations-transports-en-commun-a-quoi-faut-il-s-attendre-en-normandie-3225848.html\" target=\"_blank\" rel=\"noopener nofollow\" data-tooltip-url=\"https:\/\/france3-regions.franceinfo.fr\/normandie\/seine-maritime\/carte-greve-du-2-octobre-manifestations-transports-en-commun-a-quoi-faut-il-s-attendre-en-normandie-3225848.html\">manifestations dans diff\u00e9rentes villes de Normandie ont lieu<\/a>, ainsi que des mouvements de gr\u00e8ve dans de nombreux secteurs.<\/p>\n<ul>\n<li>L\u2019intersyndicale CFDT, CGT, FO, CFE-CGC, CFTC, UNSA, FSU et Solidaires\u00a0r\u00e9clament notamment\u00a0\u00ab\u00a0l\u2019abandon de l\u2019ensemble du projet de budget\u00a0\u00bb, une\u00a0\u00ab\u00a0justice fiscale\u00a0\u00bb\u00a0renforc\u00e9e, ainsi que le retrait de la mesure repoussant l\u2019\u00e2ge l\u00e9gal de d\u00e9part \u00e0 la retraite \u00e0 64 ans. Alors \u00e0 quoi faut-il s&rsquo;attendre en Normandie ?<\/li>\n<li>Le niveau des perturbations sera tr\u00e8s faible dans les transports en commun. La SNCF annonce qu&rsquo;une l\u00e9g\u00e8re perturbation est pr\u00e9vue autour de Caen ce jeudi 2 octobre, soit un peu plus de 2 trains sur 3 en circulation, mais aucune interruption n\u2019est pr\u00e9vue sur les lignes desservant l\u2019ancienne Haute-Normandie.<\/li>\n<\/ul>\n<p>              Tout lire<\/p>\n","protected":false},"excerpt":{"rendered":"Nouvelle journ\u00e9e de mobilisation ce jeudi 2 octobre dans la r\u00e9gion. Des blocages routiers et des manifestations sont&hellip;\n","protected":false},"author":2,"featured_media":433246,"comment_status":"","ping_status":"","sticky":false,"template":"","format":"standard","meta":{"footnotes":""},"categories":[9587],"tags":[1111,11,1777,674,1011,27,12,5161,25,9590],"class_list":{"0":"post-433245","1":"post","2":"type-post","3":"status-publish","4":"format-standard","5":"has-post-thumbnail","7":"category-rouen","8":"tag-actu","9":"tag-actualites","10":"tag-eu","11":"tag-europe","12":"tag-fr","13":"tag-france","14":"tag-news","15":"tag-normandie","16":"tag-republique-francaise","17":"tag-rouen"},"share_on_mastodon":{"url":"https:\/\/pubeurope.com\/@fr\/115303722828840601","error":""},"_links":{"self":[{"href":"https:\/\/www.europesays.com\/fr\/wp-json\/wp\/v2\/posts\/433245","targetHints":{"allow":["GET"]}}],"collection":[{"href":"https:\/\/www.europesays.com\/fr\/wp-json\/wp\/v2\/posts"}],"about":[{"href":"https:\/\/www.europesays.com\/fr\/wp-json\/wp\/v2\/types\/post"}],"author":[{"embeddable":true,"href":"https:\/\/www.europesays.com\/fr\/wp-json\/wp\/v2\/users\/2"}],"replies":[{"embeddable":true,"href":"https:\/\/www.europesays.com\/fr\/wp-json\/wp\/v2\/comments?post=433245"}],"version-history":[{"count":0,"href":"https:\/\/www.europesays.com\/fr\/wp-json\/wp\/v2\/posts\/433245\/revisions"}],"wp:featuredmedia":[{"embeddable":true,"href":"https:\/\/www.europesays.com\/fr\/wp-json\/wp\/v2\/media\/433246"}],"wp:attachment":[{"href":"https:\/\/www.europesays.com\/fr\/wp-json\/wp\/v2\/media?parent=433245"}],"wp:term":[{"taxonomy":"category","embeddable":true,"href":"https:\/\/www.europesays.com\/fr\/wp-json\/wp\/v2\/categories?post=433245"},{"taxonomy":"post_tag","embeddable":true,"href":"https:\/\/www.europesays.com\/fr\/wp-json\/wp\/v2\/tags?post=433245"}],"curies":[{"name":"wp","href":"https:\/\/api.w.org\/{rel}","templated":true}]}}