{"id":433301,"date":"2025-10-02T09:21:13","date_gmt":"2025-10-02T09:21:13","guid":{"rendered":"https:\/\/www.europesays.com\/fr\/433301\/"},"modified":"2025-10-02T09:21:13","modified_gmt":"2025-10-02T09:21:13","slug":"etats-unis-shutdown-des-licenciements-massifs-imminents-le-pays-toujours-paralyse","status":"publish","type":"post","link":"https:\/\/www.europesays.com\/fr\/433301\/","title":{"rendered":"Etats-Unis. Shutdown\u00a0:\u00a0des licenciements massifs \u00ab imminents \u00bb, le pays toujours paralys\u00e9"},"content":{"rendered":"<p>Des licenciements massifs de travailleurs f\u00e9d\u00e9raux am\u00e9ricains sont \u00ab imminents \u00bb, a pr\u00e9venu la Maison Blanche alors qu&rsquo;aucun compromis n&rsquo;est en vue jeudi entre d\u00e9mocrates et r\u00e9publicains qui se renvoient la responsabilit\u00e9 du blocage budg\u00e9taire (\u00ab shutdown \u00bb) <a href=\"https:\/\/www.dna.fr\/politique\/2025\/10\/01\/shutdown-les-etats-unis-plongent-dans-la-paralysie-budgetaire-une-premiere-depuis-2018\" target=\"_blank\" rel=\"nofollow noopener\">paralysant les Etats-Unis depuis deux jours.<\/a><\/p>\n<p>\u00ab Le bureau du Budget (de la Maison Blanche) travaille avec les agences f\u00e9d\u00e9rales pour identifier les coupes qui peuvent \u00eatre faites et nous pensons que des licenciements sont imminents \u00bb, a d\u00e9clar\u00e9 la porte-parole de l&rsquo;ex\u00e9cutif am\u00e9ricain, Karoline Leavitt.<\/p>\n<p>26 milliards de dollars gel\u00e9s<\/p>\n<p>Parall\u00e8lement, l&rsquo;administration Trump a annonc\u00e9 la suppression de milliards de dollars de fonds f\u00e9d\u00e9raux promis \u00e0 des Etats dirig\u00e9s par des d\u00e9mocrates. A New York, elle a gel\u00e9 18 milliards de dollars promis pour deux projets d&rsquo;am\u00e9lioration des transports publics.<\/p>\n<p>Au total, ce sont 26 milliards de fonds f\u00e9d\u00e9raux, pr\u00e9c\u00e9demment approuv\u00e9s, qui ont \u00e9t\u00e9 gel\u00e9s. Le tout dans 16 Etats, tous remport\u00e9s par la d\u00e9mocrate <a href=\"https:\/\/www.dna.fr\/p\/kamala-harris\" target=\"_blank\" rel=\"nofollow noopener\">Kamala Harris<\/a> lors de la pr\u00e9sidentielle de novembre 2024. \u00ab Les actions de la Maison Blanche semblent \u00e0 la fois sans pr\u00e9c\u00e9dent et punitives, soulignant les risques d&rsquo;une impasse budg\u00e9taire sans fin \u00bb, craignait jeudi le New York Times.<\/p>\n<p>Le directeur du Bureau du budget \u00e0 la Maison Blanche, Russell Vought, s&rsquo;est pour sa part f\u00e9licit\u00e9 des coupes budg\u00e9taires affectant aussi des projets d&rsquo;\u00e9nergie verte, comme en Californie, raillant \u00ab l&rsquo;arnaque du Green New Deal \u00bb.<\/p>\n<p>  Les deux camps se renvoient la balle<\/p>\n<p>Quelque 750 000 fonctionnaires sont au ch\u00f4mage technique depuis mercredi minuit, p\u00e9nalisant les usagers des services publics.\u00a0L&rsquo;association des contr\u00f4leurs a\u00e9riens am\u00e9ricains (NATCA) a dit dans un communiqu\u00e9 craindre pour la s\u00e9curit\u00e9 de l&rsquo;espace a\u00e9rien, du fait du ch\u00f4mage technique de plus de 2 300 agents.<\/p>\n<p>Un tel \u00ab shutdown \u00bb, in\u00e9dit depuis sept ans, est tr\u00e8s impopulaire aux Etats-Unis et &#8211; comme de coutume &#8211; les deux grands partis s&rsquo;en rejettent la responsabilit\u00e9.<\/p>\n<p>\u00ab Les d\u00e9mocrates ont ferm\u00e9 les services de l&rsquo;Etat \u00bb, affirme la Maison Blanche dans un message sur son site, accompagn\u00e9 d&rsquo;une horloge qui fait le d\u00e9compte du blocage.\u00a0L&rsquo;opposition regrette de son c\u00f4t\u00e9 l&rsquo;absence de discussions de bonne foi. \u00ab Pourquoi (les r\u00e9publicains) boycottent-ils les n\u00e9gociations? Je n&rsquo;ai jamais vu cela de ma vie \u00bb, a d\u00e9nonc\u00e9 le s\u00e9nateur d\u00e9mocrate Chris Murphy.<\/p>\n<p>Des cons\u00e9quences sur le PIB<\/p>\n<p>Selon le chef des d\u00e9mocrates \u00e0 la Chambre, Hakeem Jeffries, le pr\u00e9sident fait preuve d&rsquo;un \u00ab comportement irresponsable et pas s\u00e9rieux \u00bb.<\/p>\n<p>De fait, s&rsquo;il a dit vouloir \u00e9viter la paralysie, <a href=\"https:\/\/www.dna.fr\/p\/donald-trump\" target=\"_blank\" rel=\"nofollow noopener\">Donald Trump<\/a> se montre aussi mena\u00e7ant. \u00ab Beaucoup de bonnes choses peuvent ressortir des shutdowns, on peut se d\u00e9barrasser de beaucoup de choses dont nous ne voulons pas, et ce seraient des choses d\u00e9mocrates \u00bb, a-t-il pr\u00e9venu mardi.<\/p>\n<p>Selon les calculs des analystes de la compagnie d&rsquo;assurance Nationwide, chaque semaine de paralysie pourrait r\u00e9duire la croissance annuelle du PIB am\u00e9ricain de 0,2 point.<\/p>\n","protected":false},"excerpt":{"rendered":"Des licenciements massifs de travailleurs f\u00e9d\u00e9raux am\u00e9ricains sont \u00ab imminents \u00bb, a pr\u00e9venu la Maison Blanche alors qu&rsquo;aucun&hellip;\n","protected":false},"author":2,"featured_media":433302,"comment_status":"","ping_status":"","sticky":false,"template":"","format":"standard","meta":{"footnotes":""},"categories":[1589],"tags":[11,33,73,1866,107,3183,329,12,316,1864,1865,1863,308],"class_list":{"0":"post-433301","1":"post","2":"type-post","3":"status-publish","4":"format-standard","5":"has-post-thumbnail","7":"category-etats-unis","8":"tag-actualites","9":"tag-economie","10":"tag-etats-unis","11":"tag-etats-unis-damerique","12":"tag-fil-info","13":"tag-finance-et-fiscalite","14":"tag-france-monde","15":"tag-news","16":"tag-politique","17":"tag-united-states","18":"tag-united-states-of-america","19":"tag-us","20":"tag-usa"},"share_on_mastodon":{"url":"https:\/\/pubeurope.com\/@fr\/115303840822612908","error":""},"_links":{"self":[{"href":"https:\/\/www.europesays.com\/fr\/wp-json\/wp\/v2\/posts\/433301","targetHints":{"allow":["GET"]}}],"collection":[{"href":"https:\/\/www.europesays.com\/fr\/wp-json\/wp\/v2\/posts"}],"about":[{"href":"https:\/\/www.europesays.com\/fr\/wp-json\/wp\/v2\/types\/post"}],"author":[{"embeddable":true,"href":"https:\/\/www.europesays.com\/fr\/wp-json\/wp\/v2\/users\/2"}],"replies":[{"embeddable":true,"href":"https:\/\/www.europesays.com\/fr\/wp-json\/wp\/v2\/comments?post=433301"}],"version-history":[{"count":0,"href":"https:\/\/www.europesays.com\/fr\/wp-json\/wp\/v2\/posts\/433301\/revisions"}],"wp:featuredmedia":[{"embeddable":true,"href":"https:\/\/www.europesays.com\/fr\/wp-json\/wp\/v2\/media\/433302"}],"wp:attachment":[{"href":"https:\/\/www.europesays.com\/fr\/wp-json\/wp\/v2\/media?parent=433301"}],"wp:term":[{"taxonomy":"category","embeddable":true,"href":"https:\/\/www.europesays.com\/fr\/wp-json\/wp\/v2\/categories?post=433301"},{"taxonomy":"post_tag","embeddable":true,"href":"https:\/\/www.europesays.com\/fr\/wp-json\/wp\/v2\/tags?post=433301"}],"curies":[{"name":"wp","href":"https:\/\/api.w.org\/{rel}","templated":true}]}}