{"id":433322,"date":"2025-10-02T09:33:12","date_gmt":"2025-10-02T09:33:12","guid":{"rendered":"https:\/\/www.europesays.com\/fr\/433322\/"},"modified":"2025-10-02T09:33:12","modified_gmt":"2025-10-02T09:33:12","slug":"cest-reparti-pour-un-tour","status":"publish","type":"post","link":"https:\/\/www.europesays.com\/fr\/433322\/","title":{"rendered":"C&rsquo;est reparti pour un tour"},"content":{"rendered":"<p>                            <img decoding=\"async\" class=\"img-fluid thumbnail__news\" src=\"https:\/\/www.europesays.com\/fr\/wp-content\/uploads\/2025\/10\/51f75cf8-062d-451f-97a6-1abba2c738d1.jpg\" alt=\"C'est reparti pour un tour\"\/><\/p>\n<p>Lucas Boucaud &#8211; Bernard Papon\/PresseSports<\/p>\n<p>                                                        16 matches seront au programme du 2e tour de la Coupe de France qui d\u00e9bute ce lundi avec le match Denain (Elite 2) &#8211; Mulhouse (NM1,+7). Deux rencontres de ce tour opposeront des clubs de Betclic Elite.<\/p>\n<p>L&rsquo;Opalico pour se relancer, battus lors de la premi\u00e8re journ\u00e9e de Championnat, Le Portel et Gravelines tenteront mardi de rego\u00fbter \u00e0 la victoire dans un derby qui s&rsquo;annonce tr\u00e8s chaud.<\/p>\n<p>Dans l&rsquo;autre affiche entre club de Betclic, Saint-Quentin accueillera Nancy, ce match sera \u00e0 suivre en direct sur la chaine TNT MAT\u00c9L\u00c9* et la chaine YouTube de la FFBB.<\/p>\n<p>*MAT\u00c9L\u00c9 est diffus\u00e9e sur la TNT 34, Bouygues 323, Orange 347, SFR 489, Free 937<\/p>\n<p><strong>Programme de la Coupe de France<\/strong><br \/>Lundi 6 octobre \u00e0 20h00<br \/>Denain (Elite 2) &#8211; Mulhouse (NM1, +7)<\/p>\n<p>Mardi 7 octobre \u00e0 19h00<br \/>Evreux (Elite 2) &#8211; Tours (NM1, +7)<\/p>\n<p>Mardi 7 octobre \u00e0 20h00<br \/>Hy\u00e8res-Toulon (Elite 2) &#8211; Lyon SO (NM1, +7)<br \/>Antibes (Elite 2) &#8211; Aix-Maurienne (Elite 2)<br \/>Pau-Lacq-Orthez (Elite 2, +7) &#8211; Boulazac (Betclic Elite)<br \/>Tarbes-Lourdes (NM1) &#8211; Les Sables d&rsquo;Olonne (NM1)<br \/>Challans (Elite 2) &#8211; La Rochelle (Elite 2)<br \/>Nantes (Elite 2) &#8211; Quimper (Elite 2)<br \/>Foug\u00e8res (NM1, +7) &#8211; Blois (Elite 2)<br \/>Le Havre (NM1) &#8211; Loon Plage (NM1)<br \/>Le Portel (Betclic Elite) &#8211; Gravelines-Dunkerque (Betclic Elite)<br \/>Ch\u00e2lons-Reims (Elite 2, +7) &#8211; Strasbourg (Betclic Elite)<br \/>Saint-Quentin (Betclic Elite) &#8211; Nancy (Betclic Elite) <a href=\"https:\/\/www.facebook.com\/VIAMATELE.TV\/\" target=\"_blank\" rel=\"noopener\">en direct sur MAT\u00c9L\u00c9<\/a> et la chaine YouTube FFBB<\/p>\n<\/p>\n<p>Mardi 7 octobre \u00e0 20h30\u00a0<br \/>Saint-Chamond-Andr\u00e9zieux (Elite 2, +7) &#8211; Limoges (Betclic Elite)<br \/>Poissy (NM1, +14) &#8211; Nanterre (Betclic Elite)<\/p>\n<p>Mercredi 8 octobre \u00e0 20h00<br \/>Metz (NM1) &#8211; Orchies (NM1)<\/p>\n","protected":false},"excerpt":{"rendered":"Lucas Boucaud &#8211; Bernard Papon\/PresseSports 16 matches seront au programme du 2e tour de la Coupe de France&hellip;\n","protected":false},"author":2,"featured_media":433323,"comment_status":"","ping_status":"","sticky":false,"template":"","format":"standard","meta":{"footnotes":""},"categories":[1414],"tags":[1465,1464,1011,27,60],"class_list":{"0":"post-433322","1":"post","2":"type-post","3":"status-publish","4":"format-standard","5":"has-post-thumbnail","7":"category-basket","8":"tag-basket","9":"tag-basketball","10":"tag-fr","11":"tag-france","12":"tag-sports"},"share_on_mastodon":{"url":"https:\/\/pubeurope.com\/@fr\/115303888377821864","error":""},"_links":{"self":[{"href":"https:\/\/www.europesays.com\/fr\/wp-json\/wp\/v2\/posts\/433322","targetHints":{"allow":["GET"]}}],"collection":[{"href":"https:\/\/www.europesays.com\/fr\/wp-json\/wp\/v2\/posts"}],"about":[{"href":"https:\/\/www.europesays.com\/fr\/wp-json\/wp\/v2\/types\/post"}],"author":[{"embeddable":true,"href":"https:\/\/www.europesays.com\/fr\/wp-json\/wp\/v2\/users\/2"}],"replies":[{"embeddable":true,"href":"https:\/\/www.europesays.com\/fr\/wp-json\/wp\/v2\/comments?post=433322"}],"version-history":[{"count":0,"href":"https:\/\/www.europesays.com\/fr\/wp-json\/wp\/v2\/posts\/433322\/revisions"}],"wp:featuredmedia":[{"embeddable":true,"href":"https:\/\/www.europesays.com\/fr\/wp-json\/wp\/v2\/media\/433323"}],"wp:attachment":[{"href":"https:\/\/www.europesays.com\/fr\/wp-json\/wp\/v2\/media?parent=433322"}],"wp:term":[{"taxonomy":"category","embeddable":true,"href":"https:\/\/www.europesays.com\/fr\/wp-json\/wp\/v2\/categories?post=433322"},{"taxonomy":"post_tag","embeddable":true,"href":"https:\/\/www.europesays.com\/fr\/wp-json\/wp\/v2\/tags?post=433322"}],"curies":[{"name":"wp","href":"https:\/\/api.w.org\/{rel}","templated":true}]}}