{"id":433324,"date":"2025-10-02T09:34:13","date_gmt":"2025-10-02T09:34:13","guid":{"rendered":"https:\/\/www.europesays.com\/fr\/433324\/"},"modified":"2025-10-02T09:34:13","modified_gmt":"2025-10-02T09:34:13","slug":"motogp-2025-rumors-marquez-honda","status":"publish","type":"post","link":"https:\/\/www.europesays.com\/fr\/433324\/","title":{"rendered":"MotoGP 2025: Rumors\u2026 Marquez\u2026 Honda\u2026"},"content":{"rendered":"<p>Alors bien s\u00fbr en 2026 Marquez est toujours sign\u00e9 en rouge et, \u00e0 supposer que le retour de forme de Bagnaia soit p\u00e9renne, Marc reste gros favori s&rsquo;il ne se blesse pas. Et ensuite ? Il a dit \u00e0 nos confr\u00e8res allemands qu&rsquo;il avait envie de fonder une famille, il a trente deux ans et en aura trente-trois fin 2026, la chance aidant il peut alors d\u00e9crocher un dixi\u00e8me titre mondial, un huiti\u00e8me en MotoGP, rejoignant ainsi la l\u00e9gende qu&rsquo;est Ago. En cinq GP restants en 2025 plus la saison 2026, il peut esp\u00e9rer glaner les seize victoires qui le s\u00e9parent encore du palmar\u00e8s astronomique de Rossi. Alors ? Le probl\u00e8me de toute carri\u00e8re ph\u00e9nom\u00e9nale est la sortie. Rossi par exemple est rest\u00e9 vraiment longtemps apr\u00e8s sa derni\u00e8re victoire en 2017. Il continue d&rsquo;ailleurs dans la comp\u00e8te, il court en auto et dirige le team VR46. Il a fait deux enfants, sa vie de p\u00e8re est r\u00e9alis\u00e9e, il peut revenir \u00e0 son amour du chrono. Marquez en est loin. On peut imaginer qu&rsquo;il arr\u00eate fin 2026. Mais s&rsquo;il est encore titr\u00e9, il sera tentant de continuer encore un an, avec les nouvelles motos, qui seront \u00e0 priori infiniment plus sportives que les \u00e9l\u00e9phants d&rsquo;aujourd&rsquo;hui. Et un autre d\u00e9fi serait de redonner son premier titre \u00e0 Honda depuis 2019 ! Les patrons de Honda en seraient s\u00fbrement ravis mais si lors de sa premi\u00e8re ann\u00e9e il se fait battre \u00e7a le fera moyen pour l&rsquo;image de marque de Honda ! Et dans ce cas, Marquez peut d\u00e9cider d&rsquo;arr\u00eater. Ce serait dommage, car le prochain h\u00e9ros ne pointe pas dans le brouillard, et ce sport ne fonctionne qu&rsquo;avec des h\u00e9ros. Bon, c&rsquo;est loin mais c&rsquo;est comme le dentiste, un jour il faut y aller !<\/p>\n<p>La suite apr\u00e8s cette publicit\u00e9<\/p>\n","protected":false},"excerpt":{"rendered":"Alors bien s\u00fbr en 2026 Marquez est toujours sign\u00e9 en rouge et, \u00e0 supposer que le retour de&hellip;\n","protected":false},"author":2,"featured_media":433325,"comment_status":"","ping_status":"","sticky":false,"template":"","format":"standard","meta":{"footnotes":""},"categories":[1413],"tags":[17,21202,56120,4266,1011,27,51591,4922,22586,1457,1456,1458,60],"class_list":{"0":"post-433324","1":"post","2":"type-post","3":"status-publish","4":"format-standard","5":"has-post-thumbnail","7":"category-moto","8":"tag-17","9":"tag-21202","10":"tag-dilemme","11":"tag-ducati","12":"tag-fr","13":"tag-france","14":"tag-gigi-dall-igna","15":"tag-honda","16":"tag-marquez","17":"tag-moto","18":"tag-motocycle","19":"tag-motogp","20":"tag-sports"},"share_on_mastodon":{"url":"https:\/\/pubeurope.com\/@fr\/115303891869311599","error":""},"_links":{"self":[{"href":"https:\/\/www.europesays.com\/fr\/wp-json\/wp\/v2\/posts\/433324","targetHints":{"allow":["GET"]}}],"collection":[{"href":"https:\/\/www.europesays.com\/fr\/wp-json\/wp\/v2\/posts"}],"about":[{"href":"https:\/\/www.europesays.com\/fr\/wp-json\/wp\/v2\/types\/post"}],"author":[{"embeddable":true,"href":"https:\/\/www.europesays.com\/fr\/wp-json\/wp\/v2\/users\/2"}],"replies":[{"embeddable":true,"href":"https:\/\/www.europesays.com\/fr\/wp-json\/wp\/v2\/comments?post=433324"}],"version-history":[{"count":0,"href":"https:\/\/www.europesays.com\/fr\/wp-json\/wp\/v2\/posts\/433324\/revisions"}],"wp:featuredmedia":[{"embeddable":true,"href":"https:\/\/www.europesays.com\/fr\/wp-json\/wp\/v2\/media\/433325"}],"wp:attachment":[{"href":"https:\/\/www.europesays.com\/fr\/wp-json\/wp\/v2\/media?parent=433324"}],"wp:term":[{"taxonomy":"category","embeddable":true,"href":"https:\/\/www.europesays.com\/fr\/wp-json\/wp\/v2\/categories?post=433324"},{"taxonomy":"post_tag","embeddable":true,"href":"https:\/\/www.europesays.com\/fr\/wp-json\/wp\/v2\/tags?post=433324"}],"curies":[{"name":"wp","href":"https:\/\/api.w.org\/{rel}","templated":true}]}}