{"id":433326,"date":"2025-10-02T09:35:11","date_gmt":"2025-10-02T09:35:11","guid":{"rendered":"https:\/\/www.europesays.com\/fr\/433326\/"},"modified":"2025-10-02T09:35:11","modified_gmt":"2025-10-02T09:35:11","slug":"coco-gauff-se-qualifie-facilement-en-demi-finale-a-pekin","status":"publish","type":"post","link":"https:\/\/www.europesays.com\/fr\/433326\/","title":{"rendered":"Coco Gauff se qualifie facilement en demi-finale \u00e0 P\u00e9kin"},"content":{"rendered":"<p>Championne en titre, l\u2019Am\u00e9ricaine n\u2019a pas trembl\u00e9 face \u00e0 Eva Lys (6-3, 6-4). Elle affrontera en final la gagnante du duel entre Anisimova et Paolini.<\/p>\n<p class=\"fig-paragraph\">Tenante du titre, l&rsquo;Am\u00e9ricaine\u00a0<a href=\"https:\/\/www.lefigaro.fr\/sports\/tennis\/tennis-coup-double-pour-coco-gauff-qualifiee-au-masters-et-en-quarts-a-pekin-20250930?msockid=2338e949ff1a6caa28edff13fe766dd0\" target=\"_blank\" data-fig-type=\"NewsFlash\" rel=\"nofollow noopener\" data-gtm-custom-categorie=\"navigation\" data-gtm-custom-action=\"crossclick\" data-gtm-custom-label=\"Contextuel\" data-gtm-event=\"customEventSPE\" data-fig-domain=\"LEFIGARO\">Coco Gauff<\/a>\u00a0s&rsquo;est qualifi\u00e9e jeudi pour la demi-finale du tournoi<a href=\"http:\/\/www.lefigaro.fr\/sports\/tennis\/tennis-jannik-sinner-emboite-le-pas-d-alcaraz-et-decroche-un-nouveau-titre-a-pekin-20251001\" data-fig-type=\"NewsFlash\" data-gtm-custom-categorie=\"navigation\" data-gtm-custom-action=\"crossclick\" data-gtm-custom-label=\"Contextuel\" data-gtm-event=\"customEventSPE\" data-fig-domain=\"LEFIGARO\" target=\"_blank\" rel=\"noopener\">\u00a0WTA 1000 de P\u00e9kin<\/a>\u00a0aux d\u00e9pens de l&rsquo;Allemande Eva Lys (66e), \u00e9cart\u00e9e en deux sets 6-3, 6-4.<\/p>\n<p class=\"fig-paragraph\">Pour sa troisi\u00e8me demi-finale cons\u00e9cutive \u00e0 P\u00e9kin, la N.3 mondiale de 21 ans affrontera sa compatriote Amanda Anisimova (t\u00eate de s\u00e9rie N.3), ou l&rsquo;Italienne Jasmine Paolini (t\u00eate de s\u00e9rie N.6).<\/p>\n<p>                                    <a class=\"fig-a11y-skip a11y-hidden\" href=\"#fig-a11y-skip-main-inarticle\"><br \/>\n        Passer la publicit\u00e9<br \/>\n    <\/a><\/p>\n<p class=\"fig-paragraph\">Dans un match o\u00f9 les deux joueuses ont pein\u00e9 \u00e0 garder leur service (3 breaks r\u00e9ussis pour Lys, 5 pour Gauff), la Floridienne a pris le contr\u00f4le logiquement en \u00abrestant agressive\u00bb malgr\u00e9 les \u00abcoups incroyables\u00bb de Lys, a soulign\u00e9 Gauff.<\/p>\n<p class=\"fig-paragraph\">Eva Lys, 23 ans, avait cr\u00e9\u00e9 la surprise en battant la 8e mondiale Elena Rybakina pour atteindre les quarts, sa premi\u00e8re victoire contre une joueuse du top 10. Mais elle n&rsquo;a pas r\u00e9ussi \u00e0 r\u00e9\u00e9diter l&rsquo;exploit face \u00e0 la championne en titre de Roland-Garros, \u00e9galement laur\u00e9ate de l&rsquo;US Open en 2023.<\/p>\n<p class=\"fig-paragraph\">Gauff a d\u00e9j\u00e0 remport\u00e9 11 titres, dont ces deux titres du Grand Chelem, un WTA Finals, et deux WTA 1000.<\/p>\n","protected":false},"excerpt":{"rendered":"Championne en titre, l\u2019Am\u00e9ricaine n\u2019a pas trembl\u00e9 face \u00e0 Eva Lys (6-3, 6-4). Elle affrontera en final la&hellip;\n","protected":false},"author":2,"featured_media":433327,"comment_status":"","ping_status":"","sticky":false,"template":"","format":"standard","meta":{"footnotes":""},"categories":[1412],"tags":[20863,1451,1452,1453,1454,1455,1011,27,60],"class_list":{"0":"post-433326","1":"post","2":"type-post","3":"status-publish","4":"format-standard","5":"has-post-thumbnail","7":"category-f1","8":"tag-coco-gauff","9":"tag-f1","10":"tag-formula-1","11":"tag-formula1","12":"tag-formule-1","13":"tag-formule1","14":"tag-fr","15":"tag-france","16":"tag-sports"},"share_on_mastodon":{"url":"https:\/\/pubeurope.com\/@fr\/115303895799579542","error":""},"_links":{"self":[{"href":"https:\/\/www.europesays.com\/fr\/wp-json\/wp\/v2\/posts\/433326","targetHints":{"allow":["GET"]}}],"collection":[{"href":"https:\/\/www.europesays.com\/fr\/wp-json\/wp\/v2\/posts"}],"about":[{"href":"https:\/\/www.europesays.com\/fr\/wp-json\/wp\/v2\/types\/post"}],"author":[{"embeddable":true,"href":"https:\/\/www.europesays.com\/fr\/wp-json\/wp\/v2\/users\/2"}],"replies":[{"embeddable":true,"href":"https:\/\/www.europesays.com\/fr\/wp-json\/wp\/v2\/comments?post=433326"}],"version-history":[{"count":0,"href":"https:\/\/www.europesays.com\/fr\/wp-json\/wp\/v2\/posts\/433326\/revisions"}],"wp:featuredmedia":[{"embeddable":true,"href":"https:\/\/www.europesays.com\/fr\/wp-json\/wp\/v2\/media\/433327"}],"wp:attachment":[{"href":"https:\/\/www.europesays.com\/fr\/wp-json\/wp\/v2\/media?parent=433326"}],"wp:term":[{"taxonomy":"category","embeddable":true,"href":"https:\/\/www.europesays.com\/fr\/wp-json\/wp\/v2\/categories?post=433326"},{"taxonomy":"post_tag","embeddable":true,"href":"https:\/\/www.europesays.com\/fr\/wp-json\/wp\/v2\/tags?post=433326"}],"curies":[{"name":"wp","href":"https:\/\/api.w.org\/{rel}","templated":true}]}}