{"id":433380,"date":"2025-10-02T10:04:10","date_gmt":"2025-10-02T10:04:10","guid":{"rendered":"https:\/\/www.europesays.com\/fr\/433380\/"},"modified":"2025-10-02T10:04:10","modified_gmt":"2025-10-02T10:04:10","slug":"cour-dappel-une-nuit-du-droit","status":"publish","type":"post","link":"https:\/\/www.europesays.com\/fr\/433380\/","title":{"rendered":"cour d&rsquo;appel : une nuit du droit"},"content":{"rendered":"<p class=\"p3\" style=\"text-align: justify;\">Ce jeudi 2 octobre 2025, de 17 h 30 \u00e0 21 h, la cour d\u2019appel de Rennes, install\u00e9e au Parlement de Bretagne, accueillera le public pour une nouvelle \u00e9dition de la <b>Nuit du droit<\/b>. L\u2019\u00e9v\u00e9nement, organis\u00e9 avec le conseil d\u00e9partemental de l\u2019acc\u00e8s au droit d\u2019Ille-et-Vilaine et l\u2019ordre des avocats de Rennes, a pour objectif de rendre le droit plus accessible et concret \u00e0 tous.<\/p>\n<p class=\"p3\" style=\"text-align: justify;\">L\u2019apr\u00e8s-midi et la soir\u00e9e seront rythm\u00e9es par plusieurs temps forts. D\u00e8s 17 h 30, les visiteurs pourront \u00e9changer directement avec des professionnels de la justice : magistrats, avocats, notaires, greffiers, conciliateurs, gendarmes et policiers. Des stands permettront aussi de rencontrer des associations, des repr\u00e9sentants du conseil d\u00e9partemental d\u2019acc\u00e8s au droit et des \u00e9tudiants en droit, en sciences politiques ou \u00e0 l\u2019ENS.<\/p>\n<p class=\"p3\" style=\"text-align: justify;\">En parall\u00e8le, un cycle de conf\u00e9rences gratuites est propos\u00e9 sur des th\u00e8mes de soci\u00e9t\u00e9 tr\u00e8s actuels : vie de couple et droit, harc\u00e8lement et discrimination, fonctionnement de la police judiciaire, transmission du patrimoine ou encore libert\u00e9 d\u2019expression et r\u00e9seaux sociaux.<\/p>\n<p class=\"p3\" style=\"text-align: justify;\">Le point d\u2019orgue de la soir\u00e9e d\u00e9butera \u00e0 19 h avec une audience fictive consacr\u00e9e au harc\u00e8lement moral au travail. Le public assistera \u00e0 de v\u00e9ritables plaidoiries men\u00e9es par des magistrats, avocats et conseillers prud\u2019homaux, avant de d\u00e9battre puis de rendre son propre jugement. Cette s\u00e9quence participative promet d\u2019\u00eatre un moment fort et p\u00e9dagogique.<\/p>\n<p class=\"p3\" style=\"text-align: justify;\">Gratuite et ouverte \u00e0 tous, la Nuit du droit est l\u2019occasion rare de d\u00e9couvrir les coulisses de la justice et de dialoguer sans filtre avec celles et ceux qui la font vivre au quotidien. <b>R\u00e9servation obligatoire pour l\u2019audience fictive<\/b> via Eventbrite : <a href=\"https:\/\/www.eventbrite.com\/e\/billets-nuit-du-droit-2025-cour-dappel-de-rennes-1701632962999?aff=oddtdtcreator\" rel=\"nofollow noopener\" target=\"_blank\">Nuit du droit 2025 \u2013 Cour d\u2019appel de Rennes<\/a><\/p>\n<p>\u00a0<\/p>\n","protected":false},"excerpt":{"rendered":"Ce jeudi 2 octobre 2025, de 17 h 30 \u00e0 21 h, la cour d\u2019appel de Rennes, install\u00e9e&hellip;\n","protected":false},"author":2,"featured_media":433381,"comment_status":"","ping_status":"","sticky":false,"template":"","format":"standard","meta":{"footnotes":""},"categories":[2821],"tags":[1111,11,829,1777,674,1011,27,12,584,25],"class_list":{"0":"post-433380","1":"post","2":"type-post","3":"status-publish","4":"format-standard","5":"has-post-thumbnail","7":"category-rennes","8":"tag-actu","9":"tag-actualites","10":"tag-bretagne","11":"tag-eu","12":"tag-europe","13":"tag-fr","14":"tag-france","15":"tag-news","16":"tag-rennes","17":"tag-republique-francaise"},"share_on_mastodon":{"url":"https:\/\/pubeurope.com\/@fr\/115304010023571382","error":""},"_links":{"self":[{"href":"https:\/\/www.europesays.com\/fr\/wp-json\/wp\/v2\/posts\/433380","targetHints":{"allow":["GET"]}}],"collection":[{"href":"https:\/\/www.europesays.com\/fr\/wp-json\/wp\/v2\/posts"}],"about":[{"href":"https:\/\/www.europesays.com\/fr\/wp-json\/wp\/v2\/types\/post"}],"author":[{"embeddable":true,"href":"https:\/\/www.europesays.com\/fr\/wp-json\/wp\/v2\/users\/2"}],"replies":[{"embeddable":true,"href":"https:\/\/www.europesays.com\/fr\/wp-json\/wp\/v2\/comments?post=433380"}],"version-history":[{"count":0,"href":"https:\/\/www.europesays.com\/fr\/wp-json\/wp\/v2\/posts\/433380\/revisions"}],"wp:featuredmedia":[{"embeddable":true,"href":"https:\/\/www.europesays.com\/fr\/wp-json\/wp\/v2\/media\/433381"}],"wp:attachment":[{"href":"https:\/\/www.europesays.com\/fr\/wp-json\/wp\/v2\/media?parent=433380"}],"wp:term":[{"taxonomy":"category","embeddable":true,"href":"https:\/\/www.europesays.com\/fr\/wp-json\/wp\/v2\/categories?post=433380"},{"taxonomy":"post_tag","embeddable":true,"href":"https:\/\/www.europesays.com\/fr\/wp-json\/wp\/v2\/tags?post=433380"}],"curies":[{"name":"wp","href":"https:\/\/api.w.org\/{rel}","templated":true}]}}