{"id":433382,"date":"2025-10-02T10:05:11","date_gmt":"2025-10-02T10:05:11","guid":{"rendered":"https:\/\/www.europesays.com\/fr\/433382\/"},"modified":"2025-10-02T10:05:11","modified_gmt":"2025-10-02T10:05:11","slug":"mma-a-rennes-un-nouveau-gala-du-championnat-aec-prevu-en-fin-dannee-la-billetterie-est-ouverte","status":"publish","type":"post","link":"https:\/\/www.europesays.com\/fr\/433382\/","title":{"rendered":"MMA \u00e0 Rennes. Un nouveau gala du championnat AEC pr\u00e9vu en fin d&rsquo;ann\u00e9e : la billetterie est ouverte"},"content":{"rendered":"<p>            Par<br \/>\n        <strong><br \/>\n            <a href=\"https:\/\/actu.fr\/auteur\/brian-legoff\" title=\"Consulter tous les articles de Brian Le Goff\" target=\"_blank\" rel=\"noopener\">Brian Le Goff<\/a><br \/>\n        <\/strong><\/p>\n<p>        Publi\u00e9 le<\/p>\n<p>            2 oct. 2025 \u00e0 11h07        <\/p>\n<p>C\u2019est devenu un <strong>rendez-vous incontournable<\/strong> pour les amateurs de sports de combat. <strong>L\u2019Arena Elite Championship (AEC)<\/strong>, organisation de <a href=\"https:\/\/actu.fr\/tag\/mma\" target=\"_blank\" rel=\"noopener\">MMA<\/a> n\u00e9e \u00e0 <a href=\"https:\/\/actu.fr\/rennes\/\" target=\"_blank\" rel=\"noopener\">Rennes<\/a> en 2022, boucle son ann\u00e9e \u00e0 domicile avec un nouvel \u00e9v\u00e9nement prometteur. Le samedi 20 d\u00e9cembre 2025, la <strong>salle Colette-Besson<\/strong> vibrera au rythme de l\u2019AEC 17, qui proposera onze combats de haut niveau et devrait faire salle comble.<\/p>\n<p>2\u2009400\u00a0spectateurs attendus et une nouveaut\u00e9<\/p>\n<p class=\" wall-content\">Apr\u00e8s avoir r\u00e9uni plus de 2\u2009200\u00a0spectateurs lors de<a href=\"https:\/\/actu.fr\/bretagne\/rennes_35238\/mma-a-rennes-l-aec-revient-tres-bientot-pour-une-nouvelle-soiree-de-combats_62004750.html\" target=\"_blank\" rel=\"noopener\"> l\u2019AEC 11 en janvier dernier \u00e0 Rennes<\/a>, la ligue professionnelle majeure de MMA s\u2019appr\u00eate \u00e0 revenir avec une affiche relev\u00e9e. Pour cette \u00ab\u2009der\u2009\u00bb de l\u2019ann\u00e9e, <strong>2\u2009400\u00a0spectateurs sont attendus.<\/strong><\/p>\n<p class=\" wall-content\"><strong>Quelques tables VIP<\/strong> seront propos\u00e9es pour une immersion unique au bord de la cage, indique l\u2019organisation.<\/p>\n<p>Plusieurs combattants rennais et bretons<\/p>\n<p class=\" wall-content\">Si la <strong>carte d\u00e9finitive n\u2019est pas encore officialis\u00e9e,<\/strong> l\u2019AEC annonce d\u00e9j\u00e0 plusieurs combattants bretons \u00e0 l\u2019affiche\u2009:<\/p>\n<ul class=\" wall-content\">\n<li>le Brestois <strong>Kouroufia Conteh<\/strong> (Pancrase et Ben JJB) avec un bilan de quatre victoires pour deux d\u00e9faites. Il effectuera ainsi ses d\u00e9buts pro \u00e0 l\u2019AEC 17\u2009;<\/li>\n<li>le Rennais <strong>Louis Bokola<\/strong> (Rennes Combat Association, dix victoires, onze d\u00e9faites et un match nul \u00e0 son actif, il a d\u00e9j\u00e0 particip\u00e9 plusieurs fois au championnat de France et \u00e0 l\u2019AEC et combattu tous ses concurrents dans sa cat\u00e9gorie)\u2009;<\/li>\n<li>des jeunes espoirs comme Kenji Aliamane (RCA, huit victoires, quatre d\u00e9faites, n\u00b07 fran\u00e7ais en moins de 66 kg) et Luka Gabellia (Monkey Gym, quatre victoires d\u2019affil\u00e9e, deux d\u00e9faites) seront aussi pr\u00e9sents.<\/li>\n<\/ul>\n<p class=\" wall-content\">Pour <a href=\"https:\/\/actu.fr\/bretagne\/rennes_35238\/rennes-willy-sirope-champion-du-monde-du-jiu-jitsu-bresilien-va-defendre-son-titre_39302615.html\" target=\"_blank\" rel=\"noopener\">Willy Sirope<\/a>, organisateur de l\u2019AEC, l\u2019\u00e9v\u00e9nement s\u2019inscrit dans la continuit\u00e9 d\u2019une ann\u00e9e marqu\u00e9e par le succ\u00e8s\u2009: \u00ab\u2009L\u2019ann\u00e9e se terminera comme elle a commenc\u00e9. On revient \u00e0 la maison pour une nouvelle tr\u00e8s belle \u00e9dition. <strong>On a envie de remettre un accent fort sur la Bretagne<\/strong> et montrer que les combattants d\u2019ici n\u2019ont rien \u00e0 envier aux autres. C\u2019est aussi la nouvelle g\u00e9n\u00e9ration avec des passages en pro.\u2009\u00bb<\/p>\n<p>Votre r\u00e9gion, votre actu !<\/p>\n<p>Recevez chaque jour les infos qui comptent pour vous.<\/p>\n<p>\t<a href=\"https:\/\/actu.fr\/newsletter\" class=\"ac-btn ac-btn--corner ac-btn--medium ac-btn--blue800\" target=\"_blank\" rel=\"noopener\">S&rsquo;incrire<\/a><\/p>\n<p class=\" wall-content\">L\u2019AEC, qui a <a href=\"https:\/\/actu.fr\/bretagne\/rennes_35238\/mma-au-roazhon-park-a-rennes-retour-en-images-sur-le-gala-de-l-aef-championship-6_61084489.html\" target=\"_blank\" rel=\"noopener\">d\u00e9j\u00e0 fait vibrer le Roazhon Park en mai\u00a02024 lors d\u2019une \u00e9dition record \u00e0 laquelle actu Rennes avait assist\u00e9<\/a>, confirme son ADN\u2009: d\u00e9velopper les grands champions de demain tout en valorisant la sc\u00e8ne r\u00e9gionale.<\/p>\n<p>Infos pratiques\u2009:<br \/>\nSamedi 20\u00a0d\u00e9cembre 2025<br \/>\nSalle Colette Besson, Rennes<br \/>\nOuverture des portes \u00e0 17h30 \u2013 D\u00e9but des combats \u00e0 18h30 \u2013 Carte principale \u00e0 20h30<br \/>\nBilletterie en ligne\u2009: Carreor, <a href=\"https:\/\/carreor.trium.fr\/fr\/t\/-\/event\/62949\" target=\"_blank\" rel=\"noopener\">aec-mma.com<\/a>, Ticketmaster, Fnac, Cultura<br \/>\nDiffusion\u2009: en direct sur Twitch RMC Sport<\/p>\n<p class=\" wall-content\">Personnalisez votre actualit\u00e9 en ajoutant vos villes et m\u00e9dias en favori avec <a href=\"https:\/\/moncompte.actu.fr\" title=\"D\u00e9couvez Mon Actu\" rel=\"nofollow noopener\" data-trk=\"{&quot;cta&quot;:{&quot;action&quot;:&quot;https:\\\/\\\/moncompte.actu.fr&quot;,&quot;category&quot;:&quot;mon compte&quot;,&quot;from&quot;:&quot;article footer&quot;,&quot;name&quot;:&quot;Mon actu&quot;,&quot;type&quot;:&quot;cta&quot;}}\" target=\"_blank\">Mon Actu<\/a>.<\/p>\n","protected":false},"excerpt":{"rendered":"Par Brian Le Goff Publi\u00e9 le 2 oct. 2025 \u00e0 11h07 C\u2019est devenu un rendez-vous incontournable pour les&hellip;\n","protected":false},"author":2,"featured_media":433383,"comment_status":"","ping_status":"","sticky":false,"template":"","format":"standard","meta":{"footnotes":""},"categories":[2821],"tags":[1111,11,3062,829,1777,674,1011,27,1847,12,584,25,60],"class_list":{"0":"post-433382","1":"post","2":"type-post","3":"status-publish","4":"format-standard","5":"has-post-thumbnail","7":"category-rennes","8":"tag-actu","9":"tag-actualites","10":"tag-autres-sports","11":"tag-bretagne","12":"tag-eu","13":"tag-europe","14":"tag-fr","15":"tag-france","16":"tag-mma","17":"tag-news","18":"tag-rennes","19":"tag-republique-francaise","20":"tag-sports"},"share_on_mastodon":{"url":"https:\/\/pubeurope.com\/@fr\/115304013953644019","error":""},"_links":{"self":[{"href":"https:\/\/www.europesays.com\/fr\/wp-json\/wp\/v2\/posts\/433382","targetHints":{"allow":["GET"]}}],"collection":[{"href":"https:\/\/www.europesays.com\/fr\/wp-json\/wp\/v2\/posts"}],"about":[{"href":"https:\/\/www.europesays.com\/fr\/wp-json\/wp\/v2\/types\/post"}],"author":[{"embeddable":true,"href":"https:\/\/www.europesays.com\/fr\/wp-json\/wp\/v2\/users\/2"}],"replies":[{"embeddable":true,"href":"https:\/\/www.europesays.com\/fr\/wp-json\/wp\/v2\/comments?post=433382"}],"version-history":[{"count":0,"href":"https:\/\/www.europesays.com\/fr\/wp-json\/wp\/v2\/posts\/433382\/revisions"}],"wp:featuredmedia":[{"embeddable":true,"href":"https:\/\/www.europesays.com\/fr\/wp-json\/wp\/v2\/media\/433383"}],"wp:attachment":[{"href":"https:\/\/www.europesays.com\/fr\/wp-json\/wp\/v2\/media?parent=433382"}],"wp:term":[{"taxonomy":"category","embeddable":true,"href":"https:\/\/www.europesays.com\/fr\/wp-json\/wp\/v2\/categories?post=433382"},{"taxonomy":"post_tag","embeddable":true,"href":"https:\/\/www.europesays.com\/fr\/wp-json\/wp\/v2\/tags?post=433382"}],"curies":[{"name":"wp","href":"https:\/\/api.w.org\/{rel}","templated":true}]}}