{"id":433410,"date":"2025-10-02T10:19:11","date_gmt":"2025-10-02T10:19:11","guid":{"rendered":"https:\/\/www.europesays.com\/fr\/433410\/"},"modified":"2025-10-02T10:19:11","modified_gmt":"2025-10-02T10:19:11","slug":"stephane-tapie-fils-de-bernard-pourrait-y-aller-avec-marine-le-pen-ou-dautres","status":"publish","type":"post","link":"https:\/\/www.europesays.com\/fr\/433410\/","title":{"rendered":"St\u00e9phane Tapie, fils de Bernard, \u00ab\u00a0pourrait y aller avec Marine Le\u00a0Pen\u00a0\u00bb (ou d\u2019autres)"},"content":{"rendered":"<p>Un rapprochement qui peut en \u00e9tonner certain. Dans une interview vid\u00e9o accord\u00e9e \u00e0 <a href=\"https:\/\/fr.news.yahoo.com\/municipales-a-marseille-y-aller-avec-marine-le-pen-si-elle-est-daccord-avec-mon-analyse-oui-affirme-stephane-tapie-111121690.html\" rel=\"nofollow noopener\" target=\"_blank\" class=\"c-link c-link--is-underlined\">Yahoo<\/a>, St\u00e9phane Tapie, l\u2019un des fils de <a href=\"https:\/\/www.20minutes.fr\/dossier\/bernard_tapie\" class=\"c-link c-link--is-underlined\" target=\"_blank\" rel=\"noopener\">Bernard Tapie<\/a>, a \u00e9voqu\u00e9 un possible avenir politique \u00e0 l\u2019approche des \u00e9lections municipales. Du c\u00f4t\u00e9 de <a href=\"https:\/\/www.20minutes.fr\/marseille\/\" class=\"c-link c-link--is-underlined\" target=\"_blank\" rel=\"noopener\">Marseille<\/a>, son profil suscite les convoitises \u00ab\u00a0Il y en a beaucoup qui aimeraient m\u2019avoir dans leur \u00e9quipe\u00a0\u00bb, confie-t-il. Mais une personne seulement s\u2019est d\u00e9clar\u00e9e ouvertement, selon lui, <a href=\"https:\/\/www.20minutes.fr\/politique\/marine-le-pen\/\" class=\"c-link c-link--is-underlined\" target=\"_blank\" rel=\"noopener\">Marine Le\u00a0Pen.<\/a><\/p>\n<p>\u00ab\u00a0Quand elle me fait contacter pour que l\u2019on se rencontre, je ne suis pas du tout interloqu\u00e9\u00a0\u00bb, \u00e9voque le quinquag\u00e9naire, qui raconte avoir partag\u00e9 un repas avec la cheffe de file du <a href=\"https:\/\/www.20minutes.fr\/politique\/rassemblement-national\/\" class=\"c-link c-link--is-underlined\" target=\"_blank\" rel=\"noopener\">Rassemblement national<\/a> ainsi qu\u2019avec <a href=\"https:\/\/www.20minutes.fr\/politique\/jordan-bardella\/\" class=\"c-link c-link--is-underlined\" target=\"_blank\" rel=\"noopener\">Jordan Bardella<\/a>.<\/p>\n<\/p>\n<p>Les deux Le Pen, \u00ab\u00a0\u00e7a n\u2019a rien \u00e0 voir\u00a0\u00bb<\/p>\n<p>L\u2019engagement politique de Bernard Tapie, <a href=\"https:\/\/www.20minutes.fr\/societe\/2190663-20211003-mort-bernard-tapie-bernard-tapie-justiciable-comme-autres-sauf-savait\" class=\"c-link c-link--is-underlined\" target=\"_blank\" rel=\"noopener\">mort en\u00a02021<\/a>, \u00e9tait pourtant marqu\u00e9 par la d\u00e9testation de <a href=\"https:\/\/www.20minutes.fr\/dossier\/jean-marie_le_pen\" class=\"c-link c-link--is-underlined\" target=\"_blank\" rel=\"noopener\">Jean-Marie Le\u00a0Pen<\/a> et de son parti politique. Le d\u00e9bat t\u00e9l\u00e9vis\u00e9 houleux entre les deux hommes est rest\u00e9 mythique.<\/p>\n<p>Les g\u00e9n\u00e9rations suivantes pourraient-elles enterrer la hache de guerre\u00a0? \u00ab\u00a0Intellectuellement, les deux \u00e7a n\u2019a rien \u00e0 voir entre le p\u00e8re et la fille. Ils ne v\u00e9hiculent pas les m\u00eames id\u00e9es, pas les m\u00eames haines\u00a0\u00bb, explique St\u00e9phane Tapie.<\/p>\n<p>Paradoxalement, la mort des deux hommes a rapproch\u00e9 les enfants. \u00ab\u00a0C\u2019est une des premi\u00e8res \u00e0 m\u2019avoir envoy\u00e9 un SMS quand mon p\u00e8re est mort. Et elle a \u00e9t\u00e9 ultra-sinc\u00e8re. Du coup, j\u2019ai \u00e9t\u00e9 pas loin d\u2019\u00eatre le premier \u00e0 lui envoyer un SMS quand son papa est \u00e9galement parti\u00a0\u00bb, raconte-t-il.<\/p>\n<p>S\u2019attaquer aux trafics<\/p>\n<p>St\u00e9phane Tapie ne ferme pas la porte \u00e0 une candidature sous l\u2019\u00e9tiquette RN, mais il veut surtout que l\u2019\u00e9ventuel projet tienne compte de sa priorit\u00e9\u00a0: la lutte contre le <a href=\"https:\/\/www.20minutes.fr\/dossier\/trafic_de_drogue\" class=\"c-link c-link--is-underlined\" target=\"_blank\" rel=\"noopener\">narcotrafic<\/a>. \u00ab\u00a0Est-ce que je pourrais y aller pour Marine Le\u00a0Pen\u00a0? Si elle est d\u2019accord avec mon analyse oui. Mais est-ce que je pourrais y aller avec <a href=\"https:\/\/www.20minutes.fr\/marseille\/benoit-payan\/\" class=\"c-link c-link--is-underlined\" target=\"_blank\" rel=\"noopener\">Beno\u00eet Payan<\/a> [maire DVG] ou <a href=\"https:\/\/www.20minutes.fr\/politique\/martine-vassal\/\" class=\"c-link c-link--is-underlined\" target=\"_blank\" rel=\"noopener\">Martine Vassal<\/a> [candidate de la droite et du centre]\u00a0? Oui, j\u2019irais avec ceux qui sont le plus proches de ce que je dis\u00a0\u00bb, assure-t-il.<\/p>\n<p><a href=\"https:\/\/www.20minutes.fr\/municipales\/\" class=\"c-link c-btn c-btn--primary\" target=\"_blank\" rel=\"noopener\">Retrouvez notre dossier consacr\u00e9 aux \u00e9lections municipales<\/a><\/p>\n<p>\u00ab\u00a0Ce n\u2019est pas le dossard qui m\u2019int\u00e9resse, c\u2019est pour quoi faire. Avoir une \u00e9charpe tricolore, je n\u2019en ai rien \u00e0 faire d\u00e9fend St\u00e9phane Tapie. Cette ville je l\u2019aime d\u2019amour. Marseille, si tu veux vraiment faire quelque chose pour cette ville, il faut t\u2019attaquer \u00e0 la <a href=\"https:\/\/www.20minutes.fr\/societe\/4127947-20241207-dz-mafia-gang-narcotrafiquants-marseillais-etend-diversifie\" class=\"c-link c-link--is-underlined\" target=\"_blank\" rel=\"noopener\">DZ Mafia<\/a> et aux dealers\u00a0\u00bb.<\/p>\n","protected":false},"excerpt":{"rendered":"Un rapprochement qui peut en \u00e9tonner certain. Dans une interview vid\u00e9o accord\u00e9e \u00e0 Yahoo, St\u00e9phane Tapie, l\u2019un des&hellip;\n","protected":false},"author":2,"featured_media":433411,"comment_status":"","ping_status":"","sticky":false,"template":"","format":"standard","meta":{"footnotes":""},"categories":[2814],"tags":[1111,47,11,6469,1191,885,5949,2761,1777,674,1011,27,1077,5107,884,21363,12,883,316,882,2556,25],"class_list":{"0":"post-433410","1":"post","2":"type-post","3":"status-publish","4":"format-standard","5":"has-post-thumbnail","7":"category-marseille","8":"tag-actu","9":"tag-actualite","10":"tag-actualites","11":"tag-benoit-payan","12":"tag-bernard-tapie","13":"tag-bouches-du-rhone","14":"tag-elections","15":"tag-elections-municipales-2026","16":"tag-eu","17":"tag-europe","18":"tag-fr","19":"tag-france","20":"tag-jordan-bardella","21":"tag-maire","22":"tag-marseille","23":"tag-martine-vassal","24":"tag-news","25":"tag-paca","26":"tag-politique","27":"tag-provence-alpes-cote-dazur","28":"tag-rassemblement-national-rn","29":"tag-republique-francaise"},"share_on_mastodon":{"url":"https:\/\/pubeurope.com\/@fr\/115304068685491870","error":""},"_links":{"self":[{"href":"https:\/\/www.europesays.com\/fr\/wp-json\/wp\/v2\/posts\/433410","targetHints":{"allow":["GET"]}}],"collection":[{"href":"https:\/\/www.europesays.com\/fr\/wp-json\/wp\/v2\/posts"}],"about":[{"href":"https:\/\/www.europesays.com\/fr\/wp-json\/wp\/v2\/types\/post"}],"author":[{"embeddable":true,"href":"https:\/\/www.europesays.com\/fr\/wp-json\/wp\/v2\/users\/2"}],"replies":[{"embeddable":true,"href":"https:\/\/www.europesays.com\/fr\/wp-json\/wp\/v2\/comments?post=433410"}],"version-history":[{"count":0,"href":"https:\/\/www.europesays.com\/fr\/wp-json\/wp\/v2\/posts\/433410\/revisions"}],"wp:featuredmedia":[{"embeddable":true,"href":"https:\/\/www.europesays.com\/fr\/wp-json\/wp\/v2\/media\/433411"}],"wp:attachment":[{"href":"https:\/\/www.europesays.com\/fr\/wp-json\/wp\/v2\/media?parent=433410"}],"wp:term":[{"taxonomy":"category","embeddable":true,"href":"https:\/\/www.europesays.com\/fr\/wp-json\/wp\/v2\/categories?post=433410"},{"taxonomy":"post_tag","embeddable":true,"href":"https:\/\/www.europesays.com\/fr\/wp-json\/wp\/v2\/tags?post=433410"}],"curies":[{"name":"wp","href":"https:\/\/api.w.org\/{rel}","templated":true}]}}