{"id":433412,"date":"2025-10-02T10:20:09","date_gmt":"2025-10-02T10:20:09","guid":{"rendered":"https:\/\/www.europesays.com\/fr\/433412\/"},"modified":"2025-10-02T10:20:09","modified_gmt":"2025-10-02T10:20:09","slug":"pres-de-lyon-un-train-sncf-percute-une-personne-le-trafic-interrompu-durgence","status":"publish","type":"post","link":"https:\/\/www.europesays.com\/fr\/433412\/","title":{"rendered":"Pr\u00e8s de Lyon. Un train SNCF percute une personne, le trafic interrompu d&rsquo;urgence"},"content":{"rendered":"<p>            Par<br \/>\n        <strong><br \/>\n            <a href=\"https:\/\/actu.fr\/auteur\/anthony-soudani\" title=\"Consulter tous les articles de Anthony Soudani\" rel=\"nofollow noopener\" target=\"_blank\">Anthony Soudani<\/a><br \/>\n        <\/strong><\/p>\n<p>        Publi\u00e9 le<\/p>\n<p>            2 oct. 2025 \u00e0 12h01<br \/>\n        ; mis \u00e0 jour le 2 oct. 2025 \u00e0 12h11    <\/p>\n<p>Un train TER de la <a href=\"https:\/\/actu.fr\/tag\/sncf\" rel=\"nofollow noopener\" target=\"_blank\">SNCF<\/a> a heurt\u00e9 une personne entre Cr\u00e9pieux-la-Pape et Miribel, ce jeudi 2 octobre, peu apr\u00e8s 11 heures. L\u2019accident s\u2019est produit au niveau de la commune de <strong>Neyron<\/strong> (Ain).<\/p>\n<p>    <a href=\"https:\/\/www.google.com\/maps\/embed?pb=!1m18!1m12!1m3!1d22244.346709266243!2d4.914981610643498!3d45.82040335759761!2m3!1f0!2f0!3f0!3m2!1i1024!2i768!4f13.1!3m3!1m2!1s0x47f4bf0df2f09bbd%3A0x408ab2ae4c20920!2s01700%20Neyron!5e0!3m2!1sfr!2sfr!4v1759399868735!5m2!1sfr!2sfr\" title=\"Ouvrie le lien\" rel=\"nofollow noopener\" target=\"_blank\">Cliquez ici pour visualiser le contenu<\/a><\/p>\n<p class=\" wall-content\">Les sapeurs-pompiers sont d\u00e9p\u00each\u00e9s sur place. Nous n\u2019avons pour l\u2019heure pas d\u2019information sur l\u2019\u00e9tat de sant\u00e9 de la victime.<\/p>\n<p>Le trafic coup\u00e9 sur plusieurs lignes depuis Lyon<\/p>\n<p class=\" wall-content\">Plusieurs lignes depuis Lyon sont interrompues.\u00a0<\/p>\n<p class=\" wall-content\">Le trafic est coup\u00e9 dans les deux sens sur les axes Lyon \u2013 Amb\u00e9rieu, Lyon \u2013 Gen\u00e8ve, Lyon \u2013 Vall\u00e9es Alpines et Lyon \u2013 Chamb\u00e9ry.<\/p>\n<p class=\" wall-content\">La reprise du trafic est actuellement estim\u00e9e \u00e0 13h.<\/p>\n<p class=\" wall-content\"><strong>Plus d\u2019informations \u00e0 suivre\u2026<\/strong><\/p>\n<p class=\" wall-content\">Personnalisez votre actualit\u00e9 en ajoutant vos villes et m\u00e9dias en favori avec <a href=\"https:\/\/moncompte.actu.fr\" title=\"D\u00e9couvez Mon Actu\" rel=\"nofollow noopener\" data-trk=\"{&quot;cta&quot;:{&quot;action&quot;:&quot;https:\\\/\\\/moncompte.actu.fr&quot;,&quot;category&quot;:&quot;mon compte&quot;,&quot;from&quot;:&quot;article footer&quot;,&quot;name&quot;:&quot;Mon actu&quot;,&quot;type&quot;:&quot;cta&quot;}}\" target=\"_blank\">Mon Actu<\/a>.<\/p>\n","protected":false},"excerpt":{"rendered":"Par Anthony Soudani Publi\u00e9 le 2 oct. 2025 \u00e0 12h01 ; mis \u00e0 jour le 2 oct. 2025&hellip;\n","protected":false},"author":2,"featured_media":305971,"comment_status":"","ping_status":"","sticky":false,"template":"","format":"standard","meta":{"footnotes":""},"categories":[1889],"tags":[119,1111,11,2430,1777,674,118,1011,27,2428,12,1311,25,2215],"class_list":{"0":"post-433412","1":"post","2":"type-post","3":"status-publish","4":"format-standard","5":"has-post-thumbnail","7":"category-lyon","8":"tag-accident","9":"tag-actu","10":"tag-actualites","11":"tag-auvergne-rhone-alpes","12":"tag-eu","13":"tag-europe","14":"tag-faits-divers","15":"tag-fr","16":"tag-france","17":"tag-lyon","18":"tag-news","19":"tag-pompiers","20":"tag-republique-francaise","21":"tag-sncf"},"share_on_mastodon":{"url":"","error":""},"_links":{"self":[{"href":"https:\/\/www.europesays.com\/fr\/wp-json\/wp\/v2\/posts\/433412","targetHints":{"allow":["GET"]}}],"collection":[{"href":"https:\/\/www.europesays.com\/fr\/wp-json\/wp\/v2\/posts"}],"about":[{"href":"https:\/\/www.europesays.com\/fr\/wp-json\/wp\/v2\/types\/post"}],"author":[{"embeddable":true,"href":"https:\/\/www.europesays.com\/fr\/wp-json\/wp\/v2\/users\/2"}],"replies":[{"embeddable":true,"href":"https:\/\/www.europesays.com\/fr\/wp-json\/wp\/v2\/comments?post=433412"}],"version-history":[{"count":0,"href":"https:\/\/www.europesays.com\/fr\/wp-json\/wp\/v2\/posts\/433412\/revisions"}],"wp:featuredmedia":[{"embeddable":true,"href":"https:\/\/www.europesays.com\/fr\/wp-json\/wp\/v2\/media\/305971"}],"wp:attachment":[{"href":"https:\/\/www.europesays.com\/fr\/wp-json\/wp\/v2\/media?parent=433412"}],"wp:term":[{"taxonomy":"category","embeddable":true,"href":"https:\/\/www.europesays.com\/fr\/wp-json\/wp\/v2\/categories?post=433412"},{"taxonomy":"post_tag","embeddable":true,"href":"https:\/\/www.europesays.com\/fr\/wp-json\/wp\/v2\/tags?post=433412"}],"curies":[{"name":"wp","href":"https:\/\/api.w.org\/{rel}","templated":true}]}}