{"id":433417,"date":"2025-10-02T10:24:14","date_gmt":"2025-10-02T10:24:14","guid":{"rendered":"https:\/\/www.europesays.com\/fr\/433417\/"},"modified":"2025-10-02T10:24:14","modified_gmt":"2025-10-02T10:24:14","slug":"direct-la-flottille-pour-gaza-revendique-lentree-pour-la-premiere-fois-de-lun-de-ses-navires-dans-les-eaux-territoriales-palestiniennes","status":"publish","type":"post","link":"https:\/\/www.europesays.com\/fr\/433417\/","title":{"rendered":"DIRECT. La Flottille pour Gaza revendique l&rsquo;entr\u00e9e, pour la premi\u00e8re fois, de l&rsquo;un de ses navires dans les eaux territoriales palestiniennes"},"content":{"rendered":"<p>Une perc\u00e9e historique. <a href=\"https:\/\/www.franceinfo.fr\/monde\/palestine\/gaza\/la-flottille-assure-que-plusieurs-de-ses-navires-sont-toujours-en-route-pour-gaza-apres-de-premieres-interceptions-par-la-marine-israelienne_7526878.html\" rel=\"nofollow noopener\" target=\"_blank\">La Flotille pour Gaza<\/a> revendique jeudi 2 octobre sur ses r\u00e9seaux sociaux l&rsquo;entr\u00e9e d&rsquo;un de ses navires, le Mikeno VI, dans les eaux territoriales de Gaza pour la premi\u00e8re fois, malgr\u00e9 l&rsquo;interception depuis hier soir de plusieurs de ses bateaux par la marine isra\u00e9lienne. Cette position est confirm\u00e9e par des sites de trafic maritime en ligne consult\u00e9s par franceinfo. \u00ab\u00a0Le navire Mikeno de la flottille mondiale Sumud est entr\u00e9 avec succ\u00e8s dans les eaux palestiniennes de Gaza. Il se trouve d\u00e9sormais \u00e0 environ 20 km des c\u00f4tes de l&rsquo;enclave et constitue actuellement le navire le plus proche de la bande de Gaza\u00a0\u00bb, a \u00e9crit ce jeudi matin \u00e0 11 heures, sur X, la Global Sumud Flotilla. Suivez notre direct.<\/p>\n<p class=\"c-body__bullet\"><strong> Une grande partie des navires arr\u00eat\u00e9s.<\/strong> La flottille de 45 bateaux, o\u00f9 se trouvent des personnalit\u00e9s politiques et des militants comme la Su\u00e9doise Greta Thunberg, est partie d&rsquo;Espagne en septembre dans le but de briser le blocus impos\u00e9 par Isra\u00ebl au territoire palestinien en guerre, en proie \u00e0 la famine selon l&rsquo;ONU. Mercredi soir, la marine isra\u00e9lienne a commenc\u00e9 \u00e0 intercepter les bateaux apr\u00e8s avoir averti les \u00e9quipages qu&rsquo;ils entraient dans des eaux dont Isra\u00ebl revendique le contr\u00f4le. Ce jeudi matin, plus de 30 des 45 navires avaient \u00e9t\u00e9 intercept\u00e9s, selon le syst\u00e8me de surveillance de la flottille.<\/p>\n<p class=\"c-body__bullet\"><strong> Les passagers seront expuls\u00e9s en Europe, annonce Isra\u00ebl. <\/strong>Les militants arr\u00eat\u00e9s par la marine isra\u00e9lienne \u00ab\u00a0se dirigent en toute s\u00e9curit\u00e9 et pacifiquement vers Isra\u00ebl, o\u00f9 les proc\u00e9dures d&rsquo;expulsion vers l&rsquo;Europe vont commencer. Les passagers sont sains et saufs et en bonne sant\u00e9\u00a0\u00bb, a d\u00e9clar\u00e9 le minist\u00e8re des Affaires \u00e9trang\u00e8res isra\u00e9lien sur le r\u00e9seau social X.<\/p>\n<p class=\"c-body__bullet\"><strong> La France insoumise appelle \u00e0 un rassemblement \u00ab\u00a0partout en France\u00a0\u00bb.<\/strong> \u00ab\u00a0Rendez-vous ce 2 octobre \u00e0 partir de 18h30, partout en France, pour demander la lib\u00e9ration imm\u00e9diate des \u00e9quipes et la fin du g\u00e9nocide \u00e0 Gaza\u00a0\u00bb, a publi\u00e9 le parti de gauche radicale sur X. En Italie, plusieurs centaines de manifestants se sont d\u00e9j\u00e0 rassembl\u00e9s mercredi soir \u00e0 Rome et \u00e0 Naples.<\/p>\n<p class=\"c-body__bullet\"><strong> Paris appelle au respect de la s\u00e9curit\u00e9 de ses ressortissants. <\/strong>\u00ab\u00a0La France appelle les autorit\u00e9s isra\u00e9liennes \u00e0 assurer la s\u00e9curit\u00e9 des participants, \u00e0 leur garantir le droit \u00e0 la protection consulaire et \u00e0 permettre leur retour en France dans les meilleurs d\u00e9lais\u00a0\u00bb, a affirm\u00e9 le ministre des Affaires \u00e9trang\u00e8res d\u00e9missionnaire, Jean-No\u00ebl Barrot.<\/p>\n","protected":false},"excerpt":{"rendered":"Une perc\u00e9e historique. La Flotille pour Gaza revendique jeudi 2 octobre sur ses r\u00e9seaux sociaux l&rsquo;entr\u00e9e d&rsquo;un de&hellip;\n","protected":false},"author":2,"featured_media":433418,"comment_status":"","ping_status":"","sticky":false,"template":"","format":"standard","meta":{"footnotes":""},"categories":[1888],"tags":[1111,1928,11,1927,1777,674,1011,27,12,1926,626,1925,25],"class_list":{"0":"post-433417","1":"post","2":"type-post","3":"status-publish","4":"format-standard","5":"has-post-thumbnail","7":"category-paris","8":"tag-actu","9":"tag-actu-paris","10":"tag-actualites","11":"tag-actualites-paris","12":"tag-eu","13":"tag-europe","14":"tag-fr","15":"tag-france","16":"tag-news","17":"tag-news-paris","18":"tag-paris","19":"tag-paris-news","20":"tag-republique-francaise"},"share_on_mastodon":{"url":"https:\/\/pubeurope.com\/@fr\/115304088475201580","error":""},"_links":{"self":[{"href":"https:\/\/www.europesays.com\/fr\/wp-json\/wp\/v2\/posts\/433417","targetHints":{"allow":["GET"]}}],"collection":[{"href":"https:\/\/www.europesays.com\/fr\/wp-json\/wp\/v2\/posts"}],"about":[{"href":"https:\/\/www.europesays.com\/fr\/wp-json\/wp\/v2\/types\/post"}],"author":[{"embeddable":true,"href":"https:\/\/www.europesays.com\/fr\/wp-json\/wp\/v2\/users\/2"}],"replies":[{"embeddable":true,"href":"https:\/\/www.europesays.com\/fr\/wp-json\/wp\/v2\/comments?post=433417"}],"version-history":[{"count":0,"href":"https:\/\/www.europesays.com\/fr\/wp-json\/wp\/v2\/posts\/433417\/revisions"}],"wp:featuredmedia":[{"embeddable":true,"href":"https:\/\/www.europesays.com\/fr\/wp-json\/wp\/v2\/media\/433418"}],"wp:attachment":[{"href":"https:\/\/www.europesays.com\/fr\/wp-json\/wp\/v2\/media?parent=433417"}],"wp:term":[{"taxonomy":"category","embeddable":true,"href":"https:\/\/www.europesays.com\/fr\/wp-json\/wp\/v2\/categories?post=433417"},{"taxonomy":"post_tag","embeddable":true,"href":"https:\/\/www.europesays.com\/fr\/wp-json\/wp\/v2\/tags?post=433417"}],"curies":[{"name":"wp","href":"https:\/\/api.w.org\/{rel}","templated":true}]}}