{"id":433419,"date":"2025-10-02T10:25:15","date_gmt":"2025-10-02T10:25:15","guid":{"rendered":"https:\/\/www.europesays.com\/fr\/433419\/"},"modified":"2025-10-02T10:25:15","modified_gmt":"2025-10-02T10:25:15","slug":"paris-sur-le-point-de-devenir-la-capitale-du-basket-continental-actuanews-fr","status":"publish","type":"post","link":"https:\/\/www.europesays.com\/fr\/433419\/","title":{"rendered":"Paris sur le point de devenir la capitale du basket continental \u2013 ActuaNews.fr"},"content":{"rendered":"<p class=\"has-black-color has-text-color has-link-color has-normal-font-size wp-elements-88049fcbef00925e3fa01fd6977647a9\"><strong>La NBA pr\u00e9pare son arriv\u00e9e en Europe avec un championnat continental attendu d\u00e8s 2027. Paris et Lyon devraient accueillir deux franchises fran\u00e7aises, dont le Paris Saint-Germain qui pourrait devenir un acteur majeur de cette nouvelle ligue. L\u2019initiative confirme la volont\u00e9 de la NBA d\u2019\u00e9tendre son influence et de cr\u00e9er un format in\u00e9dit sur le Vieux Continent.<\/strong><\/p>\n<p><img loading=\"lazy\" width=\"300\" height=\"168\" src=\"https:\/\/www.europesays.com\/fr\/wp-content\/uploads\/2025\/10\/images-50.jpg\" class=\"attachment-post-thumbnail size-post-thumbnail wp-post-image\" alt=\"\" decoding=\"async\" style=\"object-fit:cover;\"   data-attachment-id=\"115955\" data-permalink=\"https:\/\/actuanews.fr\/2025\/10\/02\/nba-europe-paris-sur-le-point-de-devenir-la-capitale-du-basket-continental\/images-50-2\/\" data-orig-file=\"https:\/\/actuanews.fr\/wp-content\/uploads\/2025\/10\/images-50.jpg\" data-orig-size=\"300,168\" data-comments-opened=\"1\" data-image-meta=\"{&quot;aperture&quot;:&quot;0&quot;,&quot;credit&quot;:&quot;&quot;,&quot;camera&quot;:&quot;&quot;,&quot;caption&quot;:&quot;&quot;,&quot;created_timestamp&quot;:&quot;0&quot;,&quot;copyright&quot;:&quot;&quot;,&quot;focal_length&quot;:&quot;0&quot;,&quot;iso&quot;:&quot;0&quot;,&quot;shutter_speed&quot;:&quot;0&quot;,&quot;title&quot;:&quot;&quot;,&quot;orientation&quot;:&quot;0&quot;}\" data-image-title=\"images (50)\" data-image-description=\"\" data-image-caption=\"\" data-medium-file=\"https:\/\/www.europesays.com\/fr\/wp-content\/uploads\/2025\/10\/images-50.jpg\" data-large-file=\"https:\/\/www.europesays.com\/fr\/wp-content\/uploads\/2025\/10\/images-50.jpg\"\/><\/p>\n<p><strong>Un projet ambitieux pour le basket europ\u00e9en<\/strong><\/p>\n<p>La NBA met le cap sur l\u2019Europe<\/p>\n<p class=\"has-normal-font-size\">La NBA Europe se pr\u00e9cise avec une premi\u00e8re saison envisag\u00e9e d\u00e8s 2027. Adam Silver, pr\u00e9sident de la NBA, multiplie les rencontres avec les dirigeants europ\u00e9ens et locaux, dont Nasser al-Khela\u00effi, pr\u00e9sident du PSG. Ces \u00e9changes fr\u00e9quents et r\u00e9guliers t\u00e9moignent de l\u2019urgence et de la volont\u00e9 de poser rapidement les bases d\u2019un championnat continental r\u00e9unissant les plus grands clubs omnisports du Vieux Continent. Philippe Ausseur, pr\u00e9sident de la Ligue Nationale de Basket, se montre confiant : \u00ab On ne se demande plus si la NBA viendra puisque \u00e7a va se faire. On se demande d\u00e9sormais quand et comment. \u00bb<\/p>\n<p>Un format in\u00e9dit et structur\u00e9<\/p>\n<p class=\"has-normal-font-size\">La ligue europ\u00e9enne devrait r\u00e9unir seize franchises : douze permanentes et quatre invit\u00e9es selon les saisons. Les matchs se joueront sous les r\u00e8gles FIBA, avec quatre quarts-temps de dix minutes, contrairement au format am\u00e9ricain de 4\u00d712 minutes. Cette adaptation permettra de concilier l\u2019esprit europ\u00e9en du basket avec le prestige de la NBA et d\u2019offrir un spectacle adapt\u00e9 aux fans locaux tout en garantissant une comp\u00e9tition de haut niveau.<\/p>\n<p><strong>Paris et Lyon en premi\u00e8re ligne<\/strong><\/p>\n<p>Des villes phares pour la NBA Europe<\/p>\n<p class=\"has-normal-font-size\">La France sera repr\u00e9sent\u00e9e par deux franchises. Le PSG, gr\u00e2ce \u00e0 l\u2019impulsion de Nasser al-Khela\u00effi et au soutien de Kevin Durant, actionnaire minoritaire, pourrait devenir le fer de lance de la NBA Europe \u00e0 Paris. Lyon, via l\u2019ASVEL de Tony Parker, occupera \u00e9galement une place de choix, confirmant l\u2019ambition du pays de devenir un acteur incontournable du basket continental.<\/p>\n<p>Une \u00e9quation complexe pour Paris<\/p>\n<p class=\"has-normal-font-size\">La pr\u00e9sence du Paris Basketball, champion de France et quart de finaliste de l\u2019EuroLeague, complique le sc\u00e9nario parisien. Son pr\u00e9sident, David Kahn, proche d\u2019Adam Silver, souligne qu\u2019une coop\u00e9ration PSG\u2013Paris Basketball reste envisageable : \u00ab La NBA veut une organisation \u00e0 Paris ? Je le pense aussi. Toutefois, je n\u2019en sais pas plus. \u00bb Cette \u00e9ventuelle alliance pourrait permettre de r\u00e9unir les forces locales pour garantir le succ\u00e8s de la future franchise parisienne.<\/p>\n<p><strong>Des investissements colossaux et un mod\u00e8le \u00e9conomique ambitieux<\/strong><\/p>\n<p>Un ticket d\u2019entr\u00e9e astronomique<\/p>\n<p class=\"has-normal-font-size\">Participer \u00e0 la NBA Europe n\u00e9cessitera un investissement initial estim\u00e9 \u00e0 500 millions de dollars, un montant accessible uniquement aux clubs disposant de ressources financi\u00e8res cons\u00e9quentes. PSG, Real Madrid, FC Barcelone, Bayern Munich ou AC Milan figurent parmi les candidats naturels capables de soutenir une telle d\u00e9pense. Londres et Berlin sont \u00e9galement cit\u00e9s comme march\u00e9s strat\u00e9giques prioritaires.<\/p>\n<p>Une comp\u00e9tition susceptible de bouleverser le paysage europ\u00e9en<\/p>\n<p class=\"has-normal-font-size\">L\u2019arriv\u00e9e de la NBA Europe pourrait entrer en tension avec l\u2019EuroLeague, dont le mod\u00e8le \u00e9conomique reste fragile. Selon Le Parisien, la NBA a \u00e9tudi\u00e9 la possibilit\u00e9 d\u2019un rachat de l\u2019ECA sans succ\u00e8s jusqu\u2019ici, mais les discussions pourraient reprendre dans les prochains mois, notamment lors d\u2019une r\u00e9union pr\u00e9vue \u00e0 Abou Dabi. L\u2019objectif est clair : cr\u00e9er une ligue europ\u00e9enne capable de rivaliser avec les circuits traditionnels tout en attirant les investisseurs et les fans.<\/p>\n<p><strong>Une ambition multisports pour le PSG<\/strong><\/p>\n<p>Le PSG en route vers le basket continental<\/p>\n<p class=\"has-normal-font-size\">L\u2019arriv\u00e9e d\u2019une franchise NBA \u00e0 Paris s\u2019inscrit dans la strat\u00e9gie omnisports du PSG, qui vise \u00e0 s\u2019imposer sur diff\u00e9rentes disciplines au niveau mondial. Apr\u00e8s le football, le judo et le handball, le basket pourrait bient\u00f4t devenir un pilier suppl\u00e9mentaire de l\u2019influence du club, soutenu par des investisseurs internationaux et des personnalit\u00e9s comme Kevin Durant.<\/p>\n<p>Les prochains mois d\u00e9cisifs<\/p>\n<p class=\"has-normal-font-size\">Un premier appel d\u2019offres devrait \u00eatre lanc\u00e9 cet automne pour identifier les clubs int\u00e9ress\u00e9s et valider la structure des franchises. Les prochains mois seront cruciaux pour d\u00e9terminer quels clubs rejoindront la ligue et sous quelles conditions. L\u2019attention est d\u00e9sormais port\u00e9e sur Paris, o\u00f9 les d\u00e9cisions concernant le PSG et Paris Basketball pourraient fa\u00e7onner l\u2019avenir du basket continental.<\/p>\n<p class=\"has-black-color has-text-color has-link-color has-normal-font-size wp-elements-1f08e164ae197b476fc0c746736db50d\">La NBA Europe, attendue pour 2027, pourrait r\u00e9volutionner le basket sur le Vieux Continent en r\u00e9unissant les meilleurs clubs et en cr\u00e9ant un nouveau spectacle sportif. Paris et Lyon sont en premi\u00e8re ligne pour repr\u00e9senter la France, avec le PSG comme potentiel fer de lance. Les prochains mois seront d\u00e9terminants pour concr\u00e9tiser ce projet ambitieux et attirer l\u2019attention du monde entier sur le basket europ\u00e9en<\/p>\n<p>\tEn savoir plus sur ActuaNews.fr<\/p>\n<p class=\"has-text-align-center\" style=\"margin-top:10px;margin-bottom:10px;font-size:15px\">Abonnez-vous pour recevoir les derniers articles par e-mail.<\/p>\n","protected":false},"excerpt":{"rendered":"La NBA pr\u00e9pare son arriv\u00e9e en Europe avec un championnat continental attendu d\u00e8s 2027. Paris et Lyon devraient&hellip;\n","protected":false},"author":2,"featured_media":433420,"comment_status":"","ping_status":"","sticky":false,"template":"","format":"standard","meta":{"footnotes":""},"categories":[1888],"tags":[1111,1928,11,1927,1777,674,1011,27,12,1926,626,1925,25],"class_list":{"0":"post-433419","1":"post","2":"type-post","3":"status-publish","4":"format-standard","5":"has-post-thumbnail","7":"category-paris","8":"tag-actu","9":"tag-actu-paris","10":"tag-actualites","11":"tag-actualites-paris","12":"tag-eu","13":"tag-europe","14":"tag-fr","15":"tag-france","16":"tag-news","17":"tag-news-paris","18":"tag-paris","19":"tag-paris-news","20":"tag-republique-francaise"},"share_on_mastodon":{"url":"https:\/\/pubeurope.com\/@fr\/115304092862303410","error":""},"_links":{"self":[{"href":"https:\/\/www.europesays.com\/fr\/wp-json\/wp\/v2\/posts\/433419","targetHints":{"allow":["GET"]}}],"collection":[{"href":"https:\/\/www.europesays.com\/fr\/wp-json\/wp\/v2\/posts"}],"about":[{"href":"https:\/\/www.europesays.com\/fr\/wp-json\/wp\/v2\/types\/post"}],"author":[{"embeddable":true,"href":"https:\/\/www.europesays.com\/fr\/wp-json\/wp\/v2\/users\/2"}],"replies":[{"embeddable":true,"href":"https:\/\/www.europesays.com\/fr\/wp-json\/wp\/v2\/comments?post=433419"}],"version-history":[{"count":0,"href":"https:\/\/www.europesays.com\/fr\/wp-json\/wp\/v2\/posts\/433419\/revisions"}],"wp:featuredmedia":[{"embeddable":true,"href":"https:\/\/www.europesays.com\/fr\/wp-json\/wp\/v2\/media\/433420"}],"wp:attachment":[{"href":"https:\/\/www.europesays.com\/fr\/wp-json\/wp\/v2\/media?parent=433419"}],"wp:term":[{"taxonomy":"category","embeddable":true,"href":"https:\/\/www.europesays.com\/fr\/wp-json\/wp\/v2\/categories?post=433419"},{"taxonomy":"post_tag","embeddable":true,"href":"https:\/\/www.europesays.com\/fr\/wp-json\/wp\/v2\/tags?post=433419"}],"curies":[{"name":"wp","href":"https:\/\/api.w.org\/{rel}","templated":true}]}}