{"id":433421,"date":"2025-10-02T10:26:11","date_gmt":"2025-10-02T10:26:11","guid":{"rendered":"https:\/\/www.europesays.com\/fr\/433421\/"},"modified":"2025-10-02T10:26:11","modified_gmt":"2025-10-02T10:26:11","slug":"france-braquage-a-la-voiture-belier-dune-boutique-chanel-a-paris-de-nombreux-sacs-voles","status":"publish","type":"post","link":"https:\/\/www.europesays.com\/fr\/433421\/","title":{"rendered":"France: braquage \u00e0 la voiture-b\u00e9lier d&rsquo;une boutique Chanel \u00e0 Paris, de nombreux sacs vol\u00e9s"},"content":{"rendered":"<p class=\"ap-StoryElement ap-StoryElement--mb ap-StoryText\">Selon Paris Match, au moins trois malfaiteurs \u00e0 bord d&rsquo;une berline rouge ont fonc\u00e9 en marche arri\u00e8re dans la vitrine du magasin, situ\u00e9 pr\u00e8s de la place de la Concorde.<\/p>\n<p class=\"ap-StoryElement ap-StoryElement--mb ap-StoryText\">Apr\u00e8s avoir d\u00e9rob\u00e9 des sacs, ils ont pris la fuite dans cette m\u00eame voiture qui a \u00e9t\u00e9 retrouv\u00e9e vide de ses occupants dans un parking souterrain, selon le magazine.<\/p>\n<p class=\"ap-StoryElement ap-StoryElement--mb ap-StoryText\">D&rsquo;apr\u00e8s une source polici\u00e8re, qui \u00e9voque deux personnes sur le lieu des faits &#8211; le conducteur du v\u00e9hicule et son complice &#8211; la vitrine du magasin a \u00e9t\u00e9 bris\u00e9e et de nombreux sacs ont \u00e9t\u00e9 vol\u00e9s. Aucune interpellation n&rsquo;a eu lieu, selon cette m\u00eame source.<\/p>\n","protected":false},"excerpt":{"rendered":"Selon Paris Match, au moins trois malfaiteurs \u00e0 bord d&rsquo;une berline rouge ont fonc\u00e9 en marche arri\u00e8re dans&hellip;\n","protected":false},"author":2,"featured_media":433422,"comment_status":"","ping_status":"","sticky":false,"template":"","format":"standard","meta":{"footnotes":""},"categories":[1888],"tags":[11,2105,750,1777,674,1011,27,985,12,626,1072,25],"class_list":{"0":"post-433421","1":"post","2":"type-post","3":"status-publish","4":"format-standard","5":"has-post-thumbnail","7":"category-paris","8":"tag-actualites","9":"tag-distribution","10":"tag-divers","11":"tag-eu","12":"tag-europe","13":"tag-fr","14":"tag-france","15":"tag-mode","16":"tag-news","17":"tag-paris","18":"tag-police","19":"tag-republique-francaise"},"share_on_mastodon":{"url":"https:\/\/pubeurope.com\/@fr\/115304096292367387","error":""},"_links":{"self":[{"href":"https:\/\/www.europesays.com\/fr\/wp-json\/wp\/v2\/posts\/433421","targetHints":{"allow":["GET"]}}],"collection":[{"href":"https:\/\/www.europesays.com\/fr\/wp-json\/wp\/v2\/posts"}],"about":[{"href":"https:\/\/www.europesays.com\/fr\/wp-json\/wp\/v2\/types\/post"}],"author":[{"embeddable":true,"href":"https:\/\/www.europesays.com\/fr\/wp-json\/wp\/v2\/users\/2"}],"replies":[{"embeddable":true,"href":"https:\/\/www.europesays.com\/fr\/wp-json\/wp\/v2\/comments?post=433421"}],"version-history":[{"count":0,"href":"https:\/\/www.europesays.com\/fr\/wp-json\/wp\/v2\/posts\/433421\/revisions"}],"wp:featuredmedia":[{"embeddable":true,"href":"https:\/\/www.europesays.com\/fr\/wp-json\/wp\/v2\/media\/433422"}],"wp:attachment":[{"href":"https:\/\/www.europesays.com\/fr\/wp-json\/wp\/v2\/media?parent=433421"}],"wp:term":[{"taxonomy":"category","embeddable":true,"href":"https:\/\/www.europesays.com\/fr\/wp-json\/wp\/v2\/categories?post=433421"},{"taxonomy":"post_tag","embeddable":true,"href":"https:\/\/www.europesays.com\/fr\/wp-json\/wp\/v2\/tags?post=433421"}],"curies":[{"name":"wp","href":"https:\/\/api.w.org\/{rel}","templated":true}]}}