{"id":433466,"date":"2025-10-02T10:53:11","date_gmt":"2025-10-02T10:53:11","guid":{"rendered":"https:\/\/www.europesays.com\/fr\/433466\/"},"modified":"2025-10-02T10:53:11","modified_gmt":"2025-10-02T10:53:11","slug":"que-se-passe-t-il-a-lhopital","status":"publish","type":"post","link":"https:\/\/www.europesays.com\/fr\/433466\/","title":{"rendered":"que se passe-t-il \u00e0 l&rsquo;h\u00f4pital ?"},"content":{"rendered":"<p>Le CHU ou \u00ab\u00a0h\u00f4pital des Rayettes\u00a0\u00bb \u00e0 bout de souffle, entre urgence et projet de relance. Au c\u0153ur du bassin de l&rsquo;\u00e9tang de Berre, l&rsquo;h\u00f4pital public local tient encore debout, mais sur un fil. <\/p>\n<p>Structures fatigu\u00e9es, circuits de soins dysfonctionnels, d\u00e9ficit de moyens : le quotidien du personnel et des patients est fait de tensions quotidiennes. Pourtant, un projet de relance est dans les cartons, mais l&rsquo;issue reste incertaine.\u00a0<\/p>\n<p>\u00a0<\/p>\n<p><strong>Le centre hospitalier de Martigues, un \u00e9tablissement clef, mais d\u00e9j\u00e0 fragile\u00a0<\/strong><\/p>\n<p>\u00a0<\/p>\n<p>L&rsquo;h\u00f4pital de Martigues est l&rsquo;un des rares h\u00f4pitaux du secteur \u00e0 proposer une activit\u00e9 chirurgicale, avec des op\u00e9rations assur\u00e9es 24h\/24 pour sa zone. Mais cet avantage est entach\u00e9 par des failles structurelles majeures : le b\u00e2timent date de plusieurs d\u00e9cennies. Le vieillissement des locaux p\u00e8se lourdement sur la maintenance et l&rsquo;efficacit\u00e9 des flux.<\/p>\n<p>L&rsquo;h\u00f4pital de Martigues affiche un taux d&rsquo;activit\u00e9 ambulatoire de 66% en ligne avec la moyenne nationale, ce qui montre une forte pression pour transformer l&rsquo;activit\u00e9 hospitali\u00e8re vers des prises en charges rapides.\u00a0<\/p>\n<p>Cependant, l\u2019architecture de l\u2019h\u00f4pital handicape cette transition : des secteurs comme la chirurgie ambulatoire sont r\u00e9partis dans des \u00e9tages inadapt\u00e9s, ce qui oblige \u00e0 des transferts internes chronophages. C\u2019est ce que nous confie Lo\u00efc Mondolini directeur du centre hospitalier de Martigues, dont le t\u00e9moignage est \u00e0 retrouver dans la vid\u00e9o ci-dessus.\u00a0<\/p>\n<p>En outre, l\u2019\u00e9tablissement doit composer avec des circuits obsol\u00e8tes qui retardent les prises en charge et limitent sa capacit\u00e9 de man\u0153uvre.<\/p>\n<p>\u00c0 cela s\u2019ajoutent des difficult\u00e9s humaines : manque de personnel, tension sur les gardes, fatigue, risques de d\u00e9parts non remplac\u00e9s. Le tout dans un contexte national o\u00f9 l\u2019h\u00f4pital public peine sous les pressions budg\u00e9taires.<\/p>\n<p>\u00a0<\/p>\n<p><strong>Des alertes d\u00e9j\u00e0 lanc\u00e9es et des mobilisations<\/strong><\/p>\n<p>\u00a0<\/p>\n<p>Depuis d\u00e9but 2025, les syndicats locaux appellent \u00e0 l\u2019alerte. <a href=\"https:\/\/maritima.fr\/actualites\/sante\/martigues\/5268\/lhopital-de-martigues-sature-la-cgt-sest-mobilisee-ce-matin-devant-la-sous-prefecture\" rel=\"nofollow noopener\" target=\"_blank\">En janvier, la CGT a mobilis\u00e9 une soixantaine de personnels devant la sous-pr\u00e9fecture d\u2019Istres pour r\u00e9clamer des moyens urgents. <\/a><\/p>\n<p>\u00c0 cette occasion, les syndicats locaux CGT Martigues, Fos\/Mer, Port-de-Bouc et Istres demandaient notamment 90 emplois \u00e0 temps plein, statutaires imm\u00e9diats et 170 millions d\u2019euros d\u2019investissement pour r\u00e9pondre \u00e0 l\u2019urgence de la situation.\u00a0<\/p>\n<p>Le 28 janvier 2025, une table ronde a \u00e9t\u00e9 organis\u00e9e avec les \u00e9lus, sous-pr\u00e9fecture et repr\u00e9sentants hospitaliers. Le collectif syndical insiste sur l\u2019urgence : \u00ab l\u2019h\u00f4pital est satur\u00e9 \u00bb affirment-ils dans leurs communiqu\u00e9s.\u00a0<\/p>\n<p>Ces mobilisations locales s\u2019inscrivent dans un contexte plus large de tensions sur le syst\u00e8me de sant\u00e9 en France : les h\u00f4pitaux publics sont r\u00e9guli\u00e8rement en gr\u00e8ve pour r\u00e9clamer des effectifs renforc\u00e9s et des financements \u00e0 la hauteur de l\u2019inflation.\u00a0<\/p>\n<p>D\u2019ailleurs, dans ce cadre, la CGT Sant\u00e9 Action Sociale a d\u00e9pos\u00e9 un pr\u00e9avis de gr\u00e8ve couvrant la p\u00e9riode du 26 septembre au 2 octobre 2025.<\/p>\n<p>C\u2019est dans ce cadre que se tient une gr\u00e8ve ce jeudi 2 octobre \u00e0 10 h 30, sur le vieux port de Marseille, signe que la mobilisation est en cours.\u00a0<\/p>\n<p>\u00a0<\/p>\n<p><strong>Le projet de relance : entre espoir et incertitudes<\/strong><\/p>\n<p>\u00a0<\/p>\n<p>Face \u00e0 ce constat s\u00e9v\u00e8re, un projet est \u00e0 l\u2019\u00e9tude, une r\u00e9organisation majeure de l\u2019h\u00f4pital sera pr\u00e9sent\u00e9e \u00e0 l&rsquo;ARS le mois prochain.\u00a0 L\u2019objectif : r\u00e9habiliter et agrandir une partie de l\u2019\u00e9tablissement, red\u00e9finir les flux, am\u00e9liorer l\u2019ergonomie g\u00e9n\u00e9rale et ce, sans aggraver la dette.<\/p>\n<p>L\u2019enjeu est clair : soit l\u2019h\u00f4pital s\u2019adapte et amorce un nouveau souffle, soit il risque de s\u2019essouffler encore davantage, au d\u00e9triment des usagers et du maillage territorial de la sant\u00e9.<\/p>\n<p><a href=\"https:\/\/maritima.fr\/actualites\/sante\/martigues\/4026\/lhopital-de-martigues-fete-ses-50-ans-ce-nest-pas-un-pot-qui-va-faire-de-la-qualite-au-travail\" target=\"_blank\" rel=\"noopener nofollow\">Selon les syndicats<\/a>, l\u2019h\u00f4pital ne peut attendre : les personnels r\u00e9clament des engagements rapides avant la fin de l\u2019ann\u00e9e 2025.<\/p>\n<p>\u00a0<\/p>\n<p><strong>\u00c0 la crois\u00e9e des chemins : enjeux et perspectives<\/strong><\/p>\n<p>L\u2019acc\u00e8s aux soins dans le territoire, si l\u2019h\u00f4pital local d\u00e9croche, les patients devront faire de plus longs trajets ou se rabattraient sur des h\u00f4pitaux d\u00e9j\u00e0 satur\u00e9s.\u00a0<\/p>\n<p>La qualit\u00e9 de vie au travail pour le personnel soignant : sans investissements massifs, l\u2019usure professionnelle continuera.<\/p>\n<p>La capacit\u00e9 de modernisation : r\u00e9novation des locaux, nouveaux \u00e9quipements, digitalisation, nouveaux circuits de soins.<\/p>\n<p>L\u2019\u00e9quilibre budg\u00e9taire : comment engager des travaux sans mettre \u00e0 mal la tr\u00e9sorerie de l\u2019\u00e9tablissement ?<\/p>\n<p>L\u2019h\u00f4pital de Martigues est \u00e0 un tournant. Il ne peut plus se contenter de rafistolages. Le projet pr\u00e9sent\u00e9 \u00e0 l\u2019ARS doit \u00eatre ambitieux\u00a0 r\u00e9novation, r\u00e9organisation, investissements, tout en tenant compte des r\u00e9alit\u00e9s financi\u00e8res. Le budget de ces travaux s&rsquo;\u00e9l\u00e8ve \u00e0 60 millions d&rsquo;euros. \u00c0 cela s&rsquo;ajoute, plus de 28 millions d&rsquo;euros qui ont \u00e9t\u00e9 d\u00e9bloqu\u00e9s pour l&rsquo;h\u00f4pital des Rayettes par le S\u00e9gur de la sant\u00e9 en 2021.<\/p>\n<p>En outre, les travaux sur le site des Vallons concernant la g\u00e9riatrie sont bient\u00f4t termin\u00e9s.\u00a0<\/p>\n","protected":false},"excerpt":{"rendered":"Le CHU ou \u00ab\u00a0h\u00f4pital des Rayettes\u00a0\u00bb \u00e0 bout de souffle, entre urgence et projet de relance. Au c\u0153ur&hellip;\n","protected":false},"author":2,"featured_media":433467,"comment_status":"","ping_status":"","sticky":false,"template":"","format":"standard","meta":{"footnotes":""},"categories":[10],"tags":[1011,27,72,56129,12045,71],"class_list":{"0":"post-433466","1":"post","2":"type-post","3":"status-publish","4":"format-standard","5":"has-post-thumbnail","7":"category-sante","8":"tag-fr","9":"tag-france","10":"tag-health","11":"tag-hopital-martigues","12":"tag-martigues","13":"tag-sante"},"share_on_mastodon":{"url":"https:\/\/pubeurope.com\/@fr\/115304202601107214","error":""},"_links":{"self":[{"href":"https:\/\/www.europesays.com\/fr\/wp-json\/wp\/v2\/posts\/433466","targetHints":{"allow":["GET"]}}],"collection":[{"href":"https:\/\/www.europesays.com\/fr\/wp-json\/wp\/v2\/posts"}],"about":[{"href":"https:\/\/www.europesays.com\/fr\/wp-json\/wp\/v2\/types\/post"}],"author":[{"embeddable":true,"href":"https:\/\/www.europesays.com\/fr\/wp-json\/wp\/v2\/users\/2"}],"replies":[{"embeddable":true,"href":"https:\/\/www.europesays.com\/fr\/wp-json\/wp\/v2\/comments?post=433466"}],"version-history":[{"count":0,"href":"https:\/\/www.europesays.com\/fr\/wp-json\/wp\/v2\/posts\/433466\/revisions"}],"wp:featuredmedia":[{"embeddable":true,"href":"https:\/\/www.europesays.com\/fr\/wp-json\/wp\/v2\/media\/433467"}],"wp:attachment":[{"href":"https:\/\/www.europesays.com\/fr\/wp-json\/wp\/v2\/media?parent=433466"}],"wp:term":[{"taxonomy":"category","embeddable":true,"href":"https:\/\/www.europesays.com\/fr\/wp-json\/wp\/v2\/categories?post=433466"},{"taxonomy":"post_tag","embeddable":true,"href":"https:\/\/www.europesays.com\/fr\/wp-json\/wp\/v2\/tags?post=433466"}],"curies":[{"name":"wp","href":"https:\/\/api.w.org\/{rel}","templated":true}]}}