{"id":433510,"date":"2025-10-02T11:15:45","date_gmt":"2025-10-02T11:15:45","guid":{"rendered":"https:\/\/www.europesays.com\/fr\/433510\/"},"modified":"2025-10-02T11:15:45","modified_gmt":"2025-10-02T11:15:45","slug":"lair-de-strasbourg-sameliore-mais-depasse-toujours-les-seuils-de-loms","status":"publish","type":"post","link":"https:\/\/www.europesays.com\/fr\/433510\/","title":{"rendered":"L&rsquo;air de Strasbourg s&rsquo;am\u00e9liore mais d\u00e9passe toujours les seuils de l&rsquo;OMS"},"content":{"rendered":"<p class=\"wp-block-post-excerpt__excerpt\">Mardi 30 septembre, ATMO Grand Est et l\u2019Eurom\u00e9tropole ont pr\u00e9sent\u00e9 le bilan de la qualit\u00e9 de l\u2019air \u00e0 Strasbourg. Si les r\u00e9sultats s\u2019am\u00e9liorent, les concentrations restent au-dessus des seuils de l\u2019Organisation mondiale de la sant\u00e9. <\/p>\n<p class=\"font-sans\">\n\t\t\tCet article est en acc\u00e8s libre. Pour soutenir Rue89 Strasbourg,<br \/>\n\t\t\t<a class=\"underline\" href=\"https:\/\/www.rue89strasbourg.com\/abonnement\" target=\"_blank\" rel=\"noopener\">abonnez-vous<\/a>.\n\t\t<\/p>\n<p>Nicolas Thomas<\/p>\n<p>Publi\u00e9 le 1 octobre 2025\u00a0\u00a0\u00b7\u00a0\u00a0<\/p>\n<p>Imprim\u00e9 le 2 octobre 2025 \u00e0 13h15\u00a0\u00a0\u00b7\u00a0\u00a0<\/p>\n<p>\t\t\t\t\t3\u00a0minutes\n<\/p>\n<p>\u00ab\u00a0La pollution de l\u2019air est un d\u00e9sastre sanitaire, elle est sur le podium des principales causes de mortalit\u00e9 en France\u00a0\u00bb, a rappel\u00e9 Fran\u00e7oise Schaetzel, vice-pr\u00e9sidente de l\u2019Eurom\u00e9tropole charg\u00e9e de la qualit\u00e9 de l\u2019air. Mardi 30 septembre, aux c\u00f4t\u00e9s d\u2019ATMO Grand Est, l\u2019association en charge de la qualit\u00e9 de l\u2019air dans la r\u00e9gion, l\u2019\u00e9lue a pr\u00e9sent\u00e9 le bilan de la qualit\u00e9 de l\u2019air \u00e0 Strasbourg. Selon Sant\u00e9 publique France, <a href=\"https:\/\/www.santepubliquefrance.fr\/determinants-de-sante\/pollution-et-sante\/air\/articles\/pollution-atmospherique-quels-sont-les-risques#:~:text=Ce%20risque%20a%20ensuite%20\u00e9t\u00e9,mois%20d&#039;esp\u00e9rance%20de%20vie.\" target=\"_blank\" rel=\"noreferrer noopener\">40 000 d\u00e9c\u00e8s par an<\/a> sont li\u00e9s \u00e0 la pollution de l\u2019air dans le pays. Si les r\u00e9sultats r\u00e9cents montrent des am\u00e9liorations au niveau local, \u00ab\u00a0nous ne sommes pas au bout de nos efforts\u00a0\u00bb, a-t-elle reconnu.<\/p>\n<p>Selon les donn\u00e9es d\u2019ATMO Grand Est, les \u00e9missions de polluants ont nettement diminu\u00e9 entre 2005 et 2023. Les \u00e9missions de dioxyde d\u2019azote (NO2), issues majoritairement du trafic routier, ont baiss\u00e9 de 44%. Celles des particules fines PM10 et PM2.5 ont baiss\u00e9 respectivement de 43% et 51%. Seul l\u2019ammoniac a vu ses \u00e9missions augmenter de 26%. Cela est li\u00e9 \u00e0 l\u2019augmentation du recours \u00e0 des engrais azot\u00e9s de type ur\u00e9e, utilis\u00e9s pour la fertilisation du ma\u00efs dans les communes les plus \u00e9loign\u00e9es de Strasbourg.<\/p>\n<p><a href=\"https:\/\/www.rue89strasbourg.com\/la-newsletter\" target=\"_blank\" rel=\"noopener\"><img loading=\"lazy\" decoding=\"async\" width=\"1940\" height=\"500\" src=\"https:\/\/www.europesays.com\/fr\/wp-content\/uploads\/2025\/09\/banner-desktop-970x250-1.png\" alt=\"\" class=\"wp-image-360885\" style=\"object-fit:cover;width:970px;height:250px\"  \/><\/a><\/p>\n<p>Des concentrations sup\u00e9rieures aux seuils de l\u2019OMS<\/p>\n<p>Si les \u00e9missions baissent, les concentrations de polluants respir\u00e9es demeurent toutefois bien sup\u00e9rieures aux valeurs guides de l\u2019Organisation mondiale de la sant\u00e9 (OMS) dans la m\u00e9tropole. \u00ab\u00a0Concr\u00e8tement, au-dessus du seuil de l\u2019OMS, les effets secondaires sur la sant\u00e9 sont importants\u00a0\u00bb, alerte Fran\u00e7oise Schaetzel. La m\u00e9tropole s\u2019est ainsi fix\u00e9e l\u2019objectif d\u2019atteindre ces valeurs guides d\u2019ici 2035.<\/p>\n<p>Pour le dioxyde d\u2019azote, la totalit\u00e9 des stations de l\u2019Eurom\u00e9tropole respectent la valeur r\u00e9glementaire en France fix\u00e9e \u00e0 40 microgramme par m\u00e8tres cube (\u00b5g\/m3). 2024 marque un record \u00e0 la baisse avec 33 \u00b5g\/m3 en moyenne. Ce r\u00e9sultat positif est li\u00e9 \u00e0 la baisse de la circulation et \u00e0 l\u2019am\u00e9lioration du parc automobile, mais aussi \u00e0 des conditions m\u00e9t\u00e9orologiques favorables. Ce chiffre reste en revanche loin des 10 \u00b5g\/m3 recommand\u00e9s par l\u2019OMS. La grande majorit\u00e9 des habitants de la m\u00e9tropole sont expos\u00e9s \u00e0 des valeurs sup\u00e9rieures \u00e0 ce seuil.<\/p>\n<p>Pour ce qui est des particules fines, li\u00e9es en majeure partie au chauffage r\u00e9sidentiel et au trafic routier, \u00c9tienne Koszul, directeur g\u00e9n\u00e9ral d\u2019ATMO Grand Est, fait le point :<\/p>\n<blockquote class=\"wp-block-quote is-layout-flow wp-block-quote-is-layout-flow\">\n<p>\u00ab\u00a0La concentration reste en dessous des valeurs r\u00e9glementaires. Mais il faut poursuivre les efforts. Les particules fines PM2.5 p\u00e9n\u00e8trent profond\u00e9ment dans l\u2019organisme et ont donc des effets sanitaires plus importants. L\u2019ensemble de l\u2019Eurom\u00e9tropole reste expos\u00e9e \u00e0 des concentrations sup\u00e9rieures aux recommandations de l\u2019OMS.\u00a0\u00bb<\/p>\n<\/blockquote>\n<p>L\u2019Eurom\u00e9tropole indique ainsi poursuivre ses aides pour accompagner les habitants vers des m\u00e9thodes de chauffage plus propres, le chauffage au bois \u00e9tant particuli\u00e8rement \u00e9metteur de particules fines. Il est possible de demander une aide de maximum 2\u00a0500 euros pour remplacer son po\u00eale \u00e0 bois par un autre plus performant en termes de filtration.<\/p>\n<p>\t\tL\u2019Alsace, principale touch\u00e9e dans le Grand Est<\/p>\n<p>L\u2019ozone est un gaz irritant pour les muqueuses respiratoires, pouvant causer des effets \u00e0 court terme sur la sant\u00e9 (toux, crises d\u2019asthmes, irritations). Ce polluant estival, tr\u00e8s volatil, est le r\u00e9sultat de l\u2019action du soleil et d\u2019un cocktail de polluants pr\u00e9curseurs. En raison du r\u00e9chauffement climatique, les teneurs en ozone sont en hausse dans tout le Grand Est depuis dix ans. \u00c9tienne Koszul indique que cela impacte principalement l\u2019Alsace\u00a0:<\/p>\n<blockquote class=\"wp-block-quote is-layout-flow wp-block-quote-is-layout-flow\">\n<p>\u00ab\u00a0Le foss\u00e9 rh\u00e9nan fait de l\u2019Alsace une v\u00e9ritable cuvette. Elle est donc beaucoup plus expos\u00e9e que le reste du Grand Est \u00e0 l\u2019ozone. Pour les villes alsaciennes, l\u2019indice quotidien de la qualit\u00e9 de l\u2019air s\u2019en retrouve plus d\u00e9grad\u00e9, l\u2019ozone ayant un poids important dans celui-ci.\u00a0\u00bb<\/p>\n<\/blockquote>\n<p>ATMO Grand Est reste \u00e9galement vigilant sur un dernier type de polluant, les particules ultra fines. Leur impact sanitaire est peu connu, et il n\u2019existe pas encore de seuil r\u00e9glementaire\u00a0:<\/p>\n<blockquote class=\"wp-block-quote is-layout-flow wp-block-quote-is-layout-flow\">\n<p>\u00ab\u00a0Ces polluants sont plut\u00f4t li\u00e9s \u00e0 l\u2019activit\u00e9 agricole. Leur pr\u00e9sence \u00e0 Strasbourg est sensiblement similaire aux autres m\u00e9tropoles. Mais la ville de Reims, proche des zones viticoles, est particuli\u00e8rement expos\u00e9e. Il est n\u00e9cessaire que la recherche et les pouvoirs publics avancent sur cette question.\u00a0\u00bb<\/p>\n<\/blockquote>\n","protected":false},"excerpt":{"rendered":"Mardi 30 septembre, ATMO Grand Est et l\u2019Eurom\u00e9tropole ont pr\u00e9sent\u00e9 le bilan de la qualit\u00e9 de l\u2019air \u00e0&hellip;\n","protected":false},"author":2,"featured_media":433511,"comment_status":"","ping_status":"","sticky":false,"template":"","format":"standard","meta":{"footnotes":""},"categories":[2820],"tags":[1111,11,56135,436,1777,674,1011,27,775,12,2434,25,640],"class_list":{"0":"post-433510","1":"post","2":"type-post","3":"status-publish","4":"format-standard","5":"has-post-thumbnail","7":"category-strasbourg","8":"tag-actu","9":"tag-actualites","10":"tag-atmo-grand-est","11":"tag-environnement","12":"tag-eu","13":"tag-europe","14":"tag-fr","15":"tag-france","16":"tag-grand-est","17":"tag-news","18":"tag-qualite-de-lair","19":"tag-republique-francaise","20":"tag-strasbourg"},"share_on_mastodon":{"url":"https:\/\/pubeurope.com\/@fr\/115304289155493538","error":""},"_links":{"self":[{"href":"https:\/\/www.europesays.com\/fr\/wp-json\/wp\/v2\/posts\/433510","targetHints":{"allow":["GET"]}}],"collection":[{"href":"https:\/\/www.europesays.com\/fr\/wp-json\/wp\/v2\/posts"}],"about":[{"href":"https:\/\/www.europesays.com\/fr\/wp-json\/wp\/v2\/types\/post"}],"author":[{"embeddable":true,"href":"https:\/\/www.europesays.com\/fr\/wp-json\/wp\/v2\/users\/2"}],"replies":[{"embeddable":true,"href":"https:\/\/www.europesays.com\/fr\/wp-json\/wp\/v2\/comments?post=433510"}],"version-history":[{"count":0,"href":"https:\/\/www.europesays.com\/fr\/wp-json\/wp\/v2\/posts\/433510\/revisions"}],"wp:featuredmedia":[{"embeddable":true,"href":"https:\/\/www.europesays.com\/fr\/wp-json\/wp\/v2\/media\/433511"}],"wp:attachment":[{"href":"https:\/\/www.europesays.com\/fr\/wp-json\/wp\/v2\/media?parent=433510"}],"wp:term":[{"taxonomy":"category","embeddable":true,"href":"https:\/\/www.europesays.com\/fr\/wp-json\/wp\/v2\/categories?post=433510"},{"taxonomy":"post_tag","embeddable":true,"href":"https:\/\/www.europesays.com\/fr\/wp-json\/wp\/v2\/tags?post=433510"}],"curies":[{"name":"wp","href":"https:\/\/api.w.org\/{rel}","templated":true}]}}