{"id":433518,"date":"2025-10-02T11:19:17","date_gmt":"2025-10-02T11:19:17","guid":{"rendered":"https:\/\/www.europesays.com\/fr\/433518\/"},"modified":"2025-10-02T11:19:17","modified_gmt":"2025-10-02T11:19:17","slug":"a-nantes-un-dispositif-pour-que-les-jeunes-decouvrent-la-ville-2","status":"publish","type":"post","link":"https:\/\/www.europesays.com\/fr\/433518\/","title":{"rendered":"\u00c0 Nantes, un dispositif pour que les jeunes d\u00e9couvrent la ville"},"content":{"rendered":"<p>Avec la rentr\u00e9e des classes, le dispositif Nantado reprend du service. Il r\u00e9unissait samedi 27\u00a0septembre 2025 \u00e0 la mairie de Nantes, une foule de jeunes scolaris\u00e9s en classe de 6e et 5e avec leurs parents pour leur faire d\u00e9couvrir la nouvelle saison 2025\/26.<\/p>\n<p>Un budget annuel de 15\u00a0000\u00a0\u20ac<\/p>\n<p>En pr\u00e9sence de Pauline Langlois, adjointe nantaise en charge de la jeunesse et de l\u2019adolescence, les heureux \u00e9lus ont pu d\u00e9couvrir les dates clefs du programme. \u00a0Nous avons envoy\u00e9 une invitation \u00e0 plus de 7\u00a0000\u00a0jeunes nantais concern\u00e9s. Nantado existe depuis plusieurs ann\u00e9es avec un budget annuel de 15\u00a0000\u00a0\u20ac. Il concerne les \u00e9coles publiques et priv\u00e9es sous contrat\u00a0, explique l\u2019\u00e9lue.<\/p>\n<p>Pour cr\u00e9er de l\u2019\u00e9motion et lancer les activit\u00e9s, l\u2019association Corto loisirs en a profit\u00e9 pour offrir aux familles une exploration des myst\u00e8res de l\u2019h\u00f4tel de ville, sous la forme d\u2019une enqu\u00eate ludique fa\u00e7onn\u00e9e sp\u00e9cialement. \u00a0Corto loisir existe depuis 34\u00a0ans. Nous offrons des s\u00e9jours de vacances un peu particuliers qui ont vocation \u00e0 d\u00e9velopper l\u2019autonomie et la responsabilit\u00e9. Pour ce faire, nous \u00e9crivons des histoires ludiques participatives inspir\u00e9es de l\u2019histoire locale\u00a0\u00bb, informe le pr\u00e9sident de Corto loisirs, Tristan Rakotomanana.<\/p>\n<p>Une chasse aux tr\u00e9sors avec la LPO<\/p>\n<p>On peut dire que l\u2019ann\u00e9e sera dense pour les adolescents retenus\u00a0: \u00a0J\u2019ai d\u00e9j\u00e0 rep\u00e9r\u00e9 plusieurs dates dans le d\u00e9pliant Parcours ta ville\u00a0de Nantado. Il y a de tout. Super\u00a0, s\u2019extasie une jeune fille scolaris\u00e9e en sixi\u00e8me. Tandis que sa m\u00e8re, tout aussi ravie de pouvoir faire participer son enfant \u00e0 ce festival de d\u00e9couvertes, ajoute\u00a0: \u00ab\u00a0Elle va pouvoir visiter l\u2019op\u00e9ra, faire du roller ou du sport avec le dojo nantais. Sans oublier cette chasse aux tr\u00e9sors de la nature avec la LPO (ligue de protection des oiseaux).<\/p>\n<p>Nantado a donc repris du service sous les hourras des participants et des organisateurs. Avec une nouveaut\u00e9 cette ann\u00e9e. Les pr\u00e9-inscriptions peuvent se faire directement ici\u00a0: <a href=\"https:\/\/eservices.nantesmetropole.fr\/web\/guest\/accueil-particuliers\" target=\"_blank\" rel=\"noopener\">https:\/\/eservices.nantesmetropole.fr\/accueil-particuliers<\/a><\/p>\n<p>En cas de surcharge de demandes, un tirage au sort sera effectu\u00e9 pour chaque sortie.<\/p>\n<p><a href=\"https:\/\/metropole.nantes.fr\/mes-services-mon-quotidien\/aides-et-bons-plans\/decouvrir-nantes-avec-le-pass-nantado\" target=\"_blank\" rel=\"noopener\">https:\/\/metropole.nantes.fr\/mes-services-mon-quotidien\/aides-et-bons-plans\/decouvrir-nantes-avec-le-pass-nantado<\/a>. <br \/><a href=\"https:\/\/cortoloisirs.org\/\" target=\"_blank\" rel=\"noopener\">https:\/\/cortoloisirs.org\/<\/a><\/p>\n<p>\u00a0<\/p>\n","protected":false},"excerpt":{"rendered":"Avec la rentr\u00e9e des classes, le dispositif Nantado reprend du service. Il r\u00e9unissait samedi 27\u00a0septembre 2025 \u00e0 la&hellip;\n","protected":false},"author":2,"featured_media":433393,"comment_status":"","ping_status":"","sticky":false,"template":"","format":"standard","meta":{"footnotes":""},"categories":[2818],"tags":[1111,11,29584,9119,1777,674,1011,27,4074,766,12,2636,25,4824],"class_list":{"0":"post-433518","1":"post","2":"type-post","3":"status-publish","4":"format-standard","5":"has-post-thumbnail","7":"category-nantes","8":"tag-actu","9":"tag-actualites","10":"tag-decouvrent","11":"tag-dispositif","12":"tag-eu","13":"tag-europe","14":"tag-fr","15":"tag-france","16":"tag-jeunes","17":"tag-nantes","18":"tag-news","19":"tag-pays-de-la-loire","20":"tag-republique-francaise","21":"tag-ville"},"share_on_mastodon":{"url":"https:\/\/pubeurope.com\/@fr\/115304304961549899","error":""},"_links":{"self":[{"href":"https:\/\/www.europesays.com\/fr\/wp-json\/wp\/v2\/posts\/433518","targetHints":{"allow":["GET"]}}],"collection":[{"href":"https:\/\/www.europesays.com\/fr\/wp-json\/wp\/v2\/posts"}],"about":[{"href":"https:\/\/www.europesays.com\/fr\/wp-json\/wp\/v2\/types\/post"}],"author":[{"embeddable":true,"href":"https:\/\/www.europesays.com\/fr\/wp-json\/wp\/v2\/users\/2"}],"replies":[{"embeddable":true,"href":"https:\/\/www.europesays.com\/fr\/wp-json\/wp\/v2\/comments?post=433518"}],"version-history":[{"count":0,"href":"https:\/\/www.europesays.com\/fr\/wp-json\/wp\/v2\/posts\/433518\/revisions"}],"wp:featuredmedia":[{"embeddable":true,"href":"https:\/\/www.europesays.com\/fr\/wp-json\/wp\/v2\/media\/433393"}],"wp:attachment":[{"href":"https:\/\/www.europesays.com\/fr\/wp-json\/wp\/v2\/media?parent=433518"}],"wp:term":[{"taxonomy":"category","embeddable":true,"href":"https:\/\/www.europesays.com\/fr\/wp-json\/wp\/v2\/categories?post=433518"},{"taxonomy":"post_tag","embeddable":true,"href":"https:\/\/www.europesays.com\/fr\/wp-json\/wp\/v2\/tags?post=433518"}],"curies":[{"name":"wp","href":"https:\/\/api.w.org\/{rel}","templated":true}]}}