{"id":433521,"date":"2025-10-02T11:21:12","date_gmt":"2025-10-02T11:21:12","guid":{"rendered":"https:\/\/www.europesays.com\/fr\/433521\/"},"modified":"2025-10-02T11:21:12","modified_gmt":"2025-10-02T11:21:12","slug":"des-dizaines-danimaux-sauves-dune-maison-insalubre-a-arcachon","status":"publish","type":"post","link":"https:\/\/www.europesays.com\/fr\/433521\/","title":{"rendered":"des dizaines d\u2019animaux sauv\u00e9s d\u2019une maison insalubre \u00e0 Arcachon"},"content":{"rendered":"<p>Des conditions \u00ab\u00a0innommables\u00a0\u00bb \u00e0 peine croyables. Mardi 30\u00a0septembre, les services de la Direction d\u00e9partementale de la protection des populations (DDPP), les forces de l\u2019ordre, accompagn\u00e9s par <a href=\"https:\/\/www.sudouest.fr\/gironde\/bordeaux\/l-association-venus-alerte-sur-la-hausse-des-abandons-d-animaux-de-compagnie-en-gironde-avant-l-ete-15266321.php\" target=\"_blank\" rel=\"follow nofollow noopener\">l\u2019association V\u00e9nus<\/a>, sont intervenus afin de saisir deux chiens, 13\u00a0chats, des perroquets et des tortues, dans une maison d\u2019Arcachon.<\/p>\n<p>C\u2019est un voisin qui a donn\u00e9 l\u2019alerte aux services d\u2019hygi\u00e8ne de la mairie. \u00ab\u00a0La personne propri\u00e9taire de ces animaux, une dame \u00e2g\u00e9e d\u2019une soixantaine d\u2019ann\u00e9es, vivait dans des conditions justes catastrophiques. Pour ces pauvres b\u00eates, qui n\u2019\u00e9taient pas laiss\u00e9es \u00e0 l\u2019abandon, c\u2019\u00e9tait un enfer\u00a0\u00bb, explique Laurent Blanchard-Talou, vice-pr\u00e9sident de l\u2019association de protection et de d\u00e9fense des animaux en d\u00e9tresse.<\/p>\n<p>Selon lui, la propri\u00e9taire souffrirait d\u2019un syndrome de Diog\u00e8ne, une maladie qui conduit \u00e0 des formes compulsives d\u2019accumulation et \u00e0 vivre dans un environnement sale voire compl\u00e8tement insalubre. \u00ab\u00a0Je ne veux pas trop m\u2019avancer, mais elle pourrait \u00e9galement \u00eatre atteinte du syndrome de No\u00e9, qui est un trouble qui conduit \u00e0 vouloir poss\u00e9der trop d\u2019animaux afin de les sauver\u00a0\u00bb, estime-t-il.<\/p>\n<p>Une cagnotte lanc\u00e9e<\/p>\n<p>Fort heureusement, la majorit\u00e9 des animaux semblent \u00eatre en bonne sant\u00e9. \u00ab\u00a0Ils sont tout de m\u00eame couverts de puces, et nous sommes en attente des r\u00e9sultats v\u00e9t\u00e9rinaires.\u00a0\u00bb Par ailleurs, les animaux ne sont pas encore adoptables car une proc\u00e9dure judiciaire est encore en cours. Ils sont actuellement en refuge chez des connaissances de l\u2019association. <\/p>\n<p>\u00ab\u00a0En attente d\u2019une d\u00e9cision de cession, tous les frais, de nourriture, de v\u00e9t\u00e9rinaire, sont \u00e0 notre charge, \u00e7a va nous co\u00fbter environ 5\u00a0000\u00a0euros\u00a0\u00bb, estime Laurent Blanchard-Talou. Afin d\u2019\u00e9ponger cette somme, l\u2019organisme a lanc\u00e9<a href=\"https:\/\/www.helloasso.com\/associations\/association-venus\/collectes\/gros-sauvetage-en-gironde-33-13-chats-et-2-chiens?fbclid=IwY2xjawNLK99leHRuA2FlbQIxMAABHhtN9UV_8JA-3hImUhfyCch8bAY8nJOt3VnLkCYga79Tdo8jkpV133llLMii_aem_UER9UcF9cifVXtH6EZXugw\" target=\"_blank\" rel=\"nofollow noopener\"> une cagnotte en ligne.<\/a> Pour l\u2019heure, 1\u00a0000\u00a0euros ont d\u00e9j\u00e0 \u00e9t\u00e9 r\u00e9colt\u00e9s. De leur c\u00f4t\u00e9, les perroquets et les tortues ont \u00e9t\u00e9 confi\u00e9s \u00e0 une autre association sp\u00e9cialis\u00e9e.<\/p>\n","protected":false},"excerpt":{"rendered":"Des conditions \u00ab\u00a0innommables\u00a0\u00bb \u00e0 peine croyables. Mardi 30\u00a0septembre, les services de la Direction d\u00e9partementale de la protection des&hellip;\n","protected":false},"author":2,"featured_media":433522,"comment_status":"","ping_status":"","sticky":false,"template":"","format":"standard","meta":{"footnotes":""},"categories":[2817],"tags":[1111,11,1997,1777,674,1011,27,12,2219,25],"class_list":{"0":"post-433521","1":"post","2":"type-post","3":"status-publish","4":"format-standard","5":"has-post-thumbnail","7":"category-bordeaux","8":"tag-actu","9":"tag-actualites","10":"tag-bordeaux","11":"tag-eu","12":"tag-europe","13":"tag-fr","14":"tag-france","15":"tag-news","16":"tag-nouvelle-aquitaine","17":"tag-republique-francaise"},"share_on_mastodon":{"url":"https:\/\/pubeurope.com\/@fr\/115304312692518559","error":""},"_links":{"self":[{"href":"https:\/\/www.europesays.com\/fr\/wp-json\/wp\/v2\/posts\/433521","targetHints":{"allow":["GET"]}}],"collection":[{"href":"https:\/\/www.europesays.com\/fr\/wp-json\/wp\/v2\/posts"}],"about":[{"href":"https:\/\/www.europesays.com\/fr\/wp-json\/wp\/v2\/types\/post"}],"author":[{"embeddable":true,"href":"https:\/\/www.europesays.com\/fr\/wp-json\/wp\/v2\/users\/2"}],"replies":[{"embeddable":true,"href":"https:\/\/www.europesays.com\/fr\/wp-json\/wp\/v2\/comments?post=433521"}],"version-history":[{"count":0,"href":"https:\/\/www.europesays.com\/fr\/wp-json\/wp\/v2\/posts\/433521\/revisions"}],"wp:featuredmedia":[{"embeddable":true,"href":"https:\/\/www.europesays.com\/fr\/wp-json\/wp\/v2\/media\/433522"}],"wp:attachment":[{"href":"https:\/\/www.europesays.com\/fr\/wp-json\/wp\/v2\/media?parent=433521"}],"wp:term":[{"taxonomy":"category","embeddable":true,"href":"https:\/\/www.europesays.com\/fr\/wp-json\/wp\/v2\/categories?post=433521"},{"taxonomy":"post_tag","embeddable":true,"href":"https:\/\/www.europesays.com\/fr\/wp-json\/wp\/v2\/tags?post=433521"}],"curies":[{"name":"wp","href":"https:\/\/api.w.org\/{rel}","templated":true}]}}