{"id":433523,"date":"2025-10-02T11:22:10","date_gmt":"2025-10-02T11:22:10","guid":{"rendered":"https:\/\/www.europesays.com\/fr\/433523\/"},"modified":"2025-10-02T11:22:10","modified_gmt":"2025-10-02T11:22:10","slug":"pres-de-bordeaux-un-adolescent-poignarde-son-frere-en-labsence-de-ses-parents","status":"publish","type":"post","link":"https:\/\/www.europesays.com\/fr\/433523\/","title":{"rendered":"Pr\u00e8s de Bordeaux, un adolescent poignarde son fr\u00e8re en l\u2019absence de ses parents"},"content":{"rendered":"<p>Un adolescent a \u00e9t\u00e9 plac\u00e9 en garde \u00e0 vue, apr\u00e8s avoir inflig\u00e9 trois coups de couteau \u00e0 son fr\u00e8re a\u00een\u00e9. Le drame s\u2019est d\u00e9roul\u00e9 au domicile familial \u00e0 Ludon-M\u00e9doc, mercredi soir.<\/p>\n<p class=\"fig-paragraph\">Le drame s\u2019est d\u00e9roul\u00e9 au domicile familial de\u00a0<a href=\"https:\/\/video.lefigaro.fr\/figaro\/faits-divers\/le-havre-un-homme-poignarde-son-petit-frere-en-pleine-rue-lors-dune-dispute-20240806\" data-fig-type=\"Video\" data-gtm-custom-categorie=\"navigation\" data-gtm-custom-action=\"crossclick\" data-gtm-custom-label=\"Contextuel\" data-gtm-event=\"customEventSPE\" data-fig-domain=\"LEFIGARO\" rel=\"nofollow noopener\" target=\"_blank\">deux fr\u00e8res<\/a>, \u00e2g\u00e9s de 18 et 24 ans, \u00e0\u00a0<a href=\"http:\/\/www.lefigaro.fr\/bordeaux\/c-est-de-l-esclavage-un-vigneron-du-medoc-attaque-ses-negociants-et-leur-reclame-plus-d-un-million-d-euros-20230412\" data-fig-type=\"NewsFlash\" data-gtm-custom-categorie=\"navigation\" data-gtm-custom-action=\"crossclick\" data-gtm-custom-label=\"Contextuel\" data-gtm-event=\"customEventSPE\" data-fig-domain=\"LEFIGARO\" rel=\"nofollow noopener\" target=\"_blank\">Ludon-M\u00e9doc<\/a>. Aux alentours de 20 heures mercredi soir, une querelle a conduit le cadet \u00e0 infliger\u00a0<a href=\"http:\/\/www.lefigaro.fr\/faits-divers\/madame-il-a-un-couteau-a-perpignan-un-eleve-de-8-ans-exclu-de-son-ecole-apres-avoir-sorti-un-couteau-20250924\" data-fig-type=\"NewsFlash\" data-gtm-custom-categorie=\"navigation\" data-gtm-custom-action=\"crossclick\" data-gtm-custom-label=\"Contextuel\" data-gtm-event=\"customEventSPE\" data-fig-domain=\"LEFIGARO\" rel=\"nofollow noopener\" target=\"_blank\">trois coups de couteau<\/a>\u00a0\u00e0 son a\u00een\u00e9.<\/p>\n<p class=\"fig-paragraph\">Ce dernier, gri\u00e8vement bless\u00e9, est parvenu \u00e0 prendre la fuite. Il a \u00e9t\u00e9 secouru par un automobiliste, qui a \u00e9galement pr\u00e9venu les forces de l\u2019ordre. Les jours de la victime ne sont pas en danger.<\/p>\n<p>                                    <a class=\"fig-a11y-skip a11y-hidden\" href=\"#fig-a11y-skip-main-inarticle\"><br \/>\n        Passer la publicit\u00e9<br \/>\n    <\/a><\/p>\n<p class=\"fig-paragraph\">Selon nos sources, les parents des deux fr\u00e8res \u00e9taient absents au moment de cette violente dispute. Leur fils cadet, qui n\u2019\u00e9tait ni sous l\u2019empire de l\u2019alcool ni sous celle de stup\u00e9fiants au moment des faits, est en garde \u00e0 vue. Le motif qui l\u2019a pouss\u00e9 \u00e0 cet acte, qui aurait pu s\u2019av\u00e9rer fratricide, demeure pour l\u2019heure inconnu.<\/p>\n","protected":false},"excerpt":{"rendered":"Un adolescent a \u00e9t\u00e9 plac\u00e9 en garde \u00e0 vue, apr\u00e8s avoir inflig\u00e9 trois coups de couteau \u00e0 son&hellip;\n","protected":false},"author":2,"featured_media":433524,"comment_status":"","ping_status":"","sticky":false,"template":"","format":"standard","meta":{"footnotes":""},"categories":[2817],"tags":[1111,11,1997,5264,1777,674,118,1011,27,12,2219,25],"class_list":{"0":"post-433523","1":"post","2":"type-post","3":"status-publish","4":"format-standard","5":"has-post-thumbnail","7":"category-bordeaux","8":"tag-actu","9":"tag-actualites","10":"tag-bordeaux","11":"tag-couteau","12":"tag-eu","13":"tag-europe","14":"tag-faits-divers","15":"tag-fr","16":"tag-france","17":"tag-news","18":"tag-nouvelle-aquitaine","19":"tag-republique-francaise"},"share_on_mastodon":{"url":"https:\/\/pubeurope.com\/@fr\/115304316601125430","error":""},"_links":{"self":[{"href":"https:\/\/www.europesays.com\/fr\/wp-json\/wp\/v2\/posts\/433523","targetHints":{"allow":["GET"]}}],"collection":[{"href":"https:\/\/www.europesays.com\/fr\/wp-json\/wp\/v2\/posts"}],"about":[{"href":"https:\/\/www.europesays.com\/fr\/wp-json\/wp\/v2\/types\/post"}],"author":[{"embeddable":true,"href":"https:\/\/www.europesays.com\/fr\/wp-json\/wp\/v2\/users\/2"}],"replies":[{"embeddable":true,"href":"https:\/\/www.europesays.com\/fr\/wp-json\/wp\/v2\/comments?post=433523"}],"version-history":[{"count":0,"href":"https:\/\/www.europesays.com\/fr\/wp-json\/wp\/v2\/posts\/433523\/revisions"}],"wp:featuredmedia":[{"embeddable":true,"href":"https:\/\/www.europesays.com\/fr\/wp-json\/wp\/v2\/media\/433524"}],"wp:attachment":[{"href":"https:\/\/www.europesays.com\/fr\/wp-json\/wp\/v2\/media?parent=433523"}],"wp:term":[{"taxonomy":"category","embeddable":true,"href":"https:\/\/www.europesays.com\/fr\/wp-json\/wp\/v2\/categories?post=433523"},{"taxonomy":"post_tag","embeddable":true,"href":"https:\/\/www.europesays.com\/fr\/wp-json\/wp\/v2\/tags?post=433523"}],"curies":[{"name":"wp","href":"https:\/\/api.w.org\/{rel}","templated":true}]}}