{"id":433527,"date":"2025-10-02T11:24:11","date_gmt":"2025-10-02T11:24:11","guid":{"rendered":"https:\/\/www.europesays.com\/fr\/433527\/"},"modified":"2025-10-02T11:24:11","modified_gmt":"2025-10-02T11:24:11","slug":"le-parquet-exclut-tout-lien-avec-delphine-jubillar","status":"publish","type":"post","link":"https:\/\/www.europesays.com\/fr\/433527\/","title":{"rendered":"le parquet \u00ab\u00a0exclut tout lien avec Delphine Jubillar\u00a0\u00bb"},"content":{"rendered":"<p>            Par<br \/>\n        <strong><br \/>\n            <a href=\"https:\/\/actu.fr\/auteur\/anaelle-montagne\" title=\"Consulter tous les articles de Anaelle Montagne\" target=\"_blank\" rel=\"noopener\">Anaelle Montagne<\/a><br \/>\n        <\/strong><\/p>\n<p>        Publi\u00e9 le<\/p>\n<p>            2 oct. 2025 \u00e0 13h17        <\/p>\n<p>Pas de place aux suppositions h\u00e2tives. Le parquet de <strong>Toulouse<\/strong> vient d\u2019\u00e9carter ce jeudi 2 octobre 2025 la piste d\u2019un quelconque lien entre <a href=\"https:\/\/actu.fr\/occitanie\/blagnac_31069\/pres-de-toulouse-une-enquete-ouverte-apres-la-decouverte-d-ossements-humains-dans-un-caveau-de-cimetiere_63242424.html\" target=\"_blank\" rel=\"noopener\">le corps retrouv\u00e9 dans un cimeti\u00e8re \u00e0 <strong>Blagnac<\/strong><\/a>, mardi, et celui de<strong> Delphine Jubillar<\/strong>.<\/p>\n<p>La d\u00e9couverte \u00ab\u00a0intrigante\u00a0\u00bb d\u2019ossements<\/p>\n<p class=\" wall-content\">Pour rappel, le 1\u1d49\u02b3\u00a0octobre, l\u2019AFP apprenait d\u2019une source proche de l\u2019enqu\u00eate la d\u00e9couverte la veille <strong>\u00ab\u2009d\u2019ossements humains\u2009\u00bb<\/strong> dans un caveau. Des employ\u00e9s du cimeti\u00e8re, qui effectuaient des travaux, <strong>sont tomb\u00e9s dessus en soulevant une pierre tombale<\/strong>. D\u2019apr\u00e8s ces employ\u00e9s, la d\u00e9couverte \u00e9tait \u00ab\u00a0tr\u00e8s intrigante\u00a0\u00bb et pouvait \u00ab\u00a0ressembler \u00e0 de la dissimulation de corps\u00a0\u00bb.<\/p>\n<p class=\" wall-content\">Cette m\u00eame source proche de l\u2019enqu\u00eate ignorait alors s\u2019il s\u2019agissait uniquement d\u2019ossements humains et s\u2019il s\u2019agissait d\u2019un <strong>homme<\/strong> ou d\u2019une <strong>femme<\/strong>.<\/p>\n<p>    <a href=\"https:\/\/www.google.com\/maps\/embed?pb=!1m18!1m12!1m3!1d2887.505752647707!2d1.394620617079851!3d43.63764492307212!2m3!1f0!2f0!3f0!3m2!1i1024!2i768!4f13.1!3m3!1m2!1s0x12aea5a767719e99%3A0x81be8df060bacaaf!2sCimeti%C3%A8re%20du%20Centre!5e0!3m2!1sen!2sfr!4v1759401290645!5m2!1sen!2sfr\" title=\"Ouvrie le lien\" target=\"_blank\" rel=\"noopener\">Cliquez ici pour visualiser le contenu<\/a><\/p>\n<p>Aucun lien avec Delphine Jubillar<\/p>\n<p class=\" wall-content\">Alors que nos confr\u00e8res de <a href=\"https:\/\/www.ladepeche.fr\/2025\/10\/01\/info-la-depeche-une-femme-tuee-puis-enterree-sous-la-pierre-tombale-dun-autre-une-macabre-decouverte-seme-le-trouble-pres-de-toulouse-12964711.php\" target=\"_blank\" rel=\"noopener\">La D\u00e9p\u00eache <\/a>\u00e9voquaient mercredi un lien potentiel entre cette d\u00e9couverte d\u2019une \u00ab\u00a0femme tu\u00e9e\u00a0\u00bb \u2014 qui \u00e9tait en r\u00e9alit\u00e9 un homme \u2014 et la disparition de Delphine Jubillar, <a href=\"https:\/\/actu.fr\/dossier\/disparition-de-delphine-jubillar-quelles-sont-les-dernieres-infos-sur-l-affaire_40171277.html\" target=\"_blank\" rel=\"noopener\">dont le mari C\u00e9dric est actuellement jug\u00e9 aux Assises \u00e0 Albi,<\/a> le parquet de Toulouse<strong> a \u00e9cart\u00e9 cette piste\u00a0<\/strong>ce jeudi 2 octobre 2025.<\/p>\n<blockquote class=\"ac-article-quote wall-content\">\n<p>L\u2019autopsie de ce matin pratiqu\u00e9e \u00e0 l\u2019Institut m\u00e9dico-l\u00e9gal de Toulouse [\u2026] permet a priori d\u2019exclure tout lien avec celui de Delphine Aussaguel, \u00e9pouse Jubillar.<\/p>\n<p>    <strong>Le parquet de Toulouse<\/strong>\n            <\/p><\/blockquote>\n<p>Vid\u00e9os : en ce moment sur ActuUn homme d\u00e9c\u00e9d\u00e9 il y a plus de 10\u00a0ans<\/p>\n<p class=\" wall-content\">Toujours d\u2019apr\u00e8s le parquet de Toulouse, le corps serait celui d\u2019un individu \u00ab\u2009probablement <strong>de sexe masculin<\/strong>, d\u00e9c\u00e9d\u00e9 il y a <strong>plus de 10\u00a0ans<\/strong> et pr\u00e9sentant des suites d\u2019une op\u00e9ration chirurgicale lourde\u2009\u00bb.<\/p>\n<p>Votre r\u00e9gion, votre actu !<\/p>\n<p>Recevez chaque jour les infos qui comptent pour vous.<\/p>\n<p>\t<a href=\"https:\/\/actu.fr\/newsletter\" class=\"ac-btn ac-btn--corner ac-btn--medium ac-btn--blue800\" target=\"_blank\" rel=\"noopener\">S&rsquo;incrire<\/a><br \/>\nUne mort violente\u2009?<\/p>\n<p class=\" wall-content\">Le parquet pr\u00e9cise \u00e9galement qu\u2019\u00e0 ce stade, <strong>aucun \u00e9l\u00e9ment ne permet de caract\u00e9riser une mort violente<\/strong>.<\/p>\n<p class=\" wall-content\">Pour l\u2019heure, le d\u00e9funt n\u2019a <strong>pas encore \u00e9t\u00e9 identifi\u00e9<\/strong> et l\u2019enqu\u00eate se poursuit pour tenter de d\u00e9terminer les causes de sa mort. Ainsi que les raisons pour lesquelles il se trouvait enterr\u00e9 \u00e0 cet endroit.<\/p>\n<p class=\" wall-content\">Personnalisez votre actualit\u00e9 en ajoutant vos villes et m\u00e9dias en favori avec <a href=\"https:\/\/moncompte.actu.fr\" title=\"D\u00e9couvez Mon Actu\" rel=\"nofollow noopener\" data-trk=\"{&quot;cta&quot;:{&quot;action&quot;:&quot;https:\\\/\\\/moncompte.actu.fr&quot;,&quot;category&quot;:&quot;mon compte&quot;,&quot;from&quot;:&quot;article footer&quot;,&quot;name&quot;:&quot;Mon actu&quot;,&quot;type&quot;:&quot;cta&quot;}}\" target=\"_blank\">Mon Actu<\/a>.<\/p>\n","protected":false},"excerpt":{"rendered":"Par Anaelle Montagne Publi\u00e9 le 2 oct. 2025 \u00e0 13h17 Pas de place aux suppositions h\u00e2tives. Le parquet&hellip;\n","protected":false},"author":2,"featured_media":433528,"comment_status":"","ping_status":"","sticky":false,"template":"","format":"standard","meta":{"footnotes":""},"categories":[2816],"tags":[1111,11,38151,1777,674,118,1011,27,12,2680,25,2312],"class_list":{"0":"post-433527","1":"post","2":"type-post","3":"status-publish","4":"format-standard","5":"has-post-thumbnail","7":"category-toulouse","8":"tag-actu","9":"tag-actualites","10":"tag-affaire-delphine-jubillar","11":"tag-eu","12":"tag-europe","13":"tag-faits-divers","14":"tag-fr","15":"tag-france","16":"tag-news","17":"tag-occitanie","18":"tag-republique-francaise","19":"tag-toulouse"},"share_on_mastodon":{"url":"https:\/\/pubeurope.com\/@fr\/115304324478004019","error":""},"_links":{"self":[{"href":"https:\/\/www.europesays.com\/fr\/wp-json\/wp\/v2\/posts\/433527","targetHints":{"allow":["GET"]}}],"collection":[{"href":"https:\/\/www.europesays.com\/fr\/wp-json\/wp\/v2\/posts"}],"about":[{"href":"https:\/\/www.europesays.com\/fr\/wp-json\/wp\/v2\/types\/post"}],"author":[{"embeddable":true,"href":"https:\/\/www.europesays.com\/fr\/wp-json\/wp\/v2\/users\/2"}],"replies":[{"embeddable":true,"href":"https:\/\/www.europesays.com\/fr\/wp-json\/wp\/v2\/comments?post=433527"}],"version-history":[{"count":0,"href":"https:\/\/www.europesays.com\/fr\/wp-json\/wp\/v2\/posts\/433527\/revisions"}],"wp:featuredmedia":[{"embeddable":true,"href":"https:\/\/www.europesays.com\/fr\/wp-json\/wp\/v2\/media\/433528"}],"wp:attachment":[{"href":"https:\/\/www.europesays.com\/fr\/wp-json\/wp\/v2\/media?parent=433527"}],"wp:term":[{"taxonomy":"category","embeddable":true,"href":"https:\/\/www.europesays.com\/fr\/wp-json\/wp\/v2\/categories?post=433527"},{"taxonomy":"post_tag","embeddable":true,"href":"https:\/\/www.europesays.com\/fr\/wp-json\/wp\/v2\/tags?post=433527"}],"curies":[{"name":"wp","href":"https:\/\/api.w.org\/{rel}","templated":true}]}}