{"id":433529,"date":"2025-10-02T11:25:11","date_gmt":"2025-10-02T11:25:11","guid":{"rendered":"https:\/\/www.europesays.com\/fr\/433529\/"},"modified":"2025-10-02T11:25:11","modified_gmt":"2025-10-02T11:25:11","slug":"la-mediatheque-vend-livres-disques-et-vinyles-a-tout-petits-prix-ce-samedi","status":"publish","type":"post","link":"https:\/\/www.europesays.com\/fr\/433529\/","title":{"rendered":"la m\u00e9diath\u00e8que vend livres, disques et vinyles \u00e0 tout petits prix ce samedi\u00a0!"},"content":{"rendered":"<p>            Par<br \/>\n        <strong><br \/>\n            <a href=\"https:\/\/actu.fr\/auteur\/nicolas-demollien\" title=\"Consulter tous les articles de Nicolas Demollien\" target=\"_blank\" rel=\"noopener\">Nicolas Demollien<\/a><br \/>\n        <\/strong><\/p>\n<p>        Publi\u00e9 le<\/p>\n<p>            2 oct. 2025 \u00e0 13h06        <\/p>\n<p>C\u2019est le moment de parfaire vos stocks de lecture et de musique ! Ce samedi 4 octobre 2025, la <b>m\u00e9diath\u00e8que<\/b> de <a href=\"https:\/\/actu.fr\/hauts-de-france\/roubaix_59512\" target=\"_blank\" rel=\"noopener\">Roubaix<\/a> (Nord) propose une <b>grande vente de livres et autres disques \u00e0 tout petits prix<\/b>. Autant dire que l\u2019\u00e9v\u00e9nement du tr\u00e8s <a href=\"https:\/\/actu.fr\/tag\/bon-plan-a-lille\" target=\"_blank\" rel=\"noopener\">bon plan<\/a> !<\/p>\n<p>Livres, CD, vinyles ou encore revues \u00e0 prix cass\u00e9s \u00e0 Roubaix<\/p>\n<p class=\" wall-content\">Plus pr\u00e9cis\u00e9ment, la vente sera mise en place au rez-de-chauss\u00e9e de la m\u00e9diath\u00e8que (2, rue Pierre Motte) de 9h \u00e0 17h. Il suffit de vous rendre sur place et tenter de d\u00e9nicher votre bonheur parmi les stock de <b>livres, disques, vinyles<\/b> et autres <b>revues<\/b>.<\/p>\n<p class=\" wall-content\">\u00ab\u00a0Il s\u2019agit de documents <b>retir\u00e9s de nos collections ou issus des dons<\/b>. C\u2019est l\u2019occasion de faire de bonnes affaires avec des tout petits prix : <b>0,50\u20ac, 1 ou 2\u20ac\u00a0\u00bb<\/b>, promet-on du c\u00f4t\u00e9 de l\u2019\u00e9tablissement.<\/p>\n<p data-end=\"459\" class=\" wall-content\">Pour l\u2019occasion, notons que le <b>Do It C\u00e9line Caff\u00e8<\/b> sera exceptionnellement ouvert d\u00e8s 9h. Vous pourrez aussi retrouver la Sardine, le <b>v\u00e9hicule d\u2019animation de La Grand-Plage<\/b>, face \u00e0 la M\u00e9diath\u00e8que pour des <b>jeux et des lectures<\/b>.<\/p>\n<p data-end=\"671\" class=\" wall-content\">Vous l\u2019aurez compris : un \u00e9v\u00e9nement \u00e0 ne pas rater !<\/p>\n<p>    <a href=\"https:\/\/www.facebook.com\/plugins\/post.php?href=https%3A%2F%2Fwww.facebook.com%2Fmediatheque.roubaix%2Fposts%2Fpfbid02GsQajDHKfSHpMqZzjrHyhbiNwXKRc9pwPd4bKGNnNr6TdivCUZtgstGd5hVNNBmcl&amp;show_text=true&amp;width=350\" title=\"Ouvrie le lien\" target=\"_blank\" rel=\"noopener\">Cliquez ici pour visualiser le contenu<\/a><\/p>\n<p data-end=\"671\" class=\" wall-content\">Plus d\u2019infos sur le site <a href=\"http:\/\/www.mediathequederoubaix.fr\/agenda\/biblis-en-folie-grande-braderie-de-grand-plage\" target=\"_blank\" rel=\"noopener\">mediathequederoubaix.fr<\/a><\/p>\n<p class=\" wall-content\">Personnalisez votre actualit\u00e9 en ajoutant vos villes et m\u00e9dias en favori avec <a href=\"https:\/\/moncompte.actu.fr\" title=\"D\u00e9couvez Mon Actu\" rel=\"nofollow noopener\" data-trk=\"{&quot;cta&quot;:{&quot;action&quot;:&quot;https:\\\/\\\/moncompte.actu.fr&quot;,&quot;category&quot;:&quot;mon compte&quot;,&quot;from&quot;:&quot;article footer&quot;,&quot;name&quot;:&quot;Mon actu&quot;,&quot;type&quot;:&quot;cta&quot;}}\" target=\"_blank\">Mon Actu<\/a>.<\/p>\n","protected":false},"excerpt":{"rendered":"Par Nicolas Demollien Publi\u00e9 le 2 oct. 2025 \u00e0 13h06 C\u2019est le moment de parfaire vos stocks de&hellip;\n","protected":false},"author":2,"featured_media":433530,"comment_status":"","ping_status":"","sticky":false,"template":"","format":"standard","meta":{"footnotes":""},"categories":[2815],"tags":[1111,11,6557,1777,674,1011,27,811,1307,1652,12,25],"class_list":{"0":"post-433529","1":"post","2":"type-post","3":"status-publish","4":"format-standard","5":"has-post-thumbnail","7":"category-lille","8":"tag-actu","9":"tag-actualites","10":"tag-bon-plan-a-lille","11":"tag-eu","12":"tag-europe","13":"tag-fr","14":"tag-france","15":"tag-hauts-de-france","16":"tag-lille","17":"tag-loisirs-culture","18":"tag-news","19":"tag-republique-francaise"},"share_on_mastodon":{"url":"https:\/\/pubeurope.com\/@fr\/115304328503221593","error":""},"_links":{"self":[{"href":"https:\/\/www.europesays.com\/fr\/wp-json\/wp\/v2\/posts\/433529","targetHints":{"allow":["GET"]}}],"collection":[{"href":"https:\/\/www.europesays.com\/fr\/wp-json\/wp\/v2\/posts"}],"about":[{"href":"https:\/\/www.europesays.com\/fr\/wp-json\/wp\/v2\/types\/post"}],"author":[{"embeddable":true,"href":"https:\/\/www.europesays.com\/fr\/wp-json\/wp\/v2\/users\/2"}],"replies":[{"embeddable":true,"href":"https:\/\/www.europesays.com\/fr\/wp-json\/wp\/v2\/comments?post=433529"}],"version-history":[{"count":0,"href":"https:\/\/www.europesays.com\/fr\/wp-json\/wp\/v2\/posts\/433529\/revisions"}],"wp:featuredmedia":[{"embeddable":true,"href":"https:\/\/www.europesays.com\/fr\/wp-json\/wp\/v2\/media\/433530"}],"wp:attachment":[{"href":"https:\/\/www.europesays.com\/fr\/wp-json\/wp\/v2\/media?parent=433529"}],"wp:term":[{"taxonomy":"category","embeddable":true,"href":"https:\/\/www.europesays.com\/fr\/wp-json\/wp\/v2\/categories?post=433529"},{"taxonomy":"post_tag","embeddable":true,"href":"https:\/\/www.europesays.com\/fr\/wp-json\/wp\/v2\/tags?post=433529"}],"curies":[{"name":"wp","href":"https:\/\/api.w.org\/{rel}","templated":true}]}}