{"id":433533,"date":"2025-10-02T11:27:10","date_gmt":"2025-10-02T11:27:10","guid":{"rendered":"https:\/\/www.europesays.com\/fr\/433533\/"},"modified":"2025-10-02T11:27:10","modified_gmt":"2025-10-02T11:27:10","slug":"le-corps-dun-sexagenaire-disparu-a-marseille-debut-septembre-retrouve-en-mer-quelques-jours-plus-tard","status":"publish","type":"post","link":"https:\/\/www.europesays.com\/fr\/433533\/","title":{"rendered":"Le corps d&rsquo;un sexag\u00e9naire disparu \u00e0 Marseille d\u00e9but septembre retrouv\u00e9 en mer quelques jours plus tard"},"content":{"rendered":"<p>Sa famille \u00e9tait tr\u00e8s inqui\u00e8te de ne pas avoir de nouvelles d&rsquo;Andr\u00e9 Basso, 66 ans, qui <a href=\"https:\/\/www.laprovence.com\/\" target=\"_blank\" rel=\"noopener\">avait subitement quitt\u00e9 l&rsquo;Institut Paoli-Calmettes<\/a> au sein duquel il \u00e9tait soign\u00e9 pour un cancer. C&rsquo;\u00e9tait au d\u00e9but du mois de septembre. Et l&rsquo;angoisse de ses proches \u00e9tait malheureusement justifi\u00e9e. Selon <a href=\"https:\/\/www.lefigaro.fr\/marseille\/disparition-inquietante-a-marseille-le-corps-d-un-sexagenaire-retrouve-en-mer-20251002\" target=\"_blank\" rel=\"noopener\">le site du Figaro<\/a>, le corps du sexag\u00e9naire a \u00e9t\u00e9 retrouv\u00e9 en mer, au large de Marseille (\u00e0 800 m\u00e8tres de la Pointe-Rouge) par un zodiac en patrouille dans cette zone, une semaine apr\u00e8s sa disparition.<\/p>\n<p>Toujours selon la m\u00eame source, c&rsquo;est la th\u00e8se du suicide qui est privil\u00e9gi\u00e9e par les enqu\u00eateurs charg\u00e9s de mener les investigations apr\u00e8s la d\u00e9couverte du corps. \u00ab\u00a0Fragilis\u00e9 par la maladie et le traitement\u00a0\u00bb, Andr\u00e9 Basso n&rsquo;\u00e9tait pas au mieux psychologiquement, toujours selon cet article du Figaro. Et l&rsquo;ARPD (Assistance et Recherche de Personnes Disparues) avait \u00e9mis un avis de recherche.<\/p>\n","protected":false},"excerpt":{"rendered":"Sa famille \u00e9tait tr\u00e8s inqui\u00e8te de ne pas avoir de nouvelles d&rsquo;Andr\u00e9 Basso, 66 ans, qui avait subitement&hellip;\n","protected":false},"author":2,"featured_media":433534,"comment_status":"","ping_status":"","sticky":false,"template":"","format":"standard","meta":{"footnotes":""},"categories":[2814],"tags":[17,1111,11,6725,2837,1869,5796,1777,674,274,1011,27,884,12,882,25,395,16647],"class_list":{"0":"post-433533","1":"post","2":"type-post","3":"status-publish","4":"format-standard","5":"has-post-thumbnail","7":"category-marseille","8":"tag-17","9":"tag-actu","10":"tag-actualites","11":"tag-corps","12":"tag-dun","13":"tag-debut","14":"tag-disparu","15":"tag-eu","16":"tag-europe","17":"tag-faits-divers-justice","18":"tag-fr","19":"tag-france","20":"tag-marseille","21":"tag-news","22":"tag-provence-alpes-cote-dazur","23":"tag-republique-francaise","24":"tag-septembre","25":"tag-sexagenaire"},"share_on_mastodon":{"url":"https:\/\/pubeurope.com\/@fr\/115304336263374559","error":""},"_links":{"self":[{"href":"https:\/\/www.europesays.com\/fr\/wp-json\/wp\/v2\/posts\/433533","targetHints":{"allow":["GET"]}}],"collection":[{"href":"https:\/\/www.europesays.com\/fr\/wp-json\/wp\/v2\/posts"}],"about":[{"href":"https:\/\/www.europesays.com\/fr\/wp-json\/wp\/v2\/types\/post"}],"author":[{"embeddable":true,"href":"https:\/\/www.europesays.com\/fr\/wp-json\/wp\/v2\/users\/2"}],"replies":[{"embeddable":true,"href":"https:\/\/www.europesays.com\/fr\/wp-json\/wp\/v2\/comments?post=433533"}],"version-history":[{"count":0,"href":"https:\/\/www.europesays.com\/fr\/wp-json\/wp\/v2\/posts\/433533\/revisions"}],"wp:featuredmedia":[{"embeddable":true,"href":"https:\/\/www.europesays.com\/fr\/wp-json\/wp\/v2\/media\/433534"}],"wp:attachment":[{"href":"https:\/\/www.europesays.com\/fr\/wp-json\/wp\/v2\/media?parent=433533"}],"wp:term":[{"taxonomy":"category","embeddable":true,"href":"https:\/\/www.europesays.com\/fr\/wp-json\/wp\/v2\/categories?post=433533"},{"taxonomy":"post_tag","embeddable":true,"href":"https:\/\/www.europesays.com\/fr\/wp-json\/wp\/v2\/tags?post=433533"}],"curies":[{"name":"wp","href":"https:\/\/api.w.org\/{rel}","templated":true}]}}