{"id":433537,"date":"2025-10-02T11:29:09","date_gmt":"2025-10-02T11:29:09","guid":{"rendered":"https:\/\/www.europesays.com\/fr\/433537\/"},"modified":"2025-10-02T11:29:09","modified_gmt":"2025-10-02T11:29:09","slug":"il-nie-les-faits-mais-frappe-son-ex-compagne-sous-une-camera-de-videosurveillance","status":"publish","type":"post","link":"https:\/\/www.europesays.com\/fr\/433537\/","title":{"rendered":"il nie les faits mais frappe son ex-compagne sous une cam\u00e9ra de vid\u00e9osurveillance"},"content":{"rendered":"<p itemprop=\"description\"><strong>Sa version d\u00e9fendue face aux enqu\u00eateurs s&rsquo;est brutalement effondr\u00e9e au tribunal correctionnel de Villefranche-sur-Sa\u00f4ne.<\/strong><\/p>\n<p>Un ressortissant libanais a \u00e9t\u00e9 condamn\u00e9 cette semaine pour avoir agress\u00e9 brutalement son ex-compagne dans le hall d&rsquo;accueil du foyer Notre-Dame des Sans-Abris.<\/p>\n<p>Les faits remontent \u00e0 vendredi, alors que la femme cherchait \u00e0 r\u00e9cup\u00e9rer les cl\u00e9s de sa voiture aupr\u00e8s de l&rsquo;individu qui la mena\u00e7ait de vendre le v\u00e9hicule apr\u00e8s leur s\u00e9paration.<\/p>\n<p>Le quadrag\u00e9naire niait ensuite l&rsquo;avoir frapp\u00e9e, ainsi qu&rsquo;une employ\u00e9e du foyer qui tentait de s&rsquo;interposer. Pourtant, sur les images de vid\u00e9osurveillance, on le voyait clairement propulser son ex au sol et la rouer de coups, puis la tirer par les cheveux.<\/p>\n<p>Un an de prison dont 4 mois avec sursis ont \u00e9t\u00e9 requis. Contrairement \u00e0 ce que r\u00e9clamait l&rsquo;avocate g\u00e9n\u00e9rale, le Libanais \u00e9chappera \u00e0 la prison ferme. Il a \u00e9cop\u00e9 de 14 mois, dont la moiti\u00e9 avec sursis, et la partie ferme sera am\u00e9nag\u00e9e dans le cadre du r\u00e9gime de la semi-libert\u00e9. Son ex ne s&rsquo;\u00e9tant pas constitu\u00e9e partie civile, elle ne sera pas indemnis\u00e9e.<\/p>\n","protected":false},"excerpt":{"rendered":"Sa version d\u00e9fendue face aux enqu\u00eateurs s&rsquo;est brutalement effondr\u00e9e au tribunal correctionnel de Villefranche-sur-Sa\u00f4ne. Un ressortissant libanais a&hellip;\n","protected":false},"author":2,"featured_media":433538,"comment_status":"","ping_status":"","sticky":false,"template":"","format":"standard","meta":{"footnotes":""},"categories":[1889],"tags":[1111,11,2813,2190,2430,1109,251,1112,2811,1777,674,118,1011,27,1922,1110,1114,2428,2810,12,241,316,25,2812,517,800],"class_list":{"0":"post-433537","1":"post","2":"type-post","3":"status-publish","4":"format-standard","5":"has-post-thumbnail","7":"category-lyon","8":"tag-actu","9":"tag-actualites","10":"tag-article","11":"tag-asvel","12":"tag-auvergne-rhone-alpes","13":"tag-breves","14":"tag-culture","15":"tag-depeches","16":"tag-economique","17":"tag-eu","18":"tag-europe","19":"tag-faits-divers","20":"tag-fr","21":"tag-france","22":"tag-info","23":"tag-informations","24":"tag-infos","25":"tag-lyon","26":"tag-lyonmag","27":"tag-news","28":"tag-ol","29":"tag-politique","30":"tag-republique-francaise","31":"tag-sociale","32":"tag-sport","33":"tag-transports"},"share_on_mastodon":{"url":"https:\/\/pubeurope.com\/@fr\/115304344158073587","error":""},"_links":{"self":[{"href":"https:\/\/www.europesays.com\/fr\/wp-json\/wp\/v2\/posts\/433537","targetHints":{"allow":["GET"]}}],"collection":[{"href":"https:\/\/www.europesays.com\/fr\/wp-json\/wp\/v2\/posts"}],"about":[{"href":"https:\/\/www.europesays.com\/fr\/wp-json\/wp\/v2\/types\/post"}],"author":[{"embeddable":true,"href":"https:\/\/www.europesays.com\/fr\/wp-json\/wp\/v2\/users\/2"}],"replies":[{"embeddable":true,"href":"https:\/\/www.europesays.com\/fr\/wp-json\/wp\/v2\/comments?post=433537"}],"version-history":[{"count":0,"href":"https:\/\/www.europesays.com\/fr\/wp-json\/wp\/v2\/posts\/433537\/revisions"}],"wp:featuredmedia":[{"embeddable":true,"href":"https:\/\/www.europesays.com\/fr\/wp-json\/wp\/v2\/media\/433538"}],"wp:attachment":[{"href":"https:\/\/www.europesays.com\/fr\/wp-json\/wp\/v2\/media?parent=433537"}],"wp:term":[{"taxonomy":"category","embeddable":true,"href":"https:\/\/www.europesays.com\/fr\/wp-json\/wp\/v2\/categories?post=433537"},{"taxonomy":"post_tag","embeddable":true,"href":"https:\/\/www.europesays.com\/fr\/wp-json\/wp\/v2\/tags?post=433537"}],"curies":[{"name":"wp","href":"https:\/\/api.w.org\/{rel}","templated":true}]}}