{"id":433543,"date":"2025-10-02T11:33:11","date_gmt":"2025-10-02T11:33:11","guid":{"rendered":"https:\/\/www.europesays.com\/fr\/433543\/"},"modified":"2025-10-02T11:33:11","modified_gmt":"2025-10-02T11:33:11","slug":"ils-veulent-que-je-sois-coupable-lance-laccuse-en-direction-des-temoins-qui-sexpriment-a-la-barre","status":"publish","type":"post","link":"https:\/\/www.europesays.com\/fr\/433543\/","title":{"rendered":"\u00ab\u00a0Ils veulent que je sois coupable\u00a0\u00bb, lance l&rsquo;accus\u00e9 en direction des t\u00e9moins qui s&rsquo;expriment \u00e0 la barre"},"content":{"rendered":"<p>Des \u00e9changes tendus lors du huiti\u00e8me jour du <a href=\"https:\/\/www.franceinfo.fr\/faits-divers\/disparition-de-delphine-jubillar\/vous-n-etes-pas-un-menteur-vous-dites-des-choses-fausses-au-proces-de-cedric-jubillar-l-ex-procureur-de-toulouse-dominique-alzeari-malmene-par-la-defense_7521244.html\" rel=\"nofollow noopener\" target=\"_blank\">proc\u00e8s de C\u00e9dric Jubillar<\/a>. Alors que les avocats des amies et de la famille de Delphine Jubillar tentent de d\u00e9montrer que l&rsquo;accus\u00e9 accumule les mensonges, le ton est mont\u00e9 entre Mourad Battikh, avocat de parties civiles, et l&rsquo;accus\u00e9. L&rsquo;int\u00e9ress\u00e9 a ainsi affirm\u00e9 n&rsquo;avoir jamais critiqu\u00e9 le comportement de Jonathann Daval, comme l&rsquo;a relat\u00e9 la nourrice des enfants du couple. \u00ab\u00a0Donc c&rsquo;est une invention, elle ment\u00a0? (&#8230;) Pourquoi ces gens mentiraient\u00a0?\u00a0\u00bb a interrog\u00e9 Mourad Battikh. \u00ab\u00a0Pour m&rsquo;enfoncer encore plus, parce qu&rsquo;ils veulent que je sois le coupable\u00a0\u00bb, a r\u00e9pondu C\u00e9dric Jubillar. Suivez notre direct.<\/p>\n<p class=\"c-body__bullet\"><strong> <\/strong><strong>Des proches livrent un portrait critique de C\u00e9dric Jubillar. <\/strong>Plusieurs t\u00e9moignages <a href=\"https:\/\/www.franceinfo.fr\/faits-divers\/disparition-de-delphine-jubillar\/elle-n-existait-plus-il-n-y-avait-que-cedric-le-temoignage-d-une-proche-amie-de-delphine-jubillar-aussaguel-egratigne-l-image-de-l-accuse-a-son-proces_7525387.html\" rel=\"nofollow noopener\" target=\"_blank\">ont affich\u00e9 de la m\u00e9fiance<\/a> et des critiques \u00e0 l&rsquo;\u00e9gard du mari de Delphine Jubillar-Aussaguel, qualifi\u00e9 de \u00ab\u00a0menteur\u00a0\u00bb et accus\u00e9 d&rsquo;\u00eatre \u00ab\u00a0violent\u00a0\u00bb avec son fils, aujourd&rsquo;hui \u00e2g\u00e9 de 11 ans. Deux t\u00e9moins ont clairement affirm\u00e9 mercredi \u00e0 l&rsquo;audience qu&rsquo;elles pensaient que C\u00e9dric avait \u00ab\u00a0assassin\u00e9\u00a0\u00bb son \u00e9pouse.<\/p>\n<p class=\"c-body__bullet\"><strong> Un enregistrement audio s\u00e8me le trouble au proc\u00e8s. <\/strong>Ce document, enregistr\u00e9 33 heures apr\u00e8s la disparition de Delphine Jubillar \u00e0 l&rsquo;insu de l&rsquo;accus\u00e9, est une conversation priv\u00e9e avec deux proches de son \u00e9pouse. Dans cet enregistrement, C\u00e9dric Jubillar <a href=\"https:\/\/www.franceinfo.fr\/faits-divers\/disparition-de-delphine-jubillar\/document-on-etait-un-couple-de-colocataires-le-troublant-enregistrement-de-cedric-jubillar-33-heures-apres-la-disparition-de-delphine_7525834.html\" rel=\"nofollow noopener\" target=\"_blank\">parle de la victime au pass\u00e9<\/a>, alors que les enqu\u00eateurs n&rsquo;\u00e9cartent \u00e0 ce moment-l\u00e0 aucune hypoth\u00e8se, et \u00e9voque les difficult\u00e9s de son couple.<\/p>\n<p class=\"c-body__bullet\"><strong> Une avocate de C\u00e9dric Jubillar d\u00e9nonce un tribunal m\u00e9diatique.<\/strong> \u00ab\u00a0M\u00e9diatiquement c&rsquo;est un homme qui a d\u00e9j\u00e0 \u00e9t\u00e9 jug\u00e9 et condamn\u00e9\u00a0\u00bb, estime Emmanuelle Franck, l&rsquo;une des avocates de C\u00e9dric Jubillar. \u00ab\u00a0Heureusement que la justice en France ne se rend pas de cette mani\u00e8re-l\u00e0\u00a0\u00bb, ajoute-t-elle. \u00ab\u00a0On a r\u00e9ussi \u00e0 temp\u00e9rer les exc\u00e8s faits dans la presse et ailleurs sur un personnage pr\u00e9sent\u00e9 de mani\u00e8re caricaturale.\u00a0\u00bb<\/p>\n","protected":false},"excerpt":{"rendered":"Des \u00e9changes tendus lors du huiti\u00e8me jour du proc\u00e8s de C\u00e9dric Jubillar. Alors que les avocats des amies&hellip;\n","protected":false},"author":2,"featured_media":433544,"comment_status":"","ping_status":"","sticky":false,"template":"","format":"standard","meta":{"footnotes":""},"categories":[1888],"tags":[1111,1928,11,1927,1777,674,1011,27,12,1926,626,1925,25],"class_list":{"0":"post-433543","1":"post","2":"type-post","3":"status-publish","4":"format-standard","5":"has-post-thumbnail","7":"category-paris","8":"tag-actu","9":"tag-actu-paris","10":"tag-actualites","11":"tag-actualites-paris","12":"tag-eu","13":"tag-europe","14":"tag-fr","15":"tag-france","16":"tag-news","17":"tag-news-paris","18":"tag-paris","19":"tag-paris-news","20":"tag-republique-francaise"},"share_on_mastodon":{"url":"https:\/\/pubeurope.com\/@fr\/115304359883865332","error":""},"_links":{"self":[{"href":"https:\/\/www.europesays.com\/fr\/wp-json\/wp\/v2\/posts\/433543","targetHints":{"allow":["GET"]}}],"collection":[{"href":"https:\/\/www.europesays.com\/fr\/wp-json\/wp\/v2\/posts"}],"about":[{"href":"https:\/\/www.europesays.com\/fr\/wp-json\/wp\/v2\/types\/post"}],"author":[{"embeddable":true,"href":"https:\/\/www.europesays.com\/fr\/wp-json\/wp\/v2\/users\/2"}],"replies":[{"embeddable":true,"href":"https:\/\/www.europesays.com\/fr\/wp-json\/wp\/v2\/comments?post=433543"}],"version-history":[{"count":0,"href":"https:\/\/www.europesays.com\/fr\/wp-json\/wp\/v2\/posts\/433543\/revisions"}],"wp:featuredmedia":[{"embeddable":true,"href":"https:\/\/www.europesays.com\/fr\/wp-json\/wp\/v2\/media\/433544"}],"wp:attachment":[{"href":"https:\/\/www.europesays.com\/fr\/wp-json\/wp\/v2\/media?parent=433543"}],"wp:term":[{"taxonomy":"category","embeddable":true,"href":"https:\/\/www.europesays.com\/fr\/wp-json\/wp\/v2\/categories?post=433543"},{"taxonomy":"post_tag","embeddable":true,"href":"https:\/\/www.europesays.com\/fr\/wp-json\/wp\/v2\/tags?post=433543"}],"curies":[{"name":"wp","href":"https:\/\/api.w.org\/{rel}","templated":true}]}}