{"id":433553,"date":"2025-10-02T11:39:11","date_gmt":"2025-10-02T11:39:11","guid":{"rendered":"https:\/\/www.europesays.com\/fr\/433553\/"},"modified":"2025-10-02T11:39:11","modified_gmt":"2025-10-02T11:39:11","slug":"macron-appelle-a-intensifier-laide-a-lukraine-et-a-frapper-moscou-au-portefeuille","status":"publish","type":"post","link":"https:\/\/www.europesays.com\/fr\/433553\/","title":{"rendered":"Macron appelle \u00e0 intensifier l\u2019aide \u00e0 l\u2019Ukraine et \u00e0 frapper Moscou au portefeuille"},"content":{"rendered":"<p>AA \/ Istanbul \/ Serap Dogansoy<\/p>\n<p>Le pr\u00e9sident fran\u00e7ais Emmanuel Macron a appel\u00e9 ce jeudi \u00e0 \u00ab changer la dynamique \u00bb de la guerre en Ukraine en intensifiant le soutien europ\u00e9en \u00e0 Kiev et en s\u2019attaquant aux sources de financement de l\u2019effort de guerre russe, lors du septi\u00e8me sommet de la Communaut\u00e9 politique europ\u00e9enne (CPE) r\u00e9uni \u00e0 Copenhague.<\/p>\n<p>Face \u00e0 pr\u00e8s de cinquante dirigeants europ\u00e9ens, M. Macron a affirm\u00e9 que la Russie \u00ab n\u2019a pas atteint ses objectifs \u00bb plus de deux ans et demi apr\u00e8s le d\u00e9but de l\u2019invasion. \u00ab Ce n\u2019est pas une op\u00e9ration sp\u00e9ciale de trois semaines : la Russie n\u2019a pas pris Kiev, elle n\u2019a pas chang\u00e9 le r\u00e9gime, et deux pays ont rejoint l\u2019OTAN, un revers strat\u00e9gique majeur \u00bb, a-t-il d\u00e9clar\u00e9.<\/p>\n<p>&#8211; Renforcer l\u2019aide militaire \u00e0 Kiev<\/p>\n<p>Le chef de l\u2019\u00c9tat a soulign\u00e9 l\u2019urgence d\u2019intensifier l\u2019aide militaire \u00e0 l\u2019Ukraine. \u00ab Nous devons renforcer, intensifier et amplifier notre soutien \u00bb, a-t-il martel\u00e9, citant comme priorit\u00e9s la fourniture de syst\u00e8mes de d\u00e9fense a\u00e9rienne, de drones \u00ab \u00e0 haut niveau d\u2019innovation \u00bb, ainsi que de missiles longue port\u00e9e.<\/p>\n<p>Macron a \u00e9galement salu\u00e9 les progr\u00e8s r\u00e9alis\u00e9s ces derniers mois, notamment la formation d\u2019une \u00ab coalition des volontaires \u00bb et un \u00ab dialogue renouvel\u00e9 \u00bb avec les \u00c9tats-Unis. \u00ab La situation aujourd\u2019hui est bien meilleure qu\u2019au d\u00e9but de l\u2019ann\u00e9e \u00bb, a-t-il assur\u00e9, appelant \u00e0 d\u00e9finir d\u00e8s maintenant les engagements pour \u00ab le jour d\u2019apr\u00e8s \u00bb, apr\u00e8s un cessez-le-feu ou un accord de paix.<\/p>\n<p>&#8211; Cibler la \u00ab flotte fant\u00f4me \u00bb russe<\/p>\n<p>Le pr\u00e9sident fran\u00e7ais a insist\u00e9 sur l\u2019importance de frapper Moscou sur le plan \u00e9conomique. \u00ab Aujourd\u2019hui, entre 30 et 40 % de l\u2019effort de guerre russe, soit plus de 30 milliards d\u2019euros, provient de la \u2018flotte fant\u00f4me\u2019 \u00bb, a-t-il r\u00e9v\u00e9l\u00e9. \u00ab Il est donc crucial d\u2019intensifier la pression sur cette flotte pour r\u00e9duire la capacit\u00e9 de la Russie \u00e0 financer sa guerre. \u00bb<\/p>\n<p>Paris plaide pour une approche coordonn\u00e9e avec l\u2019OTAN et les alli\u00e9s afin de sanctionner les navires, les compagnies d\u2019assurance et les ports impliqu\u00e9s dans ce commerce maritime opaque. \u00ab Les contr\u00f4les r\u00e9cents ont permis d\u2019immobiliser des navires pendant des jours, sapant leur mod\u00e8le \u00e9conomique \u00bb, a expliqu\u00e9 M. Macron, jugeant cette strat\u00e9gie \u00ab essentielle \u00bb pour affaiblir Moscou.<\/p>\n<p>&#8211; \u00ab Les drones peuvent \u00eatre d\u00e9truits \u00bb<\/p>\n<p>Face aux violations r\u00e9p\u00e9t\u00e9es de l\u2019espace a\u00e9rien europ\u00e9en, notamment en Pologne et en Estonie, le pr\u00e9sident fran\u00e7ais a adopt\u00e9 un ton ferme. \u00ab Les drones qui violeraient notre espace a\u00e9rien prennent un grand risque, ils peuvent \u00eatre d\u00e9truits, point final \u00bb, a-t-il averti, appelant \u00e0 davantage \u00ab d\u2019ambigu\u00eft\u00e9 strat\u00e9gique \u00bb et \u00e0 renforcer la dissuasion collective.<\/p>\n<p>Macron a par ailleurs r\u00e9affirm\u00e9 la solidarit\u00e9 de la France avec ses alli\u00e9s de l\u2019est de l\u2019Europe et annonc\u00e9 l\u2019envoi d\u2019avions Rafale pour renforcer la d\u00e9fense a\u00e9rienne. Il a \u00e9galement rappel\u00e9 que la France est pr\u00eate \u00e0 fournir des garanties de s\u00e9curit\u00e9 \u00e0 l\u2019Ukraine, en compl\u00e9ment de l\u2019action de l\u2019OTAN.<\/p>\n<p>Cr\u00e9\u00e9e en 2022 \u00e0 l\u2019initiative d\u2019Emmanuel Macron, la CPE rassemble pr\u00e8s de cinquante pays autour de discussions sur la s\u00e9curit\u00e9, la stabilit\u00e9 et l\u2019avenir du continent europ\u00e9en. Le sommet de Copenhague, organis\u00e9 dans un contexte de provocations russes croissantes, a illustr\u00e9 le r\u00f4le moteur de la France dans la r\u00e9ponse europ\u00e9enne \u00e0 la guerre en Ukraine.<\/p>\n<p>                            &#13;<br \/>\n                                <a href=\"https:\/\/www.aa.com.tr\/fr\/p\/abonnement\/1001\" target=\"_blank\" style=\"font-size:12px; color:#444; text-decoration:none;\" rel=\"nofollow noopener\">&#13;<br \/>\n                                    Seulement une partie des d\u00e9p\u00eaches, que l&rsquo;Agence Anadolu diffuse \u00e0 ses abonn\u00e9s via le Syst\u00e8me de Diffusion interne (HAS), est diffus\u00e9e sur le site de l&rsquo;AA, de mani\u00e8re r\u00e9sum\u00e9e. <b style=\"color:#1897F7\">Contactez-nous s&rsquo;il vous pla\u00eet pour vous abonner.<\/b>&#13;<br \/>\n                                <\/a>&#13;<\/p>\n","protected":false},"excerpt":{"rendered":"AA \/ Istanbul \/ Serap Dogansoy Le pr\u00e9sident fran\u00e7ais Emmanuel Macron a appel\u00e9 ce jeudi \u00e0 \u00ab changer&hellip;\n","protected":false},"author":2,"featured_media":433554,"comment_status":"","ping_status":"","sticky":false,"template":"","format":"standard","meta":{"footnotes":""},"categories":[1590],"tags":[11,1785,56136,1073,1777,674,12,132,220],"class_list":{"0":"post-433553","1":"post","2":"type-post","3":"status-publish","4":"format-standard","5":"has-post-thumbnail","7":"category-ukraine","8":"tag-actualites","9":"tag-anadolu-ajansi","10":"tag-communaut-politique-europenne","11":"tag-emmanuel-macron","12":"tag-eu","13":"tag-europe","14":"tag-news","15":"tag-russie","16":"tag-ukraine"},"share_on_mastodon":{"url":"https:\/\/pubeurope.com\/@fr\/115304383624958791","error":""},"_links":{"self":[{"href":"https:\/\/www.europesays.com\/fr\/wp-json\/wp\/v2\/posts\/433553","targetHints":{"allow":["GET"]}}],"collection":[{"href":"https:\/\/www.europesays.com\/fr\/wp-json\/wp\/v2\/posts"}],"about":[{"href":"https:\/\/www.europesays.com\/fr\/wp-json\/wp\/v2\/types\/post"}],"author":[{"embeddable":true,"href":"https:\/\/www.europesays.com\/fr\/wp-json\/wp\/v2\/users\/2"}],"replies":[{"embeddable":true,"href":"https:\/\/www.europesays.com\/fr\/wp-json\/wp\/v2\/comments?post=433553"}],"version-history":[{"count":0,"href":"https:\/\/www.europesays.com\/fr\/wp-json\/wp\/v2\/posts\/433553\/revisions"}],"wp:featuredmedia":[{"embeddable":true,"href":"https:\/\/www.europesays.com\/fr\/wp-json\/wp\/v2\/media\/433554"}],"wp:attachment":[{"href":"https:\/\/www.europesays.com\/fr\/wp-json\/wp\/v2\/media?parent=433553"}],"wp:term":[{"taxonomy":"category","embeddable":true,"href":"https:\/\/www.europesays.com\/fr\/wp-json\/wp\/v2\/categories?post=433553"},{"taxonomy":"post_tag","embeddable":true,"href":"https:\/\/www.europesays.com\/fr\/wp-json\/wp\/v2\/tags?post=433553"}],"curies":[{"name":"wp","href":"https:\/\/api.w.org\/{rel}","templated":true}]}}