{"id":433566,"date":"2025-10-02T11:46:12","date_gmt":"2025-10-02T11:46:12","guid":{"rendered":"https:\/\/www.europesays.com\/fr\/433566\/"},"modified":"2025-10-02T11:46:12","modified_gmt":"2025-10-02T11:46:12","slug":"notes-de-frais-a-paris-tf1-oublie-de-preciser-que-la-lanceuse-dalerte-est-une-ancienne-candidate-lr-liberation","status":"publish","type":"post","link":"https:\/\/www.europesays.com\/fr\/433566\/","title":{"rendered":"Notes de frais \u00e0 Paris : TF1 oublie de pr\u00e9ciser que la lanceuse d\u2019alerte est une ancienne candidate LR &#8211; Lib\u00e9ration"},"content":{"rendered":"<ol>\n<li><a href=\"https:\/\/news.google.com\/rss\/articles\/CBMiggJBVV95cUxNeHhMNDRkY3AzMnpoUEpaZnBVelZ5SHNKUVhuNVgtT3JQT2E2NVdfZ0cyZDNzR2IyNG90bV9ic2RvSVk1OGFSb2lrUDVmZDZpcndOQXJYZTFwWWZ2alhwcEF6NGxqenIwVUczY2lpVVVOQ2x2VVk5SC1WdlZKc0RzQXFxcWI1T2Z5OGhsdlNVS2MzMUFiMkhiSEpFX05MN3NnSkxWWVI5Zk1jX0dDQlNuNnNmcmZVOTJLQVBjdjdrS2pUNUN1V1R0U2NYclNScXY4WktpODk0VVM1Tkg2YVlGc2ptcTR1YThrbUNLUC0yOHpoY3VURjR1Wmx0WmlNYlBkRWc?oc=5\" target=\"_blank\" rel=\"noopener\">Notes de frais \u00e0 Paris : TF1 oublie de pr\u00e9ciser que la lanceuse d\u2019alerte est une ancienne candidate LR<\/a>&nbsp;&nbsp;Lib\u00e9ration<\/li>\n<li><a href=\"https:\/\/news.google.com\/rss\/articles\/CBMizwFBVV95cUxPNUZ2VU5la1YzXzRaWmpQRFdsWnNENi1aWHhXQUpUSWdxdFdIdHQ2WlBsUFE0eUVXWkZfTHhQa1BrZmJzOTc3aUFJTE45Z2pGcVBTQkczQ3NDZ0JwNU41d2trLTl3Qmx4RXRMQnlHYnRoNkpncllrMHY5YXB4OTdKYVFLNzBlNjhEZ1l2YWtIRUhSV3laYWx6VVZzd21RU0lWTkw3YnNnWU5oVWtRNlViQVZqbVBneGRJZ2p5ZEFLZUQ0NUVud2N6OGR1RTFYWGc?oc=5\" target=\"_blank\" rel=\"noopener\">De pol\u00e9mique en discr\u00e9dit, la fin de r\u00e8gne cr\u00e9pusculaire d\u2019Anne Hidalgo \u00e0 la mairie de Paris<\/a>&nbsp;&nbsp;Le Figaro<\/li>\n<li><a href=\"https:\/\/news.google.com\/rss\/articles\/CBMijAJBVV95cUxOc0R0S1JEQk9maWJ6UkRIRXJ1Q0dCb2RBYUFScmlkbmh5b21WemdjQWUxWXBNN2t1UmI3eTdJLTVJLVJncmk3UkY3TzJ6Tzh4ajN5T25HVkt2dS1mUi1tT0dtamlOczFSNEotcXZRTE1rbEdYZXl3blZkMnVtS2RudGxBbG5sTk9UMjVkc3pmRzk3OFE2dTJuQVIzMHVOQWZmMXZMajF5aVZxZFc2bGp6andKcllnTzEyV1R1Zm5XSlNlSHlBNi1ITzNzcWlTSEtJVkZ1SGxnNjdpcHRfWFVzdkZsdWlpQnB4OHdvcjMyOUVDWlFsNjl3MGo2Q3k0X1hKSThjbENBaFAtUVpn?oc=5\" target=\"_blank\" rel=\"noopener\">DIRECT. Notes de frais des \u00e9lus : restaurants, voyages&#8230; Quels abus ? Quels contr\u00f4les ? Posez-nous vos questions<\/a>&nbsp;&nbsp;Le Parisien<\/li>\n<li><a href=\"https:\/\/news.google.com\/rss\/articles\/CBMi-gFBVV95cUxQXzFTSFRUM2Zldld2VWtCQ1BQWFc0b29HakZvTDhyeHlIeFo2Z3pTUW1UTmg5bXJtY0c3cW90N3gxN29iaGk2TXlwZ2RMOG81R3Q4WXo4UXJaN29uQThGWkVnU3MzajJMdE5jUm5PLW82R0dvQ0VsWXZCNkE3b0d0OFNSZjlaT0Vqc19QbWE5UHRPZF9vVUs5Z3Rack9IZzJyMDlPRWVySHJJQnFYNkFKZkJlT1lYX0UyWEdIY2U3bzNwekFJMHRLN2tfSWllNVp0VjhjdGhOTFRSQjZNVVJPSGFYNHIwQ1hPdDJRc2RrUUVDbHVxVXY4Tm1B?oc=5\" target=\"_blank\" rel=\"noopener\">Point\u00e9 du doigt pour ses frais de repr\u00e9sentation, le maire du 18e arrondissement de Paris assure n&rsquo;avoir \u00ab\u00a0rien \u00e0 cacher\u00a0\u00bb<\/a>&nbsp;&nbsp;BFMTV<\/li>\n<li><a href=\"https:\/\/news.google.com\/rss\/articles\/CBMivgFBVV95cUxQMVNrcEVEVXVVVUVWVnN4VXJJTkxIaUcwQ1JsRTR4dE9iSmx5cXNwVWFZa2xFaG1HeWoyNF9xQ3FwRUt6THM3eFo3MXFQU1dnaHpFWVNpMGFkZ1RQQlhnY2ZxOU1xQVhmaUpTZ0szdGxraDhhN3BwVEJteWZkb05oZnNROElha2UwYzRCQmFCZlBNajFVQjkzRElpOWJBME9OU3U1cnRsVmtjZm1XWW91dE9ZckpVRUFuU3ZyZzVn?oc=5\" target=\"_blank\" rel=\"noopener\">Paris : Anne Hidalgo, la morgue et la d\u00e9sinvolture face aux scandales<\/a>&nbsp;&nbsp;Valeurs actuelles<\/li>\n<\/ol>\n","protected":false},"excerpt":{"rendered":"Notes de frais \u00e0 Paris : TF1 oublie de pr\u00e9ciser que la lanceuse d\u2019alerte est une ancienne candidate&hellip;\n","protected":false},"author":2,"featured_media":433567,"comment_status":"","ping_status":"","sticky":false,"template":"","format":"standard","meta":{"footnotes":""},"categories":[2],"tags":[11,1011,27,5945,12,626,25],"class_list":{"0":"post-433566","1":"post","2":"type-post","3":"status-publish","4":"format-standard","5":"has-post-thumbnail","7":"category-actualites","8":"tag-actualites","9":"tag-fr","10":"tag-france","11":"tag-municipales-elections","12":"tag-news","13":"tag-paris","14":"tag-republique-francaise"},"share_on_mastodon":{"url":"https:\/\/pubeurope.com\/@fr\/115304411056142307","error":""},"_links":{"self":[{"href":"https:\/\/www.europesays.com\/fr\/wp-json\/wp\/v2\/posts\/433566","targetHints":{"allow":["GET"]}}],"collection":[{"href":"https:\/\/www.europesays.com\/fr\/wp-json\/wp\/v2\/posts"}],"about":[{"href":"https:\/\/www.europesays.com\/fr\/wp-json\/wp\/v2\/types\/post"}],"author":[{"embeddable":true,"href":"https:\/\/www.europesays.com\/fr\/wp-json\/wp\/v2\/users\/2"}],"replies":[{"embeddable":true,"href":"https:\/\/www.europesays.com\/fr\/wp-json\/wp\/v2\/comments?post=433566"}],"version-history":[{"count":0,"href":"https:\/\/www.europesays.com\/fr\/wp-json\/wp\/v2\/posts\/433566\/revisions"}],"wp:featuredmedia":[{"embeddable":true,"href":"https:\/\/www.europesays.com\/fr\/wp-json\/wp\/v2\/media\/433567"}],"wp:attachment":[{"href":"https:\/\/www.europesays.com\/fr\/wp-json\/wp\/v2\/media?parent=433566"}],"wp:term":[{"taxonomy":"category","embeddable":true,"href":"https:\/\/www.europesays.com\/fr\/wp-json\/wp\/v2\/categories?post=433566"},{"taxonomy":"post_tag","embeddable":true,"href":"https:\/\/www.europesays.com\/fr\/wp-json\/wp\/v2\/tags?post=433566"}],"curies":[{"name":"wp","href":"https:\/\/api.w.org\/{rel}","templated":true}]}}