{"id":433568,"date":"2025-10-02T11:47:15","date_gmt":"2025-10-02T11:47:15","guid":{"rendered":"https:\/\/www.europesays.com\/fr\/433568\/"},"modified":"2025-10-02T11:47:15","modified_gmt":"2025-10-02T11:47:15","slug":"shein-annonce-ses-premiers-magasins-physiques-en-france","status":"publish","type":"post","link":"https:\/\/www.europesays.com\/fr\/433568\/","title":{"rendered":"Shein annonce ses premiers magasins physiques en France"},"content":{"rendered":"<p>C\u2019est une annonce qui fait jaser depuis sa r\u00e9v\u00e9lation : Shein passe \u00e0 l\u2019offensive en France avec l\u2019ouverture confirm\u00e9e d\u2019une premi\u00e8re boutique physique au BHV Marais de Paris d\u00e8s le mois prochain. Un d\u00e9ploiement de cinq autres espaces au sein des Galeries Lafayette en r\u00e9gion avait \u00e9t\u00e9 \u00e9voqu\u00e9, mais ce projet reste pour l\u2019instant incertain, la maison m\u00e8re ayant exprim\u00e9 son d\u00e9saccord \u00e0 ce sujet.<\/p>\n<p><img loading=\"lazy\" decoding=\"async\" class=\"size-full wp-image-135396 perfmatters-lazy\" alt=\"jupdlc-shein\" width=\"1200\" height=\"628\" src=\"https:\/\/www.europesays.com\/fr\/wp-content\/uploads\/2025\/10\/jupdlc-shein.jpg\"  data-\/>Cr\u00e9dit photo : INSTAGRAM \/ @sheinfrance_<\/p>\n<p>Cette nouvelle a fait l\u2019effet d\u2019une bombe. D\u00e9voil\u00e9e ce premier octobre \u00e0 travers un communiqu\u00e9 par le groupe <a href=\"https:\/\/www.groupe-sgm.com\/\" target=\"_blank\" rel=\"noopener\">SGM<\/a> (Soci\u00e9t\u00e9 des Grands Magasins), notamment propri\u00e9taire du BHV, l\u2019implantation physique imminente de Shein en France marque un tournant strat\u00e9gique pour le leader en ligne de la mode \u00ab ultra accessible \u00bb.<\/p>\n<p>Mais pour beaucoup, cette arriv\u00e9e n\u2019a rien de surprenant : les pr\u00e9c\u00e9dents pop-up stores de la marque organis\u00e9s dans le pays avaient d\u00e9j\u00e0 attir\u00e9 les foules, notamment le dernier en date, organis\u00e9 du 22 au 28 septembre 2025 \u00e0 la Galerie Joseph \u00e0 Paris, qui avait g\u00e9n\u00e9r\u00e9 plusieurs heures de file d\u2019attente\u2026 Une popularit\u00e9 qui confirme l\u2019engouement d\u2019une partie du public, dans une \u00e8re o\u00f9 la <a href=\"https:\/\/jai-un-pote-dans-la.com\/vestiaire-collective-fait-le-buzz-contre-la-fast-fashion\/\" target=\"_blank\" rel=\"noopener\">fast fashion fait d\u00e9bat<\/a>.<\/p>\n<p>\u00a0<\/p>\n<p><strong>Qui est Shein ? <\/strong><\/p>\n<p>Pour rappel, ou pour celles et ceux qui seraient pass\u00e9s \u00e0 c\u00f4t\u00e9, <a href=\"https:\/\/fr.shein.com\/\" target=\"_blank\" rel=\"noopener\">Shein<\/a> (anciennement Sheinside) est une plateforme d\u2019ultra fast fashion asiatique fond\u00e9e en 2012 par Chris Xu.<\/p>\n<p>Aujourd\u2019hui bas\u00e9e \u00e0 Singapour, l\u2019enseigne s\u2019est rapidement impos\u00e9e comme l\u2019un des leaders mondiaux du secteur gr\u00e2ce \u00e0 ses prix ultra comp\u00e9titifs, son abondance en termes de r\u00e9f\u00e9rences et sa strat\u00e9gie jusqu\u2019alors 100 % digitale. Num\u00e9ro un de la vente de mode en ligne, son mod\u00e8le \u00e9conomique repose sur un mode de production ultra rapide et sur un renouvellement constant de ses collections, ce qui lui vaut d\u2019ailleurs autant de succ\u00e8s que de critiques quant \u00e0 son impact RSE.<\/p>\n<p><\/p>\n<p style=\"text-align: center;\">\u00c0 d\u00e9couvrir sur JUPDLC<\/p>\n<p><a data-no-instant=\"1\" href=\"https:\/\/jai-un-pote-dans-la.com\/evenement\/afterwork-de-la-com-7\/\" rel=\"noopener\" class=\"a2t-link\" aria-label=\"Bannieres_site_AW7_pour_GIF_2\" target=\"_blank\"><img loading=\"lazy\" decoding=\"async\" alt=\"\" width=\"970\" height=\"90\" class=\"perfmatters-lazy\" src=\"https:\/\/www.europesays.com\/fr\/wp-content\/uploads\/2025\/10\/Bannieres_site_AW7_pour_GIF_2.gif\"\/><\/a><\/p>\n<p>\u00a0<\/p>\n<p><strong>Une premi\u00e8re implantation physique en France<\/strong><\/p>\n<p>Et c\u2019est la France qui inaugure cette premi\u00e8re pr\u00e9sence physique pour la marque : ce n\u2019est autre qu\u2019en plein c\u0153ur de Paris, et plus pr\u00e9cis\u00e9ment au sixi\u00e8me \u00e9tage du BHV Marais, que la premi\u00e8re boutique ouvrira ses portes d\u00e9but novembre.<\/p>\n<p>Un emplacement prestigieux et embl\u00e9matique de la capitale, pris\u00e9 par toutes marques de mode\u2026 mais surtout un \u00e9norme pas en avant pour le mastodonte de la fast fashion bient\u00f4t affich\u00e9 en grand magasin aux c\u00f4t\u00e9s de marques premium. Un contraste qui surprend au premier abord, mais dont le pr\u00e9sident du groupe SGM, Fr\u00e9d\u00e9ric Merlin, assume pleinement le positionnement :<br \/>\u00ab <strong>C\u2019est cette libert\u00e9, ce m\u00e9lange des genres, qui fait la richesse et l\u2019avenir du grand magasin<\/strong> \u00bb, d\u00e9clarant ce projet \u00ab <strong>r\u00e9volutionnaire<\/strong> \u00bb pour l\u2019industrie.<\/p>\n<p>\u00a0<\/p>\n<p><strong>Un d\u00e9ploiement qui divise, et un projet en r\u00e9gion encore incertain<\/strong><\/p>\n<p>En parall\u00e8le de son ouverture au sein du BHV, Fr\u00e9d\u00e9ric Merlin a annonc\u00e9 l\u2019ouverture de cinq autres enseignes dans des <a href=\"https:\/\/www.galerieslafayette.com\/\" target=\"_blank\" rel=\"noopener\">Galeries Lafayette<\/a> affili\u00e9es au groupe SGM en r\u00e9gion\u202f: Dijon, Reims, Grenoble, Limoges et Angers. Cependant, la maison m\u00e8re du groupe, qui n\u2019exploite pas directement ces magasins affili\u00e9s, a rapidement exprim\u00e9 son d\u00e9saccord. Dans un r\u00e9cent communiqu\u00e9 publi\u00e9 ce 2 octobre au matin, elle indique\u202f:<br \/>\u00ab\u202f<strong>Le positionnement et les pratiques de cette marque d\u2019ultra fast fashion sont en contradiction avec l\u2019offre et les valeurs des Galeries Lafayette. Le groupe emp\u00eachera la mise en \u0153uvre de cette d\u00e9cision.<\/strong>\u202f\u00bb<\/p>\n<\/p>\n<p>De son c\u00f4t\u00e9, Fr\u00e9d\u00e9ric Merlin assume pour le moment pleinement son choix\u202f: \u00ab\u202f<strong>Un m\u00eame consommateur peut acheter une pi\u00e8ce Shein et, le m\u00eame jour, un sac de marque.<\/strong>\u202f\u00bb Pour SGM, ces nouvelles boutiques repr\u00e9sentent une opportunit\u00e9 de diversifier l\u2019offre et d\u2019attirer un public plus large, tout en combinant l\u2019efficacit\u00e9 de la vente en ligne avec la visibilit\u00e9 du commerce physique.<\/p>\n<p>Affaire \u00e0 suivre, donc, pour ces projets de d\u00e9ploiement en r\u00e9gion\u2026<\/p>\n","protected":false},"excerpt":{"rendered":"C\u2019est une annonce qui fait jaser depuis sa r\u00e9v\u00e9lation : Shein passe \u00e0 l\u2019offensive en France avec l\u2019ouverture&hellip;\n","protected":false},"author":2,"featured_media":433569,"comment_status":"","ping_status":"","sticky":false,"template":"","format":"standard","meta":{"footnotes":""},"categories":[4],"tags":[11,4753,56141,764,1011,27,4238,56142,985,12,25,18573,1104],"class_list":{"0":"post-433568","1":"post","2":"type-post","3":"status-publish","4":"format-standard","5":"has-post-thumbnail","7":"category-france","8":"tag-actualites","9":"tag-bhv","10":"tag-bhv-marais","11":"tag-fast-fashion","12":"tag-fr","13":"tag-france","14":"tag-galeries-lafayette","15":"tag-grand-magasin","16":"tag-mode","17":"tag-news","18":"tag-republique-francaise","19":"tag-rse","20":"tag-shein"},"share_on_mastodon":{"url":"https:\/\/pubeurope.com\/@fr\/115304415290721999","error":""},"_links":{"self":[{"href":"https:\/\/www.europesays.com\/fr\/wp-json\/wp\/v2\/posts\/433568","targetHints":{"allow":["GET"]}}],"collection":[{"href":"https:\/\/www.europesays.com\/fr\/wp-json\/wp\/v2\/posts"}],"about":[{"href":"https:\/\/www.europesays.com\/fr\/wp-json\/wp\/v2\/types\/post"}],"author":[{"embeddable":true,"href":"https:\/\/www.europesays.com\/fr\/wp-json\/wp\/v2\/users\/2"}],"replies":[{"embeddable":true,"href":"https:\/\/www.europesays.com\/fr\/wp-json\/wp\/v2\/comments?post=433568"}],"version-history":[{"count":0,"href":"https:\/\/www.europesays.com\/fr\/wp-json\/wp\/v2\/posts\/433568\/revisions"}],"wp:featuredmedia":[{"embeddable":true,"href":"https:\/\/www.europesays.com\/fr\/wp-json\/wp\/v2\/media\/433569"}],"wp:attachment":[{"href":"https:\/\/www.europesays.com\/fr\/wp-json\/wp\/v2\/media?parent=433568"}],"wp:term":[{"taxonomy":"category","embeddable":true,"href":"https:\/\/www.europesays.com\/fr\/wp-json\/wp\/v2\/categories?post=433568"},{"taxonomy":"post_tag","embeddable":true,"href":"https:\/\/www.europesays.com\/fr\/wp-json\/wp\/v2\/tags?post=433568"}],"curies":[{"name":"wp","href":"https:\/\/api.w.org\/{rel}","templated":true}]}}