{"id":433572,"date":"2025-10-02T11:50:16","date_gmt":"2025-10-02T11:50:16","guid":{"rendered":"https:\/\/www.europesays.com\/fr\/433572\/"},"modified":"2025-10-02T11:50:16","modified_gmt":"2025-10-02T11:50:16","slug":"la-reconversion-de-lancien-capitaine-du-xv-de-france-na-pas-ete-de-tout-repos","status":"publish","type":"post","link":"https:\/\/www.europesays.com\/fr\/433572\/","title":{"rendered":"la reconversion de l&rsquo;ancien capitaine du XV de France n&rsquo;a pas \u00e9t\u00e9 de tout repos"},"content":{"rendered":"<p class=\"app_entry_lead\">\n<p>                    <a title=\"\u00a0\u00a9\u00a0Icon Sport\/ABACA\" href=\"https:\/\/www.europesays.com\/fr\/wp-content\/uploads\/2025\/10\/80909066.jpg\" class=\"fancy\"><\/p>\n<p>                            <img loading=\"lazy\" decoding=\"async\" src=\"https:\/\/www.europesays.com\/fr\/wp-content\/uploads\/2025\/10\/80909066.jpg\" alt=\"Ch\u00e8vres et assurances\u00a0: la reconversion de l'ancien capitaine du XV de France n'a pas \u00e9t\u00e9 de tout repos\" width=\"1500\" height=\"1000\"\/><\/p>\n<p>                    <\/a><\/p>\n<p>                L&rsquo;ancienne star du rugby fran\u00e7ais a eu du mal dans sa reconversion.<\/p>\n<p>Changer de vie lorsqu&rsquo;on a \u00e9t\u00e9 un sportif de haut niveau n&rsquo;est pas forc\u00e9ment chose ais\u00e9e. Cat\u00e9goris\u00e9 voire catalogu\u00e9 comme sportif, il faut savoir faire rapidement sa place dans un autre registre et prouver qu&rsquo;on est capable d&rsquo;autre chose. Mais heureusement, les regards changent rapidement car la carri\u00e8re d&rsquo;un sportif est \u00e9ph\u00e9m\u00e8re et la vie qui suit est g\u00e9n\u00e9ralement bien plus longue.<\/p>\n<p>Pour Louis Picamoles, ancienne gloire du rugby tricolore, qui fut\u00a0capitaine du XV de France, le retour \u00e0 la r\u00e9alit\u00e9 a \u00e9t\u00e9 difficile \u00e0 vivre. L&rsquo;ancien troisi\u00e8me ligne a d\u00e9cid\u00e9 de se lancer dans l&rsquo;agriculture d\u00e8s la fin de sa carri\u00e8re pour \u00e9lever des ch\u00e8vres\u00a0\u00e0 la ferme de l&rsquo;Hort, en contrebas du village d&rsquo;Argelliers, dans l&rsquo;arri\u00e8re-pays montpelli\u00e9rain. Un apprentissage ardu qui ne s&rsquo;est pas tout \u00e0 fait pass\u00e9 comme il l&rsquo;avait r\u00eav\u00e9 \u00e9tant enfant&#8230;<\/p>\n<p>\u00ab\u00a0Je me levais, buvais mon chocolat et gagnais l&rsquo;exploitation. J&rsquo;avais le droit de traire les vaches. Je m&rsquo;occupais des veaux. En revenant au Chesnay\u00a0(Yvelines),\u00a0je disais fi\u00e8rement \u00e0 mes parents\u00a0: &lsquo;Quand je serai grand, j&rsquo;aurai ma ferme, mes vaches, mon tracteur, mes champs'\u00a0\u00bb, expliquait le jeune Louis Picamoles, \u00e0 l&rsquo;\u00e9poque o\u00f9 il \u00e9tait encore sur les terrains.<\/p>\n<p><img decoding=\"async\" alt=\"\" src=\"https:\/\/www.europesays.com\/fr\/wp-content\/uploads\/2025\/10\/80909034.jpg\"\/><\/p>\n<p>Malheureusement la r\u00e9alit\u00e9 du m\u00e9tier a rattrap\u00e9 l&rsquo;ancien champion de France du Stade Toulousain,\u00a0au moment de passer du maillot au bleu de travail.\u00a0Apr\u00e8s avoir entam\u00e9 les d\u00e9marches, Louis Picamoles a finalement renonc\u00e9 pour se tourner vers le secteur des\u00a0assurances.\u00a0Un choix auquel il s&rsquo;est r\u00e9solu \u00ab\u00a0pour des raisons \u00e9conomiques, entre l&rsquo;augmentation des prix, les co\u00fbts des mat\u00e9riaux, les taux bancaires qui ont explos\u00e9\u00a0\u00bb pour les agriculteurs, comme il l&rsquo;a expliqu\u00e9 \u00e0 RMC.<\/p>\n<p>L&rsquo;occasion de t\u00e9moigner des difficult\u00e9s v\u00e9cues par les agriculteurs, notamment les jeunes qui cherchent \u00e0 s&rsquo;installer. \u00ab\u00a0On demande \u00e9norm\u00e9ment de paperasse et de normes \u00e0 respecter pour mener \u00e0 bien ce projet. Quand on passe toutes ces \u00e9tapes chose qu&rsquo;on avait faite, on arrive face aux difficult\u00e9s \u00e9conomiques dues au montant des travaux qui ont compl\u00e8tement explos\u00e9. Avec les crises successives, on a pris 30\u00a0voire 40% d&rsquo;augmentation sur certains corps de m\u00e9tier.\u00a0Je n&rsquo;imagine m\u00eame pas un jeune agriculteur qui voudrait avoir un projet comme le mien \u00e0 taille humaine\u00a0\u00bb, se demande-t-il.<\/p>\n<p>\u00ab\u00a0Ce qui m&rsquo;a fait dire &lsquo;on arr\u00eate&rsquo;, c&rsquo;\u00e9tait cette crainte d&rsquo;amener ma famille dans quelque chose qui \u00e9tait vou\u00e9 \u00e0 nous mettre face \u00e0 de grandes difficult\u00e9s\u00a0\u00bb, a aussi avou\u00e9\u00a0l&rsquo;ancien joueur. \u00ab\u00a0J&rsquo;ai envie d&rsquo;essayer de faire entendre cette souffrance du monde agricole et d&rsquo;essayer de voir si on faut bouger les choses. Je ne suis pas un politique, c&rsquo;est un monde que je d\u00e9couvre. Mais on va essayer de faire entendre cette pression et ressenti que peut avoir le monde rural dans son ensemble, voir si on peut essayer de faire bouger les choses\u00a0\u00bb, a-t-il conclu.<\/p>\n","protected":false},"excerpt":{"rendered":"L&rsquo;ancienne star du rugby fran\u00e7ais a eu du mal dans sa reconversion. Changer de vie lorsqu&rsquo;on a \u00e9t\u00e9&hellip;\n","protected":false},"author":2,"featured_media":433573,"comment_status":"","ping_status":"","sticky":false,"template":"","format":"standard","meta":{"footnotes":""},"categories":[1416],"tags":[56143,51761,51763,1011,27,51979,51767,479,1468,60],"class_list":{"0":"post-433572","1":"post","2":"type-post","3":"status-publish","4":"format-standard","5":"has-post-thumbnail","7":"category-rugby","8":"tag-cms-linternaute-8919421","9":"tag-controller-content","10":"tag-format-papier","11":"tag-fr","12":"tag-france","13":"tag-les-histoires-de-linternaute","14":"tag-parallaxeinfeed","15":"tag-rugby","16":"tag-rugby-football","17":"tag-sports"},"share_on_mastodon":{"url":"https:\/\/pubeurope.com\/@fr\/115304426756163029","error":""},"_links":{"self":[{"href":"https:\/\/www.europesays.com\/fr\/wp-json\/wp\/v2\/posts\/433572","targetHints":{"allow":["GET"]}}],"collection":[{"href":"https:\/\/www.europesays.com\/fr\/wp-json\/wp\/v2\/posts"}],"about":[{"href":"https:\/\/www.europesays.com\/fr\/wp-json\/wp\/v2\/types\/post"}],"author":[{"embeddable":true,"href":"https:\/\/www.europesays.com\/fr\/wp-json\/wp\/v2\/users\/2"}],"replies":[{"embeddable":true,"href":"https:\/\/www.europesays.com\/fr\/wp-json\/wp\/v2\/comments?post=433572"}],"version-history":[{"count":0,"href":"https:\/\/www.europesays.com\/fr\/wp-json\/wp\/v2\/posts\/433572\/revisions"}],"wp:featuredmedia":[{"embeddable":true,"href":"https:\/\/www.europesays.com\/fr\/wp-json\/wp\/v2\/media\/433573"}],"wp:attachment":[{"href":"https:\/\/www.europesays.com\/fr\/wp-json\/wp\/v2\/media?parent=433572"}],"wp:term":[{"taxonomy":"category","embeddable":true,"href":"https:\/\/www.europesays.com\/fr\/wp-json\/wp\/v2\/categories?post=433572"},{"taxonomy":"post_tag","embeddable":true,"href":"https:\/\/www.europesays.com\/fr\/wp-json\/wp\/v2\/tags?post=433572"}],"curies":[{"name":"wp","href":"https:\/\/api.w.org\/{rel}","templated":true}]}}