{"id":433608,"date":"2025-10-02T12:12:16","date_gmt":"2025-10-02T12:12:16","guid":{"rendered":"https:\/\/www.europesays.com\/fr\/433608\/"},"modified":"2025-10-02T12:12:16","modified_gmt":"2025-10-02T12:12:16","slug":"municipales-2026-corentin-jousserand-tete-de-liste-rn-a-saint-etienne","status":"publish","type":"post","link":"https:\/\/www.europesays.com\/fr\/433608\/","title":{"rendered":"Municipales 2026. Corentin Jousserand t\u00eate de liste RN \u00e0 Saint-Etienne"},"content":{"rendered":"<p><img loading=\"lazy\" decoding=\"async\" alt=\"\u00a9 Denis Meynard - Corentin Jousserand entour\u00e9 de Laure Carrel-Billiard et de Laurent Jacobelli.\" data-zoom-src=\"https:\/\/www.europesays.com\/fr\/wp-content\/uploads\/2025\/10\/initial-rn-jousserand.jpg\" data-zoomable=\"\" height=\"702\" src=\"https:\/\/www.europesays.com\/fr\/wp-content\/uploads\/2025\/10\/initial-rn-jousserand.jpg\" width=\"1248\"\/>  <\/p>\n<p class=\"article-desc\">\u00a9 Denis Meynard &#8211; Corentin Jousserand entour\u00e9 de Laure Carrel-Billiard et de Laurent Jacobelli. <\/p>\n<p>\u00c0 l\u2019approche des prochaines <strong>\u00e9lections municipales<\/strong>, le <strong>Rassemblement national <\/strong>affiche de grandes ambitions dans la <strong>Loire<\/strong>, o\u00f9 il avait pr\u00e9sent\u00e9 une liste dans seulement deux communes en 2020, <strong>Saint-\u00c9tienne<\/strong> et <strong>Saint-Chamond<\/strong>. <\/p>\n<p>Dans la capitale du Forez, celle conduite par Sophie Robert n\u2019avait pas r\u00e9ussi \u00e0 atteindre la barre des 10 % indispensable pour \u00eatre pr\u00e9sente au second tour. <\/p>\n<p>\u00c0 Saint-Chamond, les deux \u00e9lus de la liste conduite par Isabelle Surply ont depuis quitt\u00e9 le mouvement pr\u00e9sid\u00e9 par le d\u00e9put\u00e9 europ\u00e9en Jordan Bardella. \u00c0 noter que le Rassemblement national ne compte actuellement aucun conseiller municipal sur l\u2019ensemble du d\u00e9partement. <\/p>\n<p>Le RN n\u2019a plus de conseillers municipaux dans la Loire <\/p>\n<p>\u00ab\u00a0En 2026 nous pr\u00e9senterons une liste dans une dizaine des principales villes du d\u00e9partement, dont Roanne\u00a0\u00bb, a annonc\u00e9 le 27 septembre dernier <strong>Corentin Jousserand<\/strong>, jour de la F\u00eate de rentr\u00e9e la f\u00e9d\u00e9ration RN de la Loire, organis\u00e9e \u00e0 Saint-Genest-Malifaux, en pr\u00e9sence du d\u00e9put\u00e9 Laurent Jacobelli, porte-parole du RN.<\/p>\n<p>\u00c2g\u00e9 de 28 ans, cet ancien \u00e9l\u00e8ve du lyc\u00e9e Claude Fauriel, dipl\u00f4m\u00e9 d\u2019HEC et de Sciences Po Paris, est pass\u00e9 par le mouvement Reconqu\u00eate d\u2019\u00c9ric Zemmour, avant de rejoindre son nouveau parti en 2023. <\/p>\n<p>Ce conseiller du groupe RN \u00e0 la <strong>Commission des finances<\/strong> indique que les dix premiers membres de sa liste pour Saint-\u00c9tienne, ainsi que leur domaine de comp\u00e9tence, seront pr\u00e9sent\u00e9s courant novembre ou d\u00e9cembre. Et ajoute qu\u2019il faudra attendre <strong>d\u00e9but 2026 pour la pr\u00e9sentation du programme<\/strong>, puis f\u00e9vrier pour prendre connaissance des 59 noms qui la composeront.<\/p>\n<p>Une liste sur laquelle Laure Carrel-Billiard, 31 ans, collaboratrice parlementaire du d\u00e9put\u00e9 UDR (Union des droites pour la R\u00e9publique) du Nord de l\u2019Ard\u00e8che Vincent Tr\u00e9buchet, repr\u00e9sentera ce parti fond\u00e9 par le d\u00e9put\u00e9 des Alpes-Maritimes \u00c9ric Ciotti, dont elle est la r\u00e9f\u00e9rente pour Saint-\u00c9tienne. <\/p>\n<p>\u00ab\u00a0Il est logique que le maire de Saint-Etienne pr\u00e9side la m\u00e9tropole\u00a0\u00bb <\/p>\n<p>\u00ab\u00a0Le d\u00e9veloppement \u00e9conomique et la redynamisation du commerce pour y attirer des actifs, occuperont une place de choix dans le programme qui sera propos\u00e9 aux St\u00e9phanois, dans un contexte de paup\u00e9risation croissance\u00a0\u00bb, note la t\u00eate de liste RN pour qui \u00ab\u00a0il est logique que le maire de Saint-\u00c9tienne pr\u00e9side la m\u00e9tropole\u00a0\u00bb. \u00c9voquant \u00ab\u00a0des pistes de r\u00e9flexion qui demandent \u00e0 \u00eatre chiffr\u00e9es\u00a0\u00bb. Notamment un p<strong>lan global d\u2019am\u00e9nagement urbain<\/strong>, de reconversion et de r\u00e9affectation des friches industrielles et commerciales, ou encore des micro-zones franches municipales.<\/p>\n","protected":false},"excerpt":{"rendered":"\u00a9 Denis Meynard &#8211; Corentin Jousserand entour\u00e9 de Laure Carrel-Billiard et de Laurent Jacobelli. \u00c0 l\u2019approche des prochaines&hellip;\n","protected":false},"author":2,"featured_media":433609,"comment_status":"","ping_status":"","sticky":false,"template":"","format":"standard","meta":{"footnotes":""},"categories":[9653],"tags":[1111,11,2430,1777,674,1011,27,3434,12,1078,25,4001],"class_list":{"0":"post-433608","1":"post","2":"type-post","3":"status-publish","4":"format-standard","5":"has-post-thumbnail","7":"category-saint-etienne","8":"tag-actu","9":"tag-actualites","10":"tag-auvergne-rhone-alpes","11":"tag-eu","12":"tag-europe","13":"tag-fr","14":"tag-france","15":"tag-municipales-2026","16":"tag-news","17":"tag-rassemblement-national","18":"tag-republique-francaise","19":"tag-saint-etienne"},"share_on_mastodon":{"url":"https:\/\/pubeurope.com\/@fr\/115304513701930701","error":""},"_links":{"self":[{"href":"https:\/\/www.europesays.com\/fr\/wp-json\/wp\/v2\/posts\/433608","targetHints":{"allow":["GET"]}}],"collection":[{"href":"https:\/\/www.europesays.com\/fr\/wp-json\/wp\/v2\/posts"}],"about":[{"href":"https:\/\/www.europesays.com\/fr\/wp-json\/wp\/v2\/types\/post"}],"author":[{"embeddable":true,"href":"https:\/\/www.europesays.com\/fr\/wp-json\/wp\/v2\/users\/2"}],"replies":[{"embeddable":true,"href":"https:\/\/www.europesays.com\/fr\/wp-json\/wp\/v2\/comments?post=433608"}],"version-history":[{"count":0,"href":"https:\/\/www.europesays.com\/fr\/wp-json\/wp\/v2\/posts\/433608\/revisions"}],"wp:featuredmedia":[{"embeddable":true,"href":"https:\/\/www.europesays.com\/fr\/wp-json\/wp\/v2\/media\/433609"}],"wp:attachment":[{"href":"https:\/\/www.europesays.com\/fr\/wp-json\/wp\/v2\/media?parent=433608"}],"wp:term":[{"taxonomy":"category","embeddable":true,"href":"https:\/\/www.europesays.com\/fr\/wp-json\/wp\/v2\/categories?post=433608"},{"taxonomy":"post_tag","embeddable":true,"href":"https:\/\/www.europesays.com\/fr\/wp-json\/wp\/v2\/tags?post=433608"}],"curies":[{"name":"wp","href":"https:\/\/api.w.org\/{rel}","templated":true}]}}