{"id":433612,"date":"2025-10-02T12:14:14","date_gmt":"2025-10-02T12:14:14","guid":{"rendered":"https:\/\/www.europesays.com\/fr\/433612\/"},"modified":"2025-10-02T12:14:14","modified_gmt":"2025-10-02T12:14:14","slug":"coupe-de-france-federale-2e-tour-coupe-de-france-federale-nancy-retournera-chez-p2h","status":"publish","type":"post","link":"https:\/\/www.europesays.com\/fr\/433612\/","title":{"rendered":"Coupe de France F\u00e9d\u00e9rale (2e tour). Coupe de France F\u00e9d\u00e9rale\u00a0: Nancy retournera chez P2H"},"content":{"rendered":"<p>C\u2019est \u00e9videmment une bien maigre consolation\u2026 et un \u00ab\u00a0cadeau\u00a0\u00bb dont les Bleu et or se seraient bien pass\u00e9s. Mais les d\u00e9boires financiers du Nancy Handball lui auront finalement permis de passer &#8211; sans se \u00ab\u00a0mouiller\u00a0\u00bb &#8211; le cap du premier tour de la Coupe de France (F\u00e9d\u00e9rale).<\/p>\n<p>\u00c0 l\u2019\u00e9poque emp\u00eatr\u00e9 dans des proc\u00e9dures, <a href=\"https:\/\/www.estrepublicain.fr\/sport\/2025\/08\/20\/nancy-handball-le-cnosf-balaie-les-derniers-espoirs-de-maintien-des-lorrains-en-proligue\" target=\"_blank\" rel=\"noopener\">qui pouvaient encore lui permettre d\u2019entretenir l\u2019espoir d\u2019un maintien en Proligue, le NH avait ainsi \u00e9t\u00e9 \u00ab\u00a0exempt\u00e9\u00a0\u00bb de tour de chauffe lors du premier \u00ab\u00a0tirage\u00a0\u00bb<\/a>. Mais s\u2019ils veulent se payer une aventure d\u00e9paysante en ces temps moroses, les hommes de Thierry Thoni vont d\u00e9sormais devoir gagner leur place sur le parquet. En premier lieu celui de P2H (N2), qu\u2019ils fouleront le 1er\u00a0novembre, \u00e0 l\u2019occasion de ce deuxi\u00e8me tour de Coupe F\u00e9d\u00e9rale\u00a0: ni plus ni moins que le \u00ab\u00a0remake\u00a0\u00bb de la prochaine journ\u00e9e de championnat (samedi\u00a0; 20h30), en Nationale 2. Auteurs d\u2019un bon d\u00e9but de saison, les partenaires de Mehdi Sendel s\u2019\u00e9taient qualifi\u00e9s de leur c\u00f4t\u00e9, fin ao\u00fbt, en d\u00e9posant (32-28) une coriace \u00e9quipe de Villers (N3).<\/p>\n<p><a href=\"https:\/\/www.estrepublicain.fr\/sport\/2025\/08\/31\/coupe-de-france-l-entente-varan-st-nic-submergee-par-la-vague-messine\" target=\"_blank\" rel=\"noopener\">Tenants du titre, les Messins (N1)<\/a> partiront, eux, logiquement favoris face \u00e0 une \u00e9quipe de l\u2019ESSAHB (N3) tombeuse de Thionville (33-32). Alors que Folschviller (N1F), sans piti\u00e9 pour Hom\u00e9court (23-48), s\u2019aventurera cette fois-ci dans la banlieue de Reims, o\u00f9 l\u2019attend une \u00e9quipe de Saint-Brice (N1) nettement plus comp\u00e9titive\u2026<\/p>\n<blockquote class=\"question\"><p>Les \u00e9quipes lorraines engag\u00e9es<\/p><\/blockquote>\n<p>Metz (N1) &#8211;\u00a0Strasbourg Schiltigheim Alsace HB (N3)\u00a0: \u00e0 d\u00e9f.<\/p>\n<p>AS Saint-Brice-Courcelles (N1) &#8211; Folschviller (N1F)\u00a0; samedi 1er\u00a0novembre (19\u00a0h).<\/p>\n<p>P2H (N2) &#8211; Nancy HB (N2)\u00a0; samedi 1er\u00a0novembre (20h30).<\/p>\n","protected":false},"excerpt":{"rendered":"C\u2019est \u00e9videmment une bien maigre consolation\u2026 et un \u00ab\u00a0cadeau\u00a0\u00bb dont les Bleu et or se seraient bien pass\u00e9s.&hellip;\n","protected":false},"author":2,"featured_media":433613,"comment_status":"","ping_status":"","sticky":false,"template":"","format":"standard","meta":{"footnotes":""},"categories":[9635],"tags":[1111,11,1704,1777,674,107,1701,1011,27,775,1792,1702,13622,1703,12,25,517,1700],"class_list":{"0":"post-433612","1":"post","2":"type-post","3":"status-publish","4":"format-standard","5":"has-post-thumbnail","7":"category-nancy","8":"tag-actu","9":"tag-actualites","10":"tag-edition-nancy-et-agglomeration","11":"tag-eu","12":"tag-europe","13":"tag-fil-info","14":"tag-fil-info-sport","15":"tag-fr","16":"tag-france","17":"tag-grand-est","18":"tag-handball","19":"tag-nancy","20":"tag-nancy-handball","21":"tag-nancy-ville-54b","22":"tag-news","23":"tag-republique-francaise","24":"tag-sport","25":"tag-sport-lorrain"},"share_on_mastodon":{"url":"https:\/\/pubeurope.com\/@fr\/115304520989040247","error":""},"_links":{"self":[{"href":"https:\/\/www.europesays.com\/fr\/wp-json\/wp\/v2\/posts\/433612","targetHints":{"allow":["GET"]}}],"collection":[{"href":"https:\/\/www.europesays.com\/fr\/wp-json\/wp\/v2\/posts"}],"about":[{"href":"https:\/\/www.europesays.com\/fr\/wp-json\/wp\/v2\/types\/post"}],"author":[{"embeddable":true,"href":"https:\/\/www.europesays.com\/fr\/wp-json\/wp\/v2\/users\/2"}],"replies":[{"embeddable":true,"href":"https:\/\/www.europesays.com\/fr\/wp-json\/wp\/v2\/comments?post=433612"}],"version-history":[{"count":0,"href":"https:\/\/www.europesays.com\/fr\/wp-json\/wp\/v2\/posts\/433612\/revisions"}],"wp:featuredmedia":[{"embeddable":true,"href":"https:\/\/www.europesays.com\/fr\/wp-json\/wp\/v2\/media\/433613"}],"wp:attachment":[{"href":"https:\/\/www.europesays.com\/fr\/wp-json\/wp\/v2\/media?parent=433612"}],"wp:term":[{"taxonomy":"category","embeddable":true,"href":"https:\/\/www.europesays.com\/fr\/wp-json\/wp\/v2\/categories?post=433612"},{"taxonomy":"post_tag","embeddable":true,"href":"https:\/\/www.europesays.com\/fr\/wp-json\/wp\/v2\/tags?post=433612"}],"curies":[{"name":"wp","href":"https:\/\/api.w.org\/{rel}","templated":true}]}}