{"id":433618,"date":"2025-10-02T12:17:10","date_gmt":"2025-10-02T12:17:10","guid":{"rendered":"https:\/\/www.europesays.com\/fr\/433618\/"},"modified":"2025-10-02T12:17:10","modified_gmt":"2025-10-02T12:17:10","slug":"sans-surprise-les-juges-confirment-en-appel-linterdiction-de-la-corrida-a-perols","status":"publish","type":"post","link":"https:\/\/www.europesays.com\/fr\/433618\/","title":{"rendered":"sans surprise, les juges confirment en appel l&rsquo;interdiction de la corrida \u00e0 P\u00e9rols"},"content":{"rendered":"<p>            Par<br \/>\n        <strong><br \/>\n            <a href=\"https:\/\/actu.fr\/auteur\/jm-aubert\" title=\"Consulter tous les articles de Jean-Marc Aubert\" target=\"_blank\" rel=\"noopener\">Jean-Marc Aubert<\/a><br \/>\n        <\/strong><\/p>\n<p>        Publi\u00e9 le<\/p>\n<p>            2 oct. 2025 \u00e0 14h04        <\/p>\n<p>Sans surprise, y compris pour la mairie de <strong>P\u00e9rols<\/strong>, la <strong>cour administrative d\u2019appel de Toulouse<\/strong> vient de confirmer le jugement du tribunal administratif de Montpellier pour l\u2019interdiction de la <strong>corrida dans les ar\u00e8nes<\/strong> de cette commune.<\/p>\n<p class=\" wall-content\">Les juges ont donc suivi la d\u00e9cision rendue en premi\u00e8re instance, en rejetant les requ\u00eates de la commune de P\u00e9rols condamn\u00e9e \u00e0 verser une somme de 1 500 euros \u00e0 l\u2019<strong>Alliance Anticorrida<\/strong> sur le fondement de l\u2019article L. 761-1 du code de justice administrative.\u00a0<\/p>\n<p>    <a href=\"https:\/\/www.google.com\/maps\/embed?pb=!1m18!1m12!1m3!1d5333.103386161683!2d3.95150778385602!3d43.56182714921408!2m3!1f0!2f0!3f0!3m2!1i1024!2i768!4f13.1!3m3!1m2!1s0x12b6bb2f099e73b5%3A0x1af9d50e85787b45!2zQXLDqG5lcyBkZSBQw6lyb2xzJ_Cfj58!5e0!3m2!1sfr!2sfr!4v1759399858379!5m2!1sfr!2sfr\" title=\"Ouvrie le lien\" target=\"_blank\" rel=\"noopener\">Cliquez ici pour visualiser le contenu<\/a><\/p>\n<p class=\" wall-content\">Les magistrats ont\u00a0donc consacr\u00e9 l\u2019id\u00e9e de l\u2019interruption de la tradition, et le fait que la violence sur animaux devient p\u00e9nalement r\u00e9pr\u00e9hensible dans les ar\u00e8nes de P\u00e9rols. \u00ab Apr\u00e8s 25 ans de d\u00e9voiement du code p\u00e9nal par la jurisprudence,\u00a0on quitte enfin la notion d&rsquo;\u00a0\u00bbensemble d\u00e9mographique\u00a0\u00bb, pour revenir \u00e0 l\u2019esprit du l\u00e9gislateur, qui avait clairement donn\u00e9 \u00e0 la notion de \u00ab\u00a0tradition locale\u00a0\u00bb une interpr\u00e9tation restrictive \u00bb indique, satisfaite, Claire Starozinski, pr\u00e9sidente de l\u2019Alliance Anticorrida. Elle ajoute que \u00ab D\u00e9sormais toute commune ayant interrompu l\u2019organisation de corridas ne pourra plus en organiser. L\u2019Alliance Anticorrida veillera scrupuleusement au respect de l\u2019arr\u00eat\u00a0de la Cour administrative d\u2019Appel de Toulouse,\u00a0qui fera jurisprudence. \u00bb<\/p>\n<p class=\" wall-content\">Les juges \u00e9crivent \u00ab\u00a0qu\u2019il ne saurait \u00eatre contest\u00e9 que dans le midi de la France entre le pays d\u2019Arles et le pays basque, entre garrigue et M\u00e9diterran\u00e9e, entre Pyr\u00e9n\u00e9es et Garonne, en Provence, Languedoc, Catalogne, Gascogne, Landes et Pays Basque existe une forte tradition taurine qui se manifeste par l\u2019organisation de spectacles complets de corridas de mani\u00e8re r\u00e9guli\u00e8re\u00a0\u00bb.<\/p>\n<p>Vid\u00e9os : en ce moment sur Actu<\/p>\n<p class=\" wall-content\">En premi\u00e8re instance, le 16 mai 2023, juge des r\u00e9f\u00e9r\u00e9s et juge du fond avaient estim\u00e9 que l\u2019organisation d\u2019une novillada,\u00a0devait \u00eatre regard\u00e9e comme constituant un mauvais traitement volontaire envers des animaux r\u00e9prim\u00e9 par l\u2019article 521-1 du code p\u00e9nal, sauf lorsqu\u2019existe une \u00ab tradition locale ininterrompue de courses taurines \u00bb. L\u2019Alliance Anticorrida ayant fait la preuve qu\u2019une telle tradition n\u2019\u00e9tait pas \u00e9tablie \u00e0 P\u00e9rols, l\u2019organisation de ce type de manifestation y est par cons\u00e9quent interdite.\u00a0La\u00a0rapporteure publique avait conclu au rejet de la requ\u00eate de la municipalit\u00e9 \u00e0 l\u2019audience de la cour administrative d\u2019appel de Toulouse, le 18 septembre dernier.<\/p>\n<p>    <img   decoding=\"async\" loading=\"lazy\" src=\"https:\/\/www.europesays.com\/fr\/wp-content\/uploads\/2025\/10\/wu-lrus9-400x400-1-960x640.jpg\" alt=\"Claire Starozinski crime victoire apr\u00e8s cet arr\u00eat contre la corrida\" width=\"960\" height=\"640\"\/><br \/>\n    Claire Starozinski crime victoire apr\u00e8s cet arr\u00eat contre la corrida (\u00a9CZ)<\/p>\n<p>Votre r\u00e9gion, votre actu !<\/p>\n<p>Recevez chaque jour les infos qui comptent pour vous.<\/p>\n<p>\t<a href=\"https:\/\/actu.fr\/newsletter\" class=\"ac-btn ac-btn--corner ac-btn--medium ac-btn--blue800\" target=\"_blank\" rel=\"noopener\">S&rsquo;incrire<\/a><\/p>\n<p class=\" wall-content\">En 2023, Jean-Pierre Rico, le maire de P\u00e9rols avait annonc\u00e9, sans concertation avec les habitants, le retour de la tauromachie espagnole, apr\u00e8s 21 ans d\u2019interruption. \u00ab\u00a0L\u2019indignation manifest\u00e9e par les P\u00e9roliens aupr\u00e8s de l\u2019Alliance Anticorrida a conduit l\u2019association \u00e0 entreprendre plusieurs actions, dont un recours en annulation de la novillada, pr\u00e9vue le 15 juillet, devant le tribunal administratif de Montpellier, le 16 mai. L\u2019Alliance Anticorrida a fait la preuve que la tradition taurine espagnole \u00e9tait interrompue depuis 21 ans et que les habitants de P\u00e9rols ne voulaient plus de corrida dans leur commune. En premi\u00e8re instance, la rapporteure publique avait conclu : \u00ab Si P\u00e9rols est marqu\u00e9e par la culture taurine, il ne s\u2019agit que de manifestations sans mise \u00e0 mort \u00bb, selon Claire Starozinski.<\/p>\n<p class=\" wall-content\">\u00c0 l\u2019audience\u00a0de la cour administrative d\u2019appel de Toulouse, 18 septembre, des points importants ont \u00e9t\u00e9 soulev\u00e9s par l\u2019avocat de l\u2019Alliance Anticorrida, notamment la prise en compte accrue des s\u00e9vices exerc\u00e9s sur les animaux depuis la loi de 2021. La rapporteure a demand\u00e9 que soit \u00e9tabli un distinguo tr\u00e8s net entre les spectacles sans effusion de sang \u2013 course camarguaise et course landaise \u2013 et la corrida.\u00a0<\/p>\n<p class=\" wall-content\">Sollicit\u00e9 ce jeudi 2 octobre 2025 par <strong>M\u00e9tropolitain,<\/strong> la Ville de P\u00e9rols n\u2019a pas encore d\u00e9cid\u00e9 si un recours allait \u00eatre port\u00e9 devant le Conseil d\u2019\u00c9tat.<\/p>\n<p class=\" wall-content\">Personnalisez votre actualit\u00e9 en ajoutant vos villes et m\u00e9dias en favori avec <a href=\"https:\/\/moncompte.actu.fr\" title=\"D\u00e9couvez Mon Actu\" rel=\"nofollow noopener\" data-trk=\"{&quot;cta&quot;:{&quot;action&quot;:&quot;https:\\\/\\\/moncompte.actu.fr&quot;,&quot;category&quot;:&quot;mon compte&quot;,&quot;from&quot;:&quot;article footer&quot;,&quot;name&quot;:&quot;Mon actu&quot;,&quot;type&quot;:&quot;cta&quot;}}\" target=\"_blank\">Mon Actu<\/a>.<\/p>\n","protected":false},"excerpt":{"rendered":"Par Jean-Marc Aubert Publi\u00e9 le 2 oct. 2025 \u00e0 14h04 Sans surprise, y compris pour la mairie de&hellip;\n","protected":false},"author":2,"featured_media":433619,"comment_status":"","ping_status":"","sticky":false,"template":"","format":"standard","meta":{"footnotes":""},"categories":[9599],"tags":[1111,11,1867,45176,1777,674,118,1011,27,303,2208,12,2680,25],"class_list":{"0":"post-433618","1":"post","2":"type-post","3":"status-publish","4":"format-standard","5":"has-post-thumbnail","7":"category-montpellier","8":"tag-actu","9":"tag-actualites","10":"tag-animaux","11":"tag-corrida","12":"tag-eu","13":"tag-europe","14":"tag-faits-divers","15":"tag-fr","16":"tag-france","17":"tag-justice","18":"tag-montpellier","19":"tag-news","20":"tag-occitanie","21":"tag-republique-francaise"},"share_on_mastodon":{"url":"https:\/\/pubeurope.com\/@fr\/115304533365461595","error":""},"_links":{"self":[{"href":"https:\/\/www.europesays.com\/fr\/wp-json\/wp\/v2\/posts\/433618","targetHints":{"allow":["GET"]}}],"collection":[{"href":"https:\/\/www.europesays.com\/fr\/wp-json\/wp\/v2\/posts"}],"about":[{"href":"https:\/\/www.europesays.com\/fr\/wp-json\/wp\/v2\/types\/post"}],"author":[{"embeddable":true,"href":"https:\/\/www.europesays.com\/fr\/wp-json\/wp\/v2\/users\/2"}],"replies":[{"embeddable":true,"href":"https:\/\/www.europesays.com\/fr\/wp-json\/wp\/v2\/comments?post=433618"}],"version-history":[{"count":0,"href":"https:\/\/www.europesays.com\/fr\/wp-json\/wp\/v2\/posts\/433618\/revisions"}],"wp:featuredmedia":[{"embeddable":true,"href":"https:\/\/www.europesays.com\/fr\/wp-json\/wp\/v2\/media\/433619"}],"wp:attachment":[{"href":"https:\/\/www.europesays.com\/fr\/wp-json\/wp\/v2\/media?parent=433618"}],"wp:term":[{"taxonomy":"category","embeddable":true,"href":"https:\/\/www.europesays.com\/fr\/wp-json\/wp\/v2\/categories?post=433618"},{"taxonomy":"post_tag","embeddable":true,"href":"https:\/\/www.europesays.com\/fr\/wp-json\/wp\/v2\/tags?post=433618"}],"curies":[{"name":"wp","href":"https:\/\/api.w.org\/{rel}","templated":true}]}}