{"id":433622,"date":"2025-10-02T12:19:10","date_gmt":"2025-10-02T12:19:10","guid":{"rendered":"https:\/\/www.europesays.com\/fr\/433622\/"},"modified":"2025-10-02T12:19:10","modified_gmt":"2025-10-02T12:19:10","slug":"a-rouen-un-conducteur-dambulance-fume-son-joint-en-attendant-un-patient","status":"publish","type":"post","link":"https:\/\/www.europesays.com\/fr\/433622\/","title":{"rendered":"\u00c0 Rouen, un conducteur d&rsquo;ambulance fume son joint en attendant un patient"},"content":{"rendered":"<p>            Par<br \/>\n        <strong><br \/>\n            <a href=\"https:\/\/actu.fr\/auteur\/adrien-filoche\" title=\"Consulter tous les articles de Adrien Filoche\" target=\"_blank\" rel=\"noopener\">Adrien Filoche<\/a><br \/>\n        <\/strong><\/p>\n<p>        Publi\u00e9 le<\/p>\n<p>            2 oct. 2025 \u00e0 14h05        <\/p>\n<p>Ce jeudi 2\u00a0octobre 2025, les policiers ont arr\u00eat\u00e9 dans la matin\u00e9e un<strong> conducteur d\u2019ambulance<\/strong> au niveau du boulevard d\u2019Orl\u00e9ans \u00e0 <a href=\"https:\/\/actu.fr\/normandie\/rouen_76540\" target=\"_blank\" rel=\"noopener\">Rouen (Seine-Maritime)<\/a>. Il a \u00e9t\u00e9 surpris en train de fumer <strong>un joint de cannabis.<\/strong><\/p>\n<p>Le conducteur interpell\u00e9<\/p>\n<p class=\" wall-content\">\u00ab\u2009Il \u00e9tait stationn\u00e9 et attendait un patient sur la voie de circulation \u00bb, nous pr\u00e9cise une source polici\u00e8re. La sc\u00e8ne qui s\u2019est d\u00e9roul\u00e9e vers 9h05 a \u00e9t\u00e9 qualifi\u00e9e \u00ab d\u2019improbable\u2009\u00bb par la police nationale de Seine-Maritime qui s\u2019est fendue d\u2019une publication sur le r\u00e9seau social X.<\/p>\n<p class=\" wall-content\">\n<p class=\" wall-content\">Le conducteur, qui n\u2019\u00e9tait pas en \u00e9tat de conduire, a \u00e9t\u00e9 verbalis\u00e9. C\u2019est son coll\u00e8gue passager qui a repris le volant.<\/p>\n<p>Suivez l\u2019actualit\u00e9 de Rouen sur <a href=\"https:\/\/www.whatsapp.com\/channel\/0029VaKfnf99hXF2ddApFB1D\" target=\"_blank\" rel=\"noopener\">notre cha\u00eene WhatsApp<\/a> et sur <a href=\"https:\/\/www.tiktok.com\/@76actu.fr?lang=fr\" target=\"_blank\" rel=\"noopener\">notre compte TikTok<\/a><\/p>\n<p class=\" wall-content\">Personnalisez votre actualit\u00e9 en ajoutant vos villes et m\u00e9dias en favori avec <a href=\"https:\/\/moncompte.actu.fr\" title=\"D\u00e9couvez Mon Actu\" rel=\"nofollow noopener\" data-trk=\"{&quot;cta&quot;:{&quot;action&quot;:&quot;https:\\\/\\\/moncompte.actu.fr&quot;,&quot;category&quot;:&quot;mon compte&quot;,&quot;from&quot;:&quot;article footer&quot;,&quot;name&quot;:&quot;Mon actu&quot;,&quot;type&quot;:&quot;cta&quot;}}\" target=\"_blank\">Mon Actu<\/a>.<\/p>\n<p>                    <script async src=\"\/\/www.tiktok.com\/embed.js\"><\/script><\/p>\n","protected":false},"excerpt":{"rendered":"Par Adrien Filoche Publi\u00e9 le 2 oct. 2025 \u00e0 14h05 Ce jeudi 2\u00a0octobre 2025, les policiers ont arr\u00eat\u00e9&hellip;\n","protected":false},"author":2,"featured_media":433623,"comment_status":"","ping_status":"","sticky":false,"template":"","format":"standard","meta":{"footnotes":""},"categories":[9587],"tags":[1111,11,3675,1052,1777,674,118,1011,27,12,5161,1072,25,9590],"class_list":{"0":"post-433622","1":"post","2":"type-post","3":"status-publish","4":"format-standard","5":"has-post-thumbnail","7":"category-rouen","8":"tag-actu","9":"tag-actualites","10":"tag-cannabis","11":"tag-drogue","12":"tag-eu","13":"tag-europe","14":"tag-faits-divers","15":"tag-fr","16":"tag-france","17":"tag-news","18":"tag-normandie","19":"tag-police","20":"tag-republique-francaise","21":"tag-rouen"},"share_on_mastodon":{"url":"https:\/\/pubeurope.com\/@fr\/115304540697510158","error":""},"_links":{"self":[{"href":"https:\/\/www.europesays.com\/fr\/wp-json\/wp\/v2\/posts\/433622","targetHints":{"allow":["GET"]}}],"collection":[{"href":"https:\/\/www.europesays.com\/fr\/wp-json\/wp\/v2\/posts"}],"about":[{"href":"https:\/\/www.europesays.com\/fr\/wp-json\/wp\/v2\/types\/post"}],"author":[{"embeddable":true,"href":"https:\/\/www.europesays.com\/fr\/wp-json\/wp\/v2\/users\/2"}],"replies":[{"embeddable":true,"href":"https:\/\/www.europesays.com\/fr\/wp-json\/wp\/v2\/comments?post=433622"}],"version-history":[{"count":0,"href":"https:\/\/www.europesays.com\/fr\/wp-json\/wp\/v2\/posts\/433622\/revisions"}],"wp:featuredmedia":[{"embeddable":true,"href":"https:\/\/www.europesays.com\/fr\/wp-json\/wp\/v2\/media\/433623"}],"wp:attachment":[{"href":"https:\/\/www.europesays.com\/fr\/wp-json\/wp\/v2\/media?parent=433622"}],"wp:term":[{"taxonomy":"category","embeddable":true,"href":"https:\/\/www.europesays.com\/fr\/wp-json\/wp\/v2\/categories?post=433622"},{"taxonomy":"post_tag","embeddable":true,"href":"https:\/\/www.europesays.com\/fr\/wp-json\/wp\/v2\/tags?post=433622"}],"curies":[{"name":"wp","href":"https:\/\/api.w.org\/{rel}","templated":true}]}}