{"id":433628,"date":"2025-10-02T12:22:13","date_gmt":"2025-10-02T12:22:13","guid":{"rendered":"https:\/\/www.europesays.com\/fr\/433628\/"},"modified":"2025-10-02T12:22:13","modified_gmt":"2025-10-02T12:22:13","slug":"que-faire-a-grenoble-ce-week-end-samedi-4-et-dimanche-5-octobre-2025","status":"publish","type":"post","link":"https:\/\/www.europesays.com\/fr\/433628\/","title":{"rendered":"Que faire \u00e0 Grenoble ce week-end (samedi 4 et dimanche 5 octobre 2025) ?"},"content":{"rendered":"<p>F\u00eate des Sciences, festival de jazz, concerts pop, cr\u00e9ation th\u00e9\u00e2trale, vide-greniers&#8230; voici la s\u00e9lection de la r\u00e9daction de l&rsquo;Essor Is\u00e8re pour bien occuper son <strong>week-end <\/strong>\u00e0 <strong>Grenoble <\/strong>et dans les communes voisines, du <strong>vendredi 3 au dimanche 5 octobre 2025<\/strong>. <\/p>\n<p>D\u00e9couvrir les sciences en s&rsquo;amusant <\/p>\n<p>La<strong> F\u00eate de la science<\/strong>, sur le th\u00e8me des Intelligences, se d\u00e9roulera en <strong>Is\u00e8re <\/strong>du 3 au 13 octobre 2025. A Grenoble, des animations sont programm\u00e9es d\u00e8s samedi 4 octobre \u00e0 <strong>La Casemate<\/strong> et place Saint-Laurent. <\/p>\n<p>De 14h \u00e0 18h, se tiendra un village des sciences compos\u00e9 d&rsquo;une quinzaine de stands interactifs, d&rsquo;ateliers cr\u00e9atifs, un programme de mini conf\u00e9rences et d&rsquo;exp\u00e9riences insolites. Parmi les animations programm\u00e9es (sur r\u00e9servations), on citera un atelier casse-t\u00eate sp\u00e9cial intelligence animale, la fresque des nouveaux r\u00e9cits (exp\u00e9rience coop\u00e9rative pour faire \u00e9merger un futur d\u00e9sirable), un atelier collaboratif et ludique pour d\u00e9velopper son esprit critique sur l&rsquo;intelligence artificielle g\u00e9n\u00e9rative\u2026 <\/p>\n<p><strong>Pratique<\/strong> <\/p>\n<p>Lancement de la F\u00eate de la science \u00e0 La Casemate, 2 place Saint-Laurent \u00e0 Grenoble. Renseignements et r\u00e9servations : <a href=\"https:\/\/www.fetedelascience.fr\/saint-laurent-en-ebullition\" rel=\"noopener\" target=\"_blank\">ici<\/a>.\u00a0<\/p>\n<p>  F\u00eater les 20 ans du festival du jazz club de Grenoble <\/p>\n<p>Plusieurs \u00e9v\u00e9nements sont programm\u00e9s ce week-end dans la M\u00e9tropole de Grenoble \u00e0 l&rsquo;occasion des 20 ans du <a href=\"https:\/\/mesinfos.fr\/38000-grenoble\/grenoble-alpes-metropole-jazz-met-le-bresil-a-l-honneur-227233.html\" rel=\"noopener\" target=\"_blank\">Jazz festival Grenoble Alpes M\u00e9tropole<\/a> organis\u00e9 par le Jazz club de Grenoble, jusqu&rsquo;au 12 octobre 2025. Une 21e \u00e9dition plac\u00e9e sous le signe du <strong>Br\u00e9sil<\/strong>.<\/p>\n<p>Le <strong>Malcolm Porter Quartet <\/strong>se produira en concert \u00e0 l&rsquo;espace L\u00e9o-Lagrange de <strong>Poisat<\/strong>. Malcolm Porter (chant et contrebasse), Rubinho Antunes (trompette), Dan Dumont (guitare br\u00e9silienne sept cordes) et Erwan Bonin (batterie) interpr\u00e9teront un r\u00e9pertoire d&rsquo;Outre Atlantique vendredi 3 octobre \u00e0 20h. <\/p>\n<p>Samedi 4 octobre, \u00e0 20h30 \u00e0 La Source \u00e0 <strong>Fontaine<\/strong>, l&rsquo;artiste franco-alg\u00e9rienne <strong>Nesrine <\/strong>(voix et violoncelle \u00e9lecrique), entour\u00e9e de ses musiciens (Anissa Nehari aux percussions et L\u00e9o Jassef au clavier), interpr\u00e9tera ses propres compositions chant\u00e9es en fran\u00e7ais, anglais et arabe. <\/p>\n<p>Un peu plus t\u00f4t dans la journ\u00e9e, \u00e0 16h, Le public pourra participer \u00e0 une <strong>masterclass de percussions<\/strong>, anim\u00e9e par le percussionniste br\u00e9silien, Zaza Desiderio toujours \u00e0 La Source (entr\u00e9e libre). <\/p>\n<p><strong>Pratique<\/strong> <\/p>\n<p>Concert du Malcolm Potter Quartet vendredi 3 octobre \u00e0 20h \u00e0 Poisat. Tarifs 5 \u00e0 10 euros. Concert de Nesrine, samedi 4 octobre \u00e0 20h30 \u00e0 Fontaine. Tarifs : 13 \u00e0 20 euros. Renseignements : <a href=\"https:\/\/www.jazzclubdegrenoble.fr\/\" rel=\"noopener\" target=\"_blank\">ici<\/a>.\u00a0<\/p>\n<p>  Assister \u00e0 une soir\u00e9e concert pop \u00e0 La Belle Electrique <\/p>\n<p>Vendredi 3 octobre, \u00e0 20h, <strong>La Belle \u00c9lectrique <\/strong>proposera un double <strong>concert pop<\/strong> avec <strong>Charlotte Fever<\/strong> et <strong>Vendredi sur Mer<\/strong>.<\/p>\n<p>Vendredi sur Mer a certainement contribu\u00e9 \u00e0 une nouvelle marque de pop francophone caract\u00e9ris\u00e9e par l\u2019alchimie de sa voix douce et des m\u00e9lodies ent\u00eatantes. <\/p>\n<p>Cassandra et Alexandre de Charlotte Fever composent ont sorti il y a un an un premier album incandescent, Paris Cyclone. D\u00e9sormais, le duo explore une zone plus trouble : les synth\u00e9s s\u2019\u00e9paississent, les textes s\u2019assombrissent : moins na\u00eff, plus tranchant, leur nouvel album attendu en 2026 cherche l\u2019intensit\u00e9 l\u00e0 o\u00f9 r\u00e9gnait l\u2019insouciance.<\/p>\n<p><strong>Pratique<\/strong> <\/p>\n<p>Concert vendredi 3 octobre 2025 \u00e0 20h \u00e0 La Belle Electrique \u00e0 Grenoble. Tarifs : 22 \u00e0 27 euros. Renseignements et r\u00e9servations <a href=\"https:\/\/www.la-belle-electrique.com\/fr\/agenda\/vendredi-sur-mer\" rel=\"noopener\" target=\"_blank\">ici<\/a>.\u00a0<\/p>\n<p>  Tout savoir sur les rhumatismes \u00e0 La Tronche <img decoding=\"async\" alt=\"\" class=\"img-align-center img-size-limited\" data-zoomable=\"\" height=\"2666\" loading=\"lazy\" src=\"https:\/\/www.europesays.com\/fr\/wp-content\/uploads\/2025\/10\/hand-trunk-old-leg-human-care-619689-pxherecom.jpg\" title=\"\u00a9 Pxhere - le grand public concern\u00e9 ou curieux du sujet des rhumatismes, est invit\u00e9 \u00e0 participer au salon d\u00e9di\u00e9 au CHU de Grenoble \u00e0 La Tronche, samedi 4 octobre 2025.\" width=\"2000\"\/> \u00a9 Pxhere &#8211; Le grand public concern\u00e9 ou curieux \u00e0 propos des rhumatismes, est invit\u00e9 \u00e0 participer au salon d\u00e9di\u00e9 qui se d\u00e9roulera au CHU de Grenoble, \u00e0 La Tronche, samedi 4 octobre 2025. <\/p>\n<p>Le centre hospitalier universitaire Grenoble Alpes \u00e0<strong> La Tronche<\/strong> accueillera le <strong>salon de la polyarthrite et des rhumatismes inflammatoires chroniques<\/strong>, samedi 4 octobre \u00e0 parti de 13h. L&rsquo;\u00e9v\u00e9nement est <strong>ouvert \u00e0 tous gratuitement<\/strong> et accessible sur inscription pr\u00e9alable. <\/p>\n<p>Parmi les temps forts de cet apr\u00e8s midi de rencontres, <strong>deux conf\u00e9rences<\/strong> seront organis\u00e9es. La premi\u00e8re, anim\u00e9e par Xavier Romand, praticien hospitalier universitaire du CHU de Grenoble, portera sur les traitements d&rsquo;aujourd&rsquo;hui et de demain pour les rhumatismes inflammatoires chroniques. La seconde aura pour intitul\u00e9 Du bon usage des produits de sant\u00e9 : parlons-en, avec le professeur Beno\u00eet Allenet du CHU de Grenoble. <\/p>\n<p><strong>Pratique<\/strong> <\/p>\n<p>Samedi 4 octobre 2025 \u00e0 partir de 13h, au CHU Grenoble Alpes, H\u00f4pital Michallon, salle Gilbert Faure, boulevard de la Chantourne, \u00e0 La Tronche. Programme complet et inscription gratuite <a href=\"https:\/\/www.polyarthrite.org\/salon-de-la-polyarthrite-a-grenoble\/\" rel=\"noopener\" target=\"_blank\">ici<\/a>.<\/p>\n<p>  Entreprendre un voyage d\u00e9routant au th\u00e9\u00e2tre municipal de Grenoble <\/p>\n<p>Samedi 4 octobre \u00e0 20h au <strong>Th\u00e9\u00e2tre de poche<\/strong> \u00e0 Grenoble : Juillet, d&rsquo;Ivan Viripaev, mise en sc\u00e8ne par <strong>Cl\u00e9ment Bonhomme<\/strong>. <\/p>\n<p>C\u2019est un sacr\u00e9 \u00ab\u00a0sac de n\u0153uds\u00a0\u00bb auquel le jeune Grenoblois Cl\u00e9ment Bonhomme s\u2019attaque avec sa mise en sc\u00e8ne de Juillet : le monologue d\u2019un septuag\u00e9naire qui poignarde, d\u00e9capite, d\u00e9membre ou encore d\u00e9vore par amour ses victimes. Mais l\u2019auteur<strong> Ivan Viripaev<\/strong>, qui aime semer le trouble dans ses textes, \u00e9met une consigne : \u00ab\u00a0l\u2019interpr\u00e8te est une femme\u00a0\u00bb. <\/p>\n<p>Elles seront deux, Marine Vorwerk et Chlo\u00e9 Schmutz, \u00e0 s\u2019emparer des exc\u00e8s du protagoniste en les d\u00e9calant avec humour pour faire entendre leur absurdit\u00e9. Et alors que la folie s\u2019empare de cet homme marginalis\u00e9, les com\u00e9diennes, l\u2019une tueuse, l\u2019autre victime, mettent en perspective l\u2019immuable sch\u00e9ma de violence et de domination patriarcale. Une cr\u00e9ation qui engage le public \u00e0 d\u00e9m\u00ealer et diss\u00e9quer cette histoire pour mieux se positionner. <\/p>\n<p><strong>Pratique<\/strong> <\/p>\n<p>Repr\u00e9sentation au Th\u00e9\u00e2tre de poche, 182, cours Berriat, \u00e0 Grenoble, samedi 4 octobre \u00e0 20h. Tarif : 8 euros. Renseignements et r\u00e9servations : <a href=\"https:\/\/www.grenoble.fr\/44-tmg-theatre-municipal-de-grenoble.htm\" rel=\"noopener\" target=\"_blank\">ici<\/a>.\u00a0<\/p>\n<p> O\u00f9 chiner \u00e0 Grenoble et alentour <\/p>\n<ul>\n<li>Samedi 4 octobre de 9h \u00e0 17h, vide-greniers au square Saint-Bruno, rues Marx-Dormoy et Henri-le-Chatelier \u00e0 Grenoble. <\/li>\n<li>Samedi 4 octobre, de 8h \u00e0 17h, brocante du quartier Hoche \u00e0 Grenoble. <\/li>\n<li>Samedi 4 octobre, de 8h \u00e0 17h, vide-greniers 475 route de Bon-Repos \u00e0 <strong>Jarrie<\/strong>. <\/li>\n<li>Samedi 4 octobre, de 9h \u00e0 17h, vide-greniers 127 impasse de Belledonne, <strong>Saint-Martin-d&rsquo;Uriage<\/strong>. <\/li>\n<li>Samedi 4 octobre, de 8h \u00e0 17h, vide-greniers route de Fontagneux \u00e0 <strong>Vif<\/strong>. <\/li>\n<li>Dimanche 5 octobre, de 8h \u00e0 17h, vide-greniers avenue Alsace Lorraine \u00e0 partir du cours Jean Jaur\u00e8s et place de la gare \u00e0 Grenoble. <\/li>\n<li>Dimanche 5 octobre, de 8h \u00e0 18h, brocante du quartier des antiquaires, rue Bayard \u00e0 Grenoble. <\/li>\n<li>Dimanche 5 octobre, de 6h30 \u00e0 14h, vide-greniers sur le parking d&rsquo;Alpexpo \u00e0 Grenoble. <\/li>\n<li>Dimanche 5 octobre, de 9h \u00e0 18h, vide-greniers \u00e0 la Bifurk, 2 rue Gustave-Flaubert \u00e0 Grenoble. <\/li>\n<li>Dimanche 5 octobre, de 8h30 \u00e0 16h30, vide-greniers, avenue de Romans \u00e0 <strong>Sassenage<\/strong>. <\/li>\n<li>Dimanche 5 f\u00e9vrier, de 8h30 \u00e0 12h30, bouse \u00e0 l&rsquo;enfance \u00e0 l&rsquo;espace Robert-Fiat \u00e0 <strong>Saint-Egr\u00e8ve<\/strong>. <\/li>\n<li>Dimanche 5 f\u00e9vrier, de 8h \u00e0 17h, brocante des Mails, avenue du G\u00e9n\u00e9ral-de-Gaulle \u00e0 Saint-Egr\u00e8ve. <\/li>\n<li>Dimanche 5 octobre, de 8h \u00e0 17h, vide-greniers place des Tuileaux et place Malacher \u00e0 <strong>Meylan<\/strong>.<\/li>\n<\/ul>\n","protected":false},"excerpt":{"rendered":"F\u00eate des Sciences, festival de jazz, concerts pop, cr\u00e9ation th\u00e9\u00e2trale, vide-greniers&#8230; voici la s\u00e9lection de la r\u00e9daction de&hellip;\n","protected":false},"author":2,"featured_media":433629,"comment_status":"","ping_status":"","sticky":false,"template":"","format":"standard","meta":{"footnotes":""},"categories":[9566],"tags":[1111,11,2430,4156,1777,674,1011,27,56149,2731,6910,56150,12,25,4698,3365],"class_list":{"0":"post-433628","1":"post","2":"type-post","3":"status-publish","4":"format-standard","5":"has-post-thumbnail","7":"category-grenoble","8":"tag-actu","9":"tag-actualites","10":"tag-auvergne-rhone-alpes","11":"tag-concerts","12":"tag-eu","13":"tag-europe","14":"tag-fr","15":"tag-france","16":"tag-fu00eate-de-la-science","17":"tag-grenoble","18":"tag-jazz","19":"tag-la-belle-electrique","20":"tag-news","21":"tag-republique-francaise","22":"tag-thu00e9u00e2tre","23":"tag-vide-greniers"},"share_on_mastodon":{"url":"https:\/\/pubeurope.com\/@fr\/115304553203021215","error":""},"_links":{"self":[{"href":"https:\/\/www.europesays.com\/fr\/wp-json\/wp\/v2\/posts\/433628","targetHints":{"allow":["GET"]}}],"collection":[{"href":"https:\/\/www.europesays.com\/fr\/wp-json\/wp\/v2\/posts"}],"about":[{"href":"https:\/\/www.europesays.com\/fr\/wp-json\/wp\/v2\/types\/post"}],"author":[{"embeddable":true,"href":"https:\/\/www.europesays.com\/fr\/wp-json\/wp\/v2\/users\/2"}],"replies":[{"embeddable":true,"href":"https:\/\/www.europesays.com\/fr\/wp-json\/wp\/v2\/comments?post=433628"}],"version-history":[{"count":0,"href":"https:\/\/www.europesays.com\/fr\/wp-json\/wp\/v2\/posts\/433628\/revisions"}],"wp:featuredmedia":[{"embeddable":true,"href":"https:\/\/www.europesays.com\/fr\/wp-json\/wp\/v2\/media\/433629"}],"wp:attachment":[{"href":"https:\/\/www.europesays.com\/fr\/wp-json\/wp\/v2\/media?parent=433628"}],"wp:term":[{"taxonomy":"category","embeddable":true,"href":"https:\/\/www.europesays.com\/fr\/wp-json\/wp\/v2\/categories?post=433628"},{"taxonomy":"post_tag","embeddable":true,"href":"https:\/\/www.europesays.com\/fr\/wp-json\/wp\/v2\/tags?post=433628"}],"curies":[{"name":"wp","href":"https:\/\/api.w.org\/{rel}","templated":true}]}}