{"id":433630,"date":"2025-10-02T12:23:11","date_gmt":"2025-10-02T12:23:11","guid":{"rendered":"https:\/\/www.europesays.com\/fr\/433630\/"},"modified":"2025-10-02T12:23:11","modified_gmt":"2025-10-02T12:23:11","slug":"onze-candidats-en-lice-pour-lelection-mister-france-bretagne","status":"publish","type":"post","link":"https:\/\/www.europesays.com\/fr\/433630\/","title":{"rendered":"onze candidats en lice pour l&rsquo;\u00e9lection Mister France Bretagne"},"content":{"rendered":"<p>            Par<br \/>\n        <strong><br \/>\n            <a href=\"https:\/\/actu.fr\/auteur\/journaliste-pm\" title=\"Consulter tous les articles de R\u00e9daction Saint-Malo\" rel=\"nofollow noopener\" target=\"_blank\">R\u00e9daction Saint-Malo<\/a><br \/>\n        <\/strong><\/p>\n<p>        Publi\u00e9 le<\/p>\n<p>            2 oct. 2025 \u00e0 9h50<br \/>\n        ; mis \u00e0 jour le 2 oct. 2025 \u00e0 9h55    <\/p>\n<p>C\u2019est l\u2019association combourgeoise Model &amp; Style qui organise ce concours masculin num\u00e9ro 1 depuis 1993 \u00e0 <a href=\"https:\/\/actu.fr\/bretagne\/combourg_35085\" rel=\"nofollow noopener\" target=\"_blank\">Combourg<\/a> (Ille-et-Vilaine). Celle-ci a pour fonction d\u2019organiser des concours de beaut\u00e9, des d\u00e9fil\u00e9s de mode et des shootings photo.<\/p>\n<p class=\" wall-content\">Elle est pr\u00e9sid\u00e9e par R\u00e9gis Outil, \u00e9galement d\u00e9l\u00e9gu\u00e9 du comit\u00e9 Mister France Bretagne. L\u2019\u00e9lection se fera en pr\u00e9sence du candidat sortant, Matty Naeyaert-Raynal, et de son 1er dauphin, Ewen Cigogne.<\/p>\n<p>Les candidats en lice<\/p>\n<p class=\" wall-content\">Les candidats en lice viennent des quatre d\u00e9partements bretons :<\/p>\n<p class=\" wall-content\">Baptiste Landrein (<a href=\"https:\/\/actu.fr\/morbihan\/\" rel=\"nofollow noopener\" target=\"_blank\">Morbihan<\/a>)<\/p>\n<p class=\" wall-content\">Camil Rolland (C\u00f4tes-d\u2019Armor)<\/p>\n<p class=\" wall-content\">Clement Evain (Morbihan)<\/p>\n<p>Vid\u00e9os : en ce moment sur Actu<\/p>\n<p class=\" wall-content\">Dimitri Mouellic (C\u00f4tes-d\u2019Armor)<\/p>\n<p class=\" wall-content\">Ismael Hadhar (<a href=\"https:\/\/actu.fr\/bretagne\/ille-et-vilaine_35\" rel=\"nofollow noopener\" target=\"_blank\">Ille-et-Vilaine<\/a>)<\/p>\n<p>Votre r\u00e9gion, votre actu !<\/p>\n<p>Recevez chaque jour les infos qui comptent pour vous.<\/p>\n<p>\t<a href=\"https:\/\/actu.fr\/newsletter\" class=\"ac-btn ac-btn--corner ac-btn--medium ac-btn--blue800\" rel=\"nofollow noopener\" target=\"_blank\">S&rsquo;incrire<\/a><\/p>\n<p class=\" wall-content\">Kilian Grihard (Ille-et-Vilaine)<\/p>\n<p class=\" wall-content\">Lucas Bouric Daniel (Morbihan)<\/p>\n<p class=\" wall-content\">Nathan Jezequel (Finist\u00e8re)<\/p>\n<p class=\" wall-content\">Nolhan Sorre (Ille-et-Vilaine)<\/p>\n<p class=\" wall-content\">Samuel Okou (<a href=\"https:\/\/actu.fr\/bretagne\/finistere_29\" rel=\"nofollow noopener\" target=\"_blank\">Finist\u00e8r<\/a>e)<\/p>\n<p class=\" wall-content\">Ugo Rousse (Morbihan)<\/p>\n<p class=\" wall-content\">\u00ab\u00a0Il est d\u00e9j\u00e0 possible de voter pour son candidat pr\u00e9f\u00e9r\u00e9 et de r\u00e9server ses places via Helloasso\u00a0\u00bb, soulignent les organisateurs. L\u2019ouverture des portes de la salle des f\u00eates de Bonnemain se fera \u00e0 18 h 30, le d\u00e9but du show \u00e0 20 h 30.<\/p>\n<p>Samedi 4 octobre, salle des f\u00eates de Bonnemain, ouverture des portes \u00e0 18 h 30, d\u00e9but du show \u00e0 20 h 30, adultes, de 15 \u00e0 25 \u20ac, enfants de 7 \u00e0 12 ans, 8 \u20ac, petite restauration sur place, renseignements compl\u00e9mentaires <a href=\"https:\/\/actu.fr\/cdn-cgi\/l\/email-protection\" class=\"__cf_email__\" data-cfemail=\"c1a2aeafb5a0a2b581acaea5a4adeca4b5ecb2b5b8ada4efa2aeac\" rel=\"nofollow noopener\" target=\"_blank\">[email\u00a0protected]<\/a><\/p>\n<p class=\" wall-content\">Personnalisez votre actualit\u00e9 en ajoutant vos villes et m\u00e9dias en favori avec <a href=\"https:\/\/moncompte.actu.fr\" title=\"D\u00e9couvez Mon Actu\" rel=\"nofollow noopener\" data-trk=\"{&quot;cta&quot;:{&quot;action&quot;:&quot;https:\\\/\\\/moncompte.actu.fr&quot;,&quot;category&quot;:&quot;mon compte&quot;,&quot;from&quot;:&quot;article footer&quot;,&quot;name&quot;:&quot;Mon actu&quot;,&quot;type&quot;:&quot;cta&quot;}}\" target=\"_blank\">Mon Actu<\/a>.<\/p>\n","protected":false},"excerpt":{"rendered":"Par R\u00e9daction Saint-Malo Publi\u00e9 le 2 oct. 2025 \u00e0 9h50 ; mis \u00e0 jour le 2 oct. 2025&hellip;\n","protected":false},"author":2,"featured_media":433631,"comment_status":"","ping_status":"","sticky":false,"template":"","format":"standard","meta":{"footnotes":""},"categories":[2821],"tags":[1111,11,829,1777,674,1011,27,12,584,25,104],"class_list":{"0":"post-433630","1":"post","2":"type-post","3":"status-publish","4":"format-standard","5":"has-post-thumbnail","7":"category-rennes","8":"tag-actu","9":"tag-actualites","10":"tag-bretagne","11":"tag-eu","12":"tag-europe","13":"tag-fr","14":"tag-france","15":"tag-news","16":"tag-rennes","17":"tag-republique-francaise","18":"tag-societe"},"share_on_mastodon":{"url":"https:\/\/pubeurope.com\/@fr\/115304556415360272","error":""},"_links":{"self":[{"href":"https:\/\/www.europesays.com\/fr\/wp-json\/wp\/v2\/posts\/433630","targetHints":{"allow":["GET"]}}],"collection":[{"href":"https:\/\/www.europesays.com\/fr\/wp-json\/wp\/v2\/posts"}],"about":[{"href":"https:\/\/www.europesays.com\/fr\/wp-json\/wp\/v2\/types\/post"}],"author":[{"embeddable":true,"href":"https:\/\/www.europesays.com\/fr\/wp-json\/wp\/v2\/users\/2"}],"replies":[{"embeddable":true,"href":"https:\/\/www.europesays.com\/fr\/wp-json\/wp\/v2\/comments?post=433630"}],"version-history":[{"count":0,"href":"https:\/\/www.europesays.com\/fr\/wp-json\/wp\/v2\/posts\/433630\/revisions"}],"wp:featuredmedia":[{"embeddable":true,"href":"https:\/\/www.europesays.com\/fr\/wp-json\/wp\/v2\/media\/433631"}],"wp:attachment":[{"href":"https:\/\/www.europesays.com\/fr\/wp-json\/wp\/v2\/media?parent=433630"}],"wp:term":[{"taxonomy":"category","embeddable":true,"href":"https:\/\/www.europesays.com\/fr\/wp-json\/wp\/v2\/categories?post=433630"},{"taxonomy":"post_tag","embeddable":true,"href":"https:\/\/www.europesays.com\/fr\/wp-json\/wp\/v2\/tags?post=433630"}],"curies":[{"name":"wp","href":"https:\/\/api.w.org\/{rel}","templated":true}]}}