{"id":433632,"date":"2025-10-02T12:24:14","date_gmt":"2025-10-02T12:24:14","guid":{"rendered":"https:\/\/www.europesays.com\/fr\/433632\/"},"modified":"2025-10-02T12:24:14","modified_gmt":"2025-10-02T12:24:14","slug":"direct-greve-du-2-octobre-manifestation-en-cours-a-rennes-moins-de-monde-que-le-18-septembre","status":"publish","type":"post","link":"https:\/\/www.europesays.com\/fr\/433632\/","title":{"rendered":"DIRECT &#8211; Gr\u00e8ve du 2 octobre : manifestation en cours \u00e0 Rennes, moins de monde que le 18 septembre"},"content":{"rendered":"<p>6,42% d&rsquo;enseignants gr\u00e9vistes, selon le minist\u00e8re de l&rsquo;Education nationale<\/p>\n<p>Quelque 6,42 % d&rsquo;enseignants sont en gr\u00e8ve, ce jeudi, selon les chiffres du minist\u00e8re de l&rsquo;Education. Le taux de gr\u00e9vistes est de 6,95 % chez les enseignants du premier degr\u00e9 (\u00e9coles maternelles et \u00e9l\u00e9mentaires) et de 6,13 % pour ceux du second degr\u00e9 (coll\u00e8ges et lyc\u00e9es), a d\u00e9taill\u00e9 le minist\u00e8re qui a, par ailleurs, comptabilis\u00e9 par ailleurs \u00ab\u00a0jusqu&rsquo;\u00e0 sept blocages\u00a0\u00bb complets de lyc\u00e9es de \u00ab\u00a040 perturbations\u00a0\u00bb.<\/p>\n","protected":false},"excerpt":{"rendered":"6,42% d&rsquo;enseignants gr\u00e9vistes, selon le minist\u00e8re de l&rsquo;Education nationale Quelque 6,42 % d&rsquo;enseignants sont en gr\u00e8ve, ce jeudi,&hellip;\n","protected":false},"author":2,"featured_media":433633,"comment_status":"","ping_status":"","sticky":false,"template":"","format":"standard","meta":{"footnotes":""},"categories":[2821],"tags":[1111,11,829,765,1777,674,1011,27,11639,12,584,25,801],"class_list":{"0":"post-433632","1":"post","2":"type-post","3":"status-publish","4":"format-standard","5":"has-post-thumbnail","7":"category-rennes","8":"tag-actu","9":"tag-actualites","10":"tag-bretagne","11":"tag-en-continu","12":"tag-eu","13":"tag-europe","14":"tag-fr","15":"tag-france","16":"tag-mouvement-social","17":"tag-news","18":"tag-rennes","19":"tag-republique-francaise","20":"tag-social"},"share_on_mastodon":{"url":"https:\/\/pubeurope.com\/@fr\/115304560500739244","error":""},"_links":{"self":[{"href":"https:\/\/www.europesays.com\/fr\/wp-json\/wp\/v2\/posts\/433632","targetHints":{"allow":["GET"]}}],"collection":[{"href":"https:\/\/www.europesays.com\/fr\/wp-json\/wp\/v2\/posts"}],"about":[{"href":"https:\/\/www.europesays.com\/fr\/wp-json\/wp\/v2\/types\/post"}],"author":[{"embeddable":true,"href":"https:\/\/www.europesays.com\/fr\/wp-json\/wp\/v2\/users\/2"}],"replies":[{"embeddable":true,"href":"https:\/\/www.europesays.com\/fr\/wp-json\/wp\/v2\/comments?post=433632"}],"version-history":[{"count":0,"href":"https:\/\/www.europesays.com\/fr\/wp-json\/wp\/v2\/posts\/433632\/revisions"}],"wp:featuredmedia":[{"embeddable":true,"href":"https:\/\/www.europesays.com\/fr\/wp-json\/wp\/v2\/media\/433633"}],"wp:attachment":[{"href":"https:\/\/www.europesays.com\/fr\/wp-json\/wp\/v2\/media?parent=433632"}],"wp:term":[{"taxonomy":"category","embeddable":true,"href":"https:\/\/www.europesays.com\/fr\/wp-json\/wp\/v2\/categories?post=433632"},{"taxonomy":"post_tag","embeddable":true,"href":"https:\/\/www.europesays.com\/fr\/wp-json\/wp\/v2\/tags?post=433632"}],"curies":[{"name":"wp","href":"https:\/\/api.w.org\/{rel}","templated":true}]}}