{"id":433634,"date":"2025-10-02T12:25:13","date_gmt":"2025-10-02T12:25:13","guid":{"rendered":"https:\/\/www.europesays.com\/fr\/433634\/"},"modified":"2025-10-02T12:25:13","modified_gmt":"2025-10-02T12:25:13","slug":"thibaut-vinci-engage-pour-rallier-la-gauche","status":"publish","type":"post","link":"https:\/\/www.europesays.com\/fr\/433634\/","title":{"rendered":"Thibaut Vinci engag\u00e9 pour rallier la gauche"},"content":{"rendered":"<p class=\"wp-block-post-excerpt__excerpt\">Alli\u00e9 perp\u00e9tuel du Parti socialiste, le Parti radical de gauche se voit mener une liste jusqu\u2019au premier tour des \u00e9lections municipales 2026 \u00e0 Strasbourg. Son pr\u00e9sident dans le Bas-Rhin, Thibaut Vinci, estime qu\u2019il a les moyens et le programme pour rallier le centre-gauche strasbourgeois. <\/p>\n<p class=\"font-sans\">\n\t\t\tCet article est en acc\u00e8s libre. Pour soutenir Rue89 Strasbourg,<br \/>\n\t\t\t<a class=\"underline\" href=\"https:\/\/www.rue89strasbourg.com\/abonnement\" target=\"_blank\" rel=\"noopener\">abonnez-vous<\/a>.\n\t\t<\/p>\n<p>Pierre France<\/p>\n<p>Publi\u00e9 le 2 octobre 2025\u00a0\u00a0\u00b7\u00a0\u00a0<\/p>\n<p>Imprim\u00e9 le 2 octobre 2025 \u00e0 14h03\u00a0\u00a0\u00b7\u00a0\u00a0<\/p>\n<p>\t\t\t\t\t5\u00a0minutes\n<\/p>\n<p>Thibaut Vinci \u00e9tait sur la liste de Catherine Trautmann aux \u00e9lections municipales de 2020. L\u2019ann\u00e9e suivante, il \u00e9tait sur la liste de l\u2019ex-socialiste Aur\u00e9lie Filipetti aux \u00e9lections r\u00e9gionales. Mais pour mars 2026, Thibaut Vinci prend ses distances avec les socialistes et pourrait pr\u00e9senter sa propre liste au nom du Parti radical de gauche (PRG).<\/p>\n<p>\u00ab\u00a0Catherine Trautmann n\u2019a pas r\u00e9pondu \u00e0 mes sollicitations\u00a0\u00bb, indique Thibaut Vinci, qui aurait aim\u00e9 qu\u2019une \u00e9lection primaire d\u00e9partage les candidats de gauche. Une id\u00e9e effectivement \u00e9cart\u00e9e par le Parti socialiste du Bas-Rhin, dont les sections strasbourgeoises ont vot\u00e9 en avril pour <a href=\"https:\/\/www.rue89strasbourg.com\/municipales-ps-liste-autonome-341344\" target=\"_blank\" rel=\"noreferrer noopener\">l\u2019\u00e9tablissement d\u2019une \u00ab\u00a0liste autonome\u00a0\u00bb<\/a>.<\/p>\n<p><a href=\"https:\/\/www.rue89strasbourg.com\/la-newsletter\" target=\"_blank\" rel=\"noopener\"><img loading=\"lazy\" decoding=\"async\" width=\"1940\" height=\"500\" src=\"https:\/\/www.europesays.com\/fr\/wp-content\/uploads\/2025\/09\/banner-desktop-970x250-1.png\" alt=\"\" class=\"wp-image-360885\" style=\"object-fit:cover;width:970px;height:250px\"  \/><\/a><\/p>\n<p>Pas d\u2019ennemis \u00e0 gauche<\/p>\n<p>\u00ab\u00a0C\u2019est l\u2019opportunit\u00e9 de pr\u00e9senter aux Strasbourgeois une gauche plus moderne\u00a0\u00bb, r\u00e9plique Thibaut Vinci\u00a0:<\/p>\n<blockquote class=\"wp-block-quote is-layout-flow wp-block-quote-is-layout-flow\">\n<p>\u00ab\u00a0Contrairement aux \u00e9lus socialistes, je n\u2019ai pas trois ou quatre mandats voire plus derri\u00e8re moi. \u00c0 38 ans, je suis encore neuf en politique et puis je ne me suis jamais compromis avec la droite.\u00a0\u00bb <\/p>\n<\/blockquote>\n<p>Thibaut Vinci se souvient que \u00ab\u00a0lorsqu\u2019Alain Fontanel (candidat macroniste, NDLR) s\u2019est alli\u00e9 avec Jean-Philippe Vetter (Les R\u00e9publicains) au second tour des \u00e9lections municipales de 2020, il a perdu tout le centre-gauche. Moi je ne proclame pas vouloir un rassemblement trop large mais j\u2019invite toute la gauche.\u00a0\u00bb<\/p>\n<p>Toute la gauche, y compris La France insoumise ? \u00ab\u00a0Je m\u2019entends tr\u00e8s bien avec Emmanuel Fernandes\u00a0\u00bb, assure Thibaut Vinci\u00a0:<\/p>\n<blockquote class=\"wp-block-quote is-layout-flow wp-block-quote-is-layout-flow\">\n<p>\u00ab\u00a0Avec LFI, nous avons des divergences politiques importantes mais au niveau national. Au plan local, \u00e7a ne m\u2019int\u00e9resse pas de clasher avec la gauche radicale chaque semaine. Comme avec les \u00c9cologistes, il faut discuter plut\u00f4t que de faire de l\u2019\u00e9colo-bashing en permanence. C\u2019est normal qu\u2019il y ait des travaux dans une ville en fin de mandat et il faut leur reconna\u00eetre qu\u2019ils ont su renouveler l\u2019ex\u00e9cutif municipal.\u00a0\u00bb<\/p>\n<\/blockquote>\n<p>\t\tUne campagne sur la tranquillit\u00e9 publique<\/p>\n<p>Pas d\u2019ennemis \u00e0 gauche donc, m\u00eame si Thibaut Vinci avoue que les discussions n\u2019ont pas vraiment d\u00e9but\u00e9 entre le PRG et les \u00c9cologistes et LFI. Ce sera compliqu\u00e9 dans la mesure o\u00f9 ces formations sont parties pour pr\u00e9senter des t\u00eates de listes au premier tour. Mais Thibaut Vinci esp\u00e8re convaincre que ses th\u00e8mes de campagne et ses propositions seront plus fortes (voir ci-dessous)\u00a0:<\/p>\n<blockquote class=\"wp-block-quote is-layout-flow wp-block-quote-is-layout-flow\">\n<p>\u00ab\u00a0Je suis policier et la question de la tranquillit\u00e9 publique est pour moi un th\u00e8me de gauche. La s\u00e9curit\u00e9, c\u2019est pour tous, y compris dans les quartiers populaires qui sont les plus confront\u00e9s \u00e0 la d\u00e9linquance. La gauche doit s\u2019emparer de ce th\u00e8me d\u2019autant que lorsque la droite en parle, c\u2019est une escroquerie\u00a0: de la r\u00e9pression sans moyens ad\u00e9quats.\u00a0\u00bb<\/p>\n<\/blockquote>\n<p>D\u00e9ficit de notori\u00e9t\u00e9 <\/p>\n<p>Thibaut Vinci est d\u00e9termin\u00e9 mais il sait qu\u2019il va devoir pallier un d\u00e9ficit de notori\u00e9t\u00e9 en quelques semaines de campagne et ce, avec une formation politique affaiblie. \u00ab\u00a0On sort d\u2019une scission apr\u00e8s une fusion rat\u00e9e, rappelle Thibaut Vinci. Mais nous avons une cinquantaine de sympathisants \u00e0 Strasbourg, ce qui nous permettra de tracter sur les march\u00e9s deux fois par semaine.\u00a0\u00bb<\/p>\n<p>Thibaut Vinci donne rendez-vous pour un grand meeting de campagne samedi 22 novembre, jour de son anniversaire. Le lieu n\u2019est pas encore arr\u00eat\u00e9. Mais comme pour tout le reste rappelle le candidat, \u00ab\u00a0d\u2019ici novembre, on devrait y voir plus clair\u00a0\u00bb. <\/p>\n<p>Les 10 priorit\u00e9s de Thibaut Vinci<\/p>\n<ol class=\"wp-block-list\">\n<li><strong>Renforcer la s\u00e9curit\u00e9 dans tous les quartiers<\/strong>. Cr\u00e9ation de points fixes de police municipale inspir\u00e9s des \u00ab\u00a0kobans\u00a0\u00bb japonais, pour une pr\u00e9sence de proximit\u00e9 dans les quartiers. Augmentation des effectifs et des moyens de la police municipale, avec une formation ax\u00e9e sur la pr\u00e9vention et la m\u00e9diation.<\/li>\n<li><strong>Faire de Strasbourg une capitale europ\u00e9enne accessible \u00e0 tous.<\/strong> Cr\u00e9ation d\u2019un \u00ab\u00a0Pass Europe\u00a0\u00bb offrant un acc\u00e8s gratuit ou \u00e0 tarif r\u00e9duit aux institutions europ\u00e9ennes (visites, conf\u00e9rences, expositions), d\u2019un festival annuel \u00ab\u00a0Strasbourg, c\u0153ur de l\u2019Europe\u00a0\u00bb\u2026<\/li>\n<li><strong>Promouvoir la justice sociale et la solidarit\u00e9.<\/strong> Cr\u00e9ation d\u2019un \u00ab\u00a0Pacte de Solidarit\u00e9 Strasbourgeois\u00a0\u00bb pour accompagner les plus vuln\u00e9rables (soutien aux familles monoparentales, aide aux seniors, insertion des jeunes), renforcement des centres socioculturels comme relais de proximit\u00e9 pour l\u2019acc\u00e8s aux droits et aux services\u2026<\/li>\n<li><strong>Lutter contre le changement climatique.<\/strong> Acc\u00e9l\u00e9ration de la v\u00e9g\u00e9talisation des espaces publics (parcs, toitures v\u00e9g\u00e9talis\u00e9es, corridors verts), subventions pour la r\u00e9novation \u00e9nerg\u00e9tique des b\u00e2timents publics et priv\u00e9s, avec un focus sur les logements sociaux, promotion des \u00e9nergies renouvelables, notamment via des projets citoyens de production d\u2019\u00e9nergie solaire\u2026<\/li>\n<li><strong>Dynamiser l\u2019\u00e9conomie locale et l\u2019emploi. <\/strong>Cr\u00e9ation d\u2019un label \u00ab\u00a0Made in Strasbourg\u00a0\u00bb pour valoriser les produits et services locaux. Soutien aux jeunes entrepreneurs via des incubateurs et des aides financi\u00e8res sp\u00e9cifiques. D\u00e9veloppement de zones d\u2019activit\u00e9s \u00e9conomiques dans les quartiers prioritaires pour favoriser l\u2019emploi local. Renforcement des partenariats avec les institutions europ\u00e9ennes pour attirer des investissements dans les secteurs de la tech et de l\u2019innovation\u2026<\/li>\n<li><strong>Am\u00e9liorer la qualit\u00e9 de vie par des services publics de proximit\u00e9.<\/strong> Cr\u00e9ation de \u00ab\u00a0Maisons de services publics\u00a0\u00bb regroupant acc\u00e8s aux d\u00e9marches administratives, sant\u00e9 et accompagnement social. D\u00e9veloppement d\u2019une plateforme num\u00e9rique pour simplifier les d\u00e9marches administratives et am\u00e9liorer la transparence.<\/li>\n<li><strong>Valoriser la culture et le patrimoine.<\/strong> Cr\u00e9ation d\u2019un \u00ab\u00a0Pass Culture Strasbourg\u00a0\u00bb pour offrir aux habitants un acc\u00e8s facilit\u00e9 aux mus\u00e9es, th\u00e9\u00e2tres et festivals. Valorisation du patrimoine alsacien, notamment \u00e0 travers la promotion de la langue r\u00e9gionale et des traditions locales. Organisation d\u2019\u00e9v\u00e9nements culturels dans les quartiers pour d\u00e9centraliser l\u2019offre culturelle.<\/li>\n<li><strong>Renforcer la d\u00e9mocratie participative.<\/strong> Cr\u00e9ation de conseils de quartier dot\u00e9s de budgets participatifs pour financer des projets citoyens. Organisation de consultations r\u00e9guli\u00e8res sur les grands projets urbains (transports, urbanisme, environnement). Mise en place d\u2019une application mobile pour signaler les probl\u00e8mes du quotidien et proposer des id\u00e9es. Transparence totale sur les d\u00e9penses municipales et les d\u00e9cisions du conseil municipal.<\/li>\n<li><strong>Favoriser la coh\u00e9sion interg\u00e9n\u00e9rationnelle.<\/strong> D\u00e9veloppement de r\u00e9sidences interg\u00e9n\u00e9rationnelles m\u00ealant logements pour seniors et \u00e9tudiants. Cr\u00e9ation de programmes de mentorat entre seniors et jeunes pour transmettre savoirs et exp\u00e9riences. Soutien aux associations qui favorisent le lien entre g\u00e9n\u00e9rations.<\/li>\n<li><strong>Pr\u00e9parer Strasbourg aux d\u00e9fis du futur. <\/strong>Investissement dans les technologies vertes et intelligentes pour une ville connect\u00e9e et durable. Cr\u00e9ation d\u2019un \u00ab\u00a0Conseil de l\u2019avenir\u00a0\u00bb compos\u00e9 d\u2019experts, citoyens et jeunes pour r\u00e9fl\u00e9chir aux enjeux de demain (climat, mobilit\u00e9, num\u00e9rique).<\/li>\n<\/ol>\n","protected":false},"excerpt":{"rendered":"Alli\u00e9 perp\u00e9tuel du Parti socialiste, le Parti radical de gauche se voit mener une liste jusqu\u2019au premier tour&hellip;\n","protected":false},"author":2,"featured_media":433635,"comment_status":"","ping_status":"","sticky":false,"template":"","format":"standard","meta":{"footnotes":""},"categories":[2820],"tags":[1111,11,2761,1777,674,1011,27,775,12,316,25,640,56151,34409],"class_list":{"0":"post-433634","1":"post","2":"type-post","3":"status-publish","4":"format-standard","5":"has-post-thumbnail","7":"category-strasbourg","8":"tag-actu","9":"tag-actualites","10":"tag-elections-municipales-2026","11":"tag-eu","12":"tag-europe","13":"tag-fr","14":"tag-france","15":"tag-grand-est","16":"tag-news","17":"tag-politique","18":"tag-republique-francaise","19":"tag-strasbourg","20":"tag-thibaut-vinci","21":"tag-union-de-la-gauche"},"share_on_mastodon":{"url":"https:\/\/pubeurope.com\/@fr\/115304565026113415","error":""},"_links":{"self":[{"href":"https:\/\/www.europesays.com\/fr\/wp-json\/wp\/v2\/posts\/433634","targetHints":{"allow":["GET"]}}],"collection":[{"href":"https:\/\/www.europesays.com\/fr\/wp-json\/wp\/v2\/posts"}],"about":[{"href":"https:\/\/www.europesays.com\/fr\/wp-json\/wp\/v2\/types\/post"}],"author":[{"embeddable":true,"href":"https:\/\/www.europesays.com\/fr\/wp-json\/wp\/v2\/users\/2"}],"replies":[{"embeddable":true,"href":"https:\/\/www.europesays.com\/fr\/wp-json\/wp\/v2\/comments?post=433634"}],"version-history":[{"count":0,"href":"https:\/\/www.europesays.com\/fr\/wp-json\/wp\/v2\/posts\/433634\/revisions"}],"wp:featuredmedia":[{"embeddable":true,"href":"https:\/\/www.europesays.com\/fr\/wp-json\/wp\/v2\/media\/433635"}],"wp:attachment":[{"href":"https:\/\/www.europesays.com\/fr\/wp-json\/wp\/v2\/media?parent=433634"}],"wp:term":[{"taxonomy":"category","embeddable":true,"href":"https:\/\/www.europesays.com\/fr\/wp-json\/wp\/v2\/categories?post=433634"},{"taxonomy":"post_tag","embeddable":true,"href":"https:\/\/www.europesays.com\/fr\/wp-json\/wp\/v2\/tags?post=433634"}],"curies":[{"name":"wp","href":"https:\/\/api.w.org\/{rel}","templated":true}]}}