{"id":433648,"date":"2025-10-02T12:32:14","date_gmt":"2025-10-02T12:32:14","guid":{"rendered":"https:\/\/www.europesays.com\/fr\/433648\/"},"modified":"2025-10-02T12:32:14","modified_gmt":"2025-10-02T12:32:14","slug":"que-faire-a-bordeaux-ce-week-end-du-3-octobre-2025","status":"publish","type":"post","link":"https:\/\/www.europesays.com\/fr\/433648\/","title":{"rendered":"Que faire \u00e0 Bordeaux ce week-end du 3 octobre 2025 ?"},"content":{"rendered":"\n<p><strong>Voici votre agenda hebdomadaire pour savoir que faire \u00e0 Bordeaux ce week-end du vendredi 3 octobre au dimanche 5 octobre 2025.<\/strong><\/p>\n<p> Vendredi 3 octobre \u00e0 B\u00e8gles La 1\u02b3\u1d49 \u00e9dition du Green Paradize festival commence aujourd\u2019hui ! <img fetchpriority=\"high\" width=\"1024\" height=\"535\" alt=\"Green Paradize festival \u00e0 B\u00e8gles\" style=\"width:739px;height:auto;\" title=\"Quoi faire \u00e0 Bordeaux ce week-end du 3 octobre ? 1\"  nitro-lazy- nitro-lazy-src=\"https:\/\/cdn-ilbobfj.nitrocdn.com\/LLQyioEDmPooSUeshdcABKPnDEWJyTwh\/assets\/images\/optimized\/rev-fefab80\/quoifaireabordeaux.com\/wp-content\/uploads\/2025\/01\/pexels-wendywei-1537637-1-1024x535.jpg\" class=\"wp-image-18798768 nitro-lazy\" decoding=\"async\" nitro-lazy-empty=\"\" id=\"NDg2OjkzOQ==-1\" src=\"data:image\/svg+xml;nitro-empty-id=NDg2OjkzOQ==-1;base64,PHN2ZyB2aWV3Qm94PSIwIDAgMTAyNCA1MzUiIHdpZHRoPSIxMDI0IiBoZWlnaHQ9IjUzNSIgeG1sbnM9Imh0dHA6Ly93d3cudzMub3JnLzIwMDAvc3ZnIj48L3N2Zz4=\"\/> <\/p>\n<p>Le <strong>Green Paradize Festival<\/strong> d\u00e9barque du <strong>3 au 5 octobre 2025<\/strong> au <strong>Parc de Mussonville \u00e0 B\u00e8gles<\/strong>, et il risque bien de marquer les esprits. Trois jours de <strong>concerts en plein air<\/strong>, une <strong>programmation audacieuse<\/strong> m\u00ealant \u00e9lectro, groove, rock et chanson, et un <strong>cadre verdoyant<\/strong> \u00e0 deux pas de Bordeaux : le combo parfait pour c\u00e9l\u00e9brer la rentr\u00e9e autrement. Entre <strong>\u00e9nergie live<\/strong>, <strong>bonne humeur<\/strong> et <strong>engagement \u00e9coresponsable<\/strong>, Green Paradize s\u2019annonce comme le nouveau rendez-vous musical \u00e0 ne pas manquer dans le sud bordelais.<\/p>\n<p><strong>Adresse :<\/strong> Parc de Mussonville, 33130 B\u00e8gles<br \/><strong>Dates :<\/strong> du 3 au 5 octobre 2025<br \/><strong>Acc\u00e8s :<\/strong> tram C (arr\u00eat B\u00e8gles), bus 15 ou 43, ou v\u00e9lo (parking pr\u00e9vu)<br \/><strong>Billetterie :<\/strong> <a href=\"https:\/\/billetterie.seetickets.fr\/ext\/billetterie5\/?site=greenparadizefestival-ons\" target=\"_blank\" rel=\"noreferrer noopener nofollow\">greenparadizefestival.com<\/a><br \/>Sponsoris\u00e9<\/p>\n<p> Vendredi 3 octobre \u00e0 Saint-Loub\u00e8s Camille Lellouche, Elies Zoghlami, Alexis Le Rossignol\u2026 pr\u00e9sents pour vous faire rire aux larmes <img loading=\"lazy\" width=\"667\" height=\"800\" alt=\"Comedy Club \u00e0 Saint-Loub\u00e9s\" title=\"Quoi faire \u00e0 Bordeaux ce week-end du 3 octobre ? 2\"  nitro-lazy- nitro-lazy-src=\"https:\/\/cdn-ilbobfj.nitrocdn.com\/LLQyioEDmPooSUeshdcABKPnDEWJyTwh\/assets\/images\/optimized\/rev-fefab80\/quoifaireabordeaux.com\/wp-content\/uploads\/2025\/10\/comedy-club-saint-loubes.jpg\" class=\"wp-image-18813075 nitro-lazy\" decoding=\"async\" nitro-lazy-empty=\"\" id=\"NTA2OjU0NA==-1\" src=\"data:image\/svg+xml;nitro-empty-id=NTA2OjU0NA==-1;base64,PHN2ZyB2aWV3Qm94PSIwIDAgNjY3IDgwMCIgd2lkdGg9IjY2NyIgaGVpZ2h0PSI4MDAiIHhtbG5zPSJodHRwOi8vd3d3LnczLm9yZy8yMDAwL3N2ZyI+PC9zdmc+\"\/> <\/p>\n<p>Le <strong>EMJY Comedy Club<\/strong> pose ses valises au <strong>Ch\u00e2teau des Dauphins<\/strong> \u00e0 <strong>Saint-Loub\u00e8s<\/strong> le vendredi 3 octobre pour une soir\u00e9e qui s\u2019annonce m\u00e9morable. Sur sc\u00e8ne, un <strong>line-up d\u2019exception<\/strong> : <strong>Camille Lellouche<\/strong>, <strong>Elies Zoghlami<\/strong>, <strong>Alexis Le Rossignol<\/strong>, <strong>Morgane Meli<\/strong> et <strong>Sylvain Gautier<\/strong>. Pr\u00e9parez-vous \u00e0 une avalanche de rires dans un cadre \u00e9l\u00e9gant et convivial, o\u00f9 l\u2019humour et la bonne humeur seront rois.<\/p>\n<p>Info et r\u00e9sa : <a href=\"https:\/\/bit.ly\/4nWxlu3?fbclid=IwZXh0bgNhZW0CMTAAYnJpZBExNVlPZzZOdDQyYXFSaGxzZwEerVRI0XXcoGOJSjgsQxeFqq16t6LeKXHNNWFMoLPQemUPGpNsvGldIMRHZrI_aem_r4Yl09ZKNPpnqaoNJAKCRA\" target=\"_blank\" rel=\"noreferrer noopener nofollow\">https:\/\/bit.ly\/4nWxlu3<\/a><\/p>\n<p><strong>Adresse :<\/strong><br \/>Le Ch\u00e2teau des Dauphins<br \/>35 route de Libourne<br \/>33450 Saint-Loub\u00e8s<\/p>\n<p>Sponsoris\u00e9<\/p>\n<p> Vendredi 3 octobre \u00e0 la Promenade Sainte-Catherine \u00c9v\u00e9nement gratuit : Les 10 ans de la Promenade <\/p>\n<p><strong>La Promenade Sainte-Catherine souffle ses 10 bougies<\/strong> et invite tout Bordeaux \u00e0 deux jours de f\u00eate les <strong>3 et 4 octobre 2025<\/strong>. Concerts entra\u00eenants, <strong>spectacles a\u00e9riens<\/strong> au-dessus des boutiques, <strong>danse urbaine<\/strong> endiabl\u00e9e et <strong>surprises familiales<\/strong> : le programme promet un week-end vibrant et plein de vie. Entre <strong>bar \u00e0 cocktails<\/strong>, <strong>photobooth<\/strong>, <strong>ateliers pour enfants<\/strong> et <strong>shows en plein air<\/strong>, la Promenade se transforme en v\u00e9ritable sc\u00e8ne \u00e0 ciel ouvert. Et le meilleur dans tout \u00e7a ? C\u2019est <strong>100 % gratuit<\/strong>.<br \/>Plus d\u2019infos sur le programme en cliquant <strong><a href=\"https:\/\/quoifaireabordeaux.com\/10-ans-de-la-promenade-sainte-catherine\/\" target=\"_blank\" rel=\"noreferrer noopener nofollow\">ICI<\/a><\/strong><\/p>\n<p><strong>Promenade Sainte-Catherine<\/strong><br \/>Rue Sainte-Catherine, <strong>33000 Bordeaux<\/strong><\/p>\n<p> Vendredi 3 octobre place Pey-Berland Bordeaux f\u00eate la solidarit\u00e9 ce week-end <img loading=\"lazy\" width=\"700\" height=\"366\" alt=\"Festival Unisol \u00e0 Bordeaux, place Pey-Berland\" title=\"Quoi faire \u00e0 Bordeaux ce week-end du 3 octobre ? 3\"  nitro-lazy- nitro-lazy-src=\"https:\/\/cdn-ilbobfj.nitrocdn.com\/LLQyioEDmPooSUeshdcABKPnDEWJyTwh\/assets\/images\/optimized\/rev-fefab80\/quoifaireabordeaux.com\/wp-content\/uploads\/2025\/09\/unisol-2025.png\" class=\"wp-image-18812835 nitro-lazy\" decoding=\"async\" nitro-lazy-empty=\"\" id=\"NTUwOjUyMw==-1\" src=\"data:image\/svg+xml;nitro-empty-id=NTUwOjUyMw==-1;base64,PHN2ZyB2aWV3Qm94PSIwIDAgNzAwIDM2NiIgd2lkdGg9IjcwMCIgaGVpZ2h0PSIzNjYiIHhtbG5zPSJodHRwOi8vd3d3LnczLm9yZy8yMDAwL3N2ZyI+PC9zdmc+\"\/>\u00a9 TS \u2013 Ville de Bordeaux <\/p>\n<p>Le <strong>festival UniSol<\/strong> revient \u00e0 <strong>Bordeaux<\/strong> les <strong>3 et 4 octobre 2025<\/strong> avec une belle promesse : mettre en avant la <strong>solidarit\u00e9<\/strong>, l\u2019<strong>engagement citoyen<\/strong> et la <strong>cr\u00e9ativit\u00e9 locale<\/strong>. Pendant deux jours, la <strong>place Pey-Berland<\/strong> devient le c\u0153ur battant de la ville avec des <strong>spectacles vivants<\/strong>, des <strong>expositions inspirantes<\/strong>, des <strong>concerts<\/strong>, des <strong>ateliers participatifs<\/strong> et un <strong>banquet solidaire<\/strong>. <\/p>\n<p><strong>Adresse :<\/strong> Place Pey-Berland &amp; Salons de l\u2019H\u00f4tel de Ville, <strong>33000 Bordeaux<\/strong><\/p>\n<p>Plus d\u2019infos <strong><a href=\"https:\/\/quoifaireabordeaux.com\/festival-unisol-asso\/\" target=\"_blank\" rel=\"noreferrer noopener nofollow\">ICI<\/a><\/strong><\/p>\n<p>Sponsoris\u00e9<\/p>\n<p> Samedi 4 octobre, quai des Queyries L\u2019Oktoberfest d\u00e9barque \u00e0 Bordeaux chez Alriq ! <img loading=\"lazy\" width=\"700\" height=\"986\" alt=\"F\u00eate de la bi\u00e8re \u00e0 Bordeaux\" style=\"width:481px;height:auto;\" title=\"Quoi faire \u00e0 Bordeaux ce week-end du 3 octobre ? 4\"  nitro-lazy- nitro-lazy-src=\"https:\/\/cdn-ilbobfj.nitrocdn.com\/LLQyioEDmPooSUeshdcABKPnDEWJyTwh\/assets\/images\/optimized\/rev-fefab80\/quoifaireabordeaux.com\/wp-content\/uploads\/2025\/09\/affiche-et-paff-fest-481x.jpg\" class=\"wp-image-18811748 nitro-lazy\" decoding=\"async\" nitro-lazy-empty=\"\" id=\"NTc4OjU5Mg==-1\" src=\"data:image\/svg+xml;nitro-empty-id=NTc4OjU5Mg==-1;base64,PHN2ZyB2aWV3Qm94PSIwIDAgNzAwIDk4NiIgd2lkdGg9IjcwMCIgaGVpZ2h0PSI5ODYiIHhtbG5zPSJodHRwOi8vd3d3LnczLm9yZy8yMDAwL3N2ZyI+PC9zdmc+\"\/> <\/p>\n<p>Le samedi 4 octobre 2025, <strong>le festival Et Paff<\/strong> s\u2019installe \u00e0 <strong>la guinguette Chez Alriq<\/strong> pour une journ\u00e9e p\u00e9tillante au bord de la Garonne. Au menu : <strong>bi\u00e8res artisanales<\/strong>, <strong>cocktails originaux<\/strong>, <strong>animations<\/strong>, <strong>jeux<\/strong> et <strong>concerts live<\/strong> jusqu\u2019\u00e0 2h du matin. Entre <strong>d\u00e9gustations locales<\/strong>, ambiance <strong>Oktoberfest bordelaise<\/strong> et grande f\u00eate populaire, l\u2019\u00e9v\u00e9nement promet une journ\u00e9e plac\u00e9e sous le signe du partage, de la musique et des bulles.<\/p>\n<p><strong>Adresse :<\/strong> La Guinguette Chez Alriq \u2013 Quai de Queyries, 33100 Bordeaux<\/p>\n<p>Plus d\u2019infos et billetterie <strong><a href=\"https:\/\/quoifaireabordeaux.com\/festival-et-paff-bordeaux\/\" target=\"_blank\" rel=\"noreferrer noopener nofollow\">ICI<\/a><\/strong><\/p>\n<p>L\u2019abus d\u2019alcool est dangereux pour la sant\u00e9, \u00e0 consommer avec mod\u00e9ration.<br \/>Sponsoris\u00e9<\/p>\n<p> Samedi 4 octobre \u00e0 Lacanau Un salon d\u00e9di\u00e9 au bien-\u00eatre <img loading=\"lazy\" width=\"681\" height=\"1024\" alt=\"Salon du bien-\u00eatre \u00e0 Lacanau\" title=\"Quoi faire \u00e0 Bordeaux ce week-end du 3 octobre ? 5\"  nitro-lazy- nitro-lazy-src=\"https:\/\/cdn-ilbobfj.nitrocdn.com\/LLQyioEDmPooSUeshdcABKPnDEWJyTwh\/assets\/images\/optimized\/rev-fefab80\/quoifaireabordeaux.com\/wp-content\/uploads\/2025\/10\/salon-bien-etre-lacanau-681x1024.png\" class=\"wp-image-18813073 nitro-lazy\" decoding=\"async\" nitro-lazy-empty=\"\" id=\"NjA2OjY3MA==-1\" src=\"data:image\/svg+xml;nitro-empty-id=NjA2OjY3MA==-1;base64,PHN2ZyB2aWV3Qm94PSIwIDAgNjgxIDEwMjQiIHdpZHRoPSI2ODEiIGhlaWdodD0iMTAyNCIgeG1sbnM9Imh0dHA6Ly93d3cudzMub3JnLzIwMDAvc3ZnIj48L3N2Zz4=\"\/> <\/p>\n<p>Le <strong>Salon du Bien-\u00catre de Lacanau<\/strong> revient avec <strong>55 exposants passionn\u00e9s<\/strong> r\u00e9unis autour du mieux-vivre, du bien-\u00eatre et des \u00e9nergies positives. Pendant deux jours, plongez dans un univers riche et vari\u00e9 : <strong>massages \u00e0 la bougie<\/strong>, <strong>th\u00e9rapies alternatives<\/strong> (EMDR, hypnose, m\u00e9decine chinoise, reiki \u00e0 4 mains\u2026), <strong>arts divinatoires<\/strong> avec cartomanciennes, num\u00e9rologues et astrologues, ou encore <strong>cr\u00e9ateurs inspir\u00e9s<\/strong> proposant bijoux en pierres semi-pr\u00e9cieuses, orgonites et cosm\u00e9tiques bio. Sur place, profitez d\u2019une <strong>restauration gourmande<\/strong> sign\u00e9e Le Petit Comptoir du Qu\u00e9bec et assistez \u00e0 des <strong>conf\u00e9rences gratuites<\/strong> autour du feng-shui, des constellations familiales ou de la m\u00e9diumnit\u00e9.<\/p>\n<p><strong>Salle des f\u00eates de Lacanau Ville<\/strong><br \/>21 rue Albert Fran\u00e7ois \u2013 Hyper-centre<br \/>Samedi : 10h30 \u00e0 19h | Dimanche : 10h30 \u00e0 18h<br \/><strong>Parking gratuit<\/strong> \u2013 Bus direct Bordeaux \u2194 Lacanau Ville<br \/><strong>Entr\u00e9e, conf\u00e9rences et tombola gratuites<\/strong> | <strong>Ateliers : 5 \u20ac<\/strong><\/p>\n<p>Sponsoris\u00e9<\/p>\n<p> Samedi 4 octobre \u00e0 Pessac 5 km de fun et de couleurs avec la Burdi\u2019Color <img loading=\"lazy\" width=\"700\" height=\"467\" alt=\"Course Burdi'color de Bordeaux\" title=\"Quoi faire \u00e0 Bordeaux ce week-end du 3 octobre ? 6\"  nitro-lazy- nitro-lazy-src=\"https:\/\/cdn-ilbobfj.nitrocdn.com\/LLQyioEDmPooSUeshdcABKPnDEWJyTwh\/assets\/images\/optimized\/rev-fefab80\/quoifaireabordeaux.com\/wp-content\/uploads\/2025\/09\/course-burdicolor.jpg\" class=\"wp-image-18811885 nitro-lazy\" decoding=\"async\" nitro-lazy-empty=\"\" id=\"NjMwOjU0MA==-1\" src=\"data:image\/svg+xml;nitro-empty-id=NjMwOjU0MA==-1;base64,PHN2ZyB2aWV3Qm94PSIwIDAgNzAwIDQ2NyIgd2lkdGg9IjcwMCIgaGVpZ2h0PSI0NjciIHhtbG5zPSJodHRwOi8vd3d3LnczLm9yZy8yMDAwL3N2ZyI+PC9zdmc+\"\/>\u00a9 elweline-Burdicolor <\/p>\n<p>Le <strong>4 octobre 2025<\/strong>, la <strong>Burdi\u2019Color<\/strong> f\u00eate ses <strong>10 ans<\/strong> sur le <strong>campus universitaire de Pessac<\/strong>. Une journ\u00e9e plac\u00e9e sous le signe de la <strong>couleur<\/strong>, de la <strong>musique<\/strong> et de la <strong>bonne humeur<\/strong>, o\u00f9 les participants encha\u00eenent les <strong>5 kilom\u00e8tres les plus fun de l\u2019ann\u00e9e<\/strong>. Ici, pas de chrono, juste une avalanche de <strong>poudre color\u00e9e<\/strong>, des <strong>concerts<\/strong>, des <strong>DJ sets<\/strong>, et un <strong>village festif<\/strong> o\u00f9 se m\u00ealent food trucks, bar et ambiance survolt\u00e9e.<\/p>\n<p><strong>Inscriptions<\/strong>\u00a0:\u00a0<a href=\"http:\/\/www.burdicolor.com\/\" target=\"_blank\" rel=\"noreferrer noopener nofollow\">www.burdicolor.com<\/a><\/p>\n<p><strong>Campus universitaire de Pessac \u2013 Bordeaux<\/strong><br \/><strong>Tram B \u2013 arr\u00eat Montaigne-Montesquieu<\/strong><br \/>Sponsoris\u00e9<\/p>\n<p> Samedi 4 octobre \u00e0 M\u00e9rignac La F\u00eate des Enfants 2025 <\/p>\n<p>Ce samedi 4 octobre, <strong>la F\u00eate des Enfants<\/strong> transforme le <strong>Parc du Vivier \u00e0 M\u00e9rignac<\/strong> en un v\u00e9ritable terrain de jeu g\u00e9ant. De 14h30 \u00e0 20h, les familles profiteront d\u2019un apr\u00e8s-midi plac\u00e9 sous le signe du <strong>fun<\/strong>, de la <strong>cr\u00e9ativit\u00e9<\/strong> et de la <strong>bonne humeur<\/strong>. Au programme : <strong>spectacles interactifs<\/strong>, <strong>jeux<\/strong>, <strong>ateliers<\/strong>, <strong>bal guinguette<\/strong> et <strong>food trucks<\/strong> gourmands pour ravir petits et grands. Une journ\u00e9e gratuite, joyeuse et pleine de d\u00e9couvertes.<\/p>\n<p><strong>Adresse :<\/strong> Parc du Vivier, 60 avenue du Mar\u00e9chal de Lattre de Tassigny, 33700 M\u00e9rignac<\/p>\n<p> Dimanche 5 octobre aux Halles de Bacalan Les halles mettent le paquet pour leur anniversaire <img loading=\"lazy\" width=\"700\" height=\"489\" alt=\"March\u00e9 couvert : Les Halles de Bacalan\" title=\"Quoi faire \u00e0 Bordeaux ce week-end du 3 octobre ? 7\"  nitro-lazy- nitro-lazy-src=\"https:\/\/cdn-ilbobfj.nitrocdn.com\/LLQyioEDmPooSUeshdcABKPnDEWJyTwh\/assets\/images\/optimized\/rev-fefab80\/quoifaireabordeaux.com\/wp-content\/uploads\/2025\/09\/grand-banquet-halles-bacalan.jpg\" class=\"wp-image-18812348 nitro-lazy\" decoding=\"async\" nitro-lazy-empty=\"\" id=\"NjcwOjU4Mg==-1\" src=\"data:image\/svg+xml;nitro-empty-id=NjcwOjU4Mg==-1;base64,PHN2ZyB2aWV3Qm94PSIwIDAgNzAwIDQ4OSIgd2lkdGg9IjcwMCIgaGVpZ2h0PSI0ODkiIHhtbG5zPSJodHRwOi8vd3d3LnczLm9yZy8yMDAwL3N2ZyI+PC9zdmc+\"\/> <\/p>\n<p>Les <strong>Halles de Bacalan<\/strong> f\u00eatent leurs 8 ans les <strong>4 et 5 octobre<\/strong>, et le quartier va clairement bouger. Au programme : <strong>concerts<\/strong>, <strong>DJ set<\/strong>, <strong>tapas<\/strong>, <strong>blind test g\u00e9ant<\/strong>, et un <strong>Grand Banquet<\/strong> pour finir en beaut\u00e9. Deux jours d\u2019ambiance festive entre <strong>bonne bouffe<\/strong>, <strong>musique live<\/strong> et <strong>activit\u00e9s pour enfants<\/strong>. Que vous veniez en famille ou entre amis, l\u2019esprit \u201c<strong>Halles bordelaises<\/strong>\u201d sera bien l\u00e0 : gourmand, convivial et plein de vie.<\/p>\n<p>Plus d\u2019infos <strong><a href=\"https:\/\/quoifaireabordeaux.com\/anniversaire-les-halles-de-bacalan\/\" target=\"_blank\" rel=\"noreferrer noopener nofollow\">ICI<\/a><\/strong><\/p>\n<p><strong>Les Halles de Bacalan<\/strong><br \/>15 Quai du Maroc, 33300 Bordeaux<\/p>\n<p>Sponsoris\u00e9<\/p>\n<p> Dimanche 5 octobre sur les All\u00e9es de Tourny Une f\u00eate gratuite avec bons vins et food-trucks <img loading=\"lazy\" width=\"472\" height=\"591\" alt=\"Que faire \u00e0 Bordeaux ce week-end ? F\u00eate des vignerons \" title=\"Quoi faire \u00e0 Bordeaux ce week-end du 3 octobre ? 8\"  nitro-lazy- nitro-lazy-src=\"https:\/\/cdn-ilbobfj.nitrocdn.com\/LLQyioEDmPooSUeshdcABKPnDEWJyTwh\/assets\/images\/optimized\/rev-fefab80\/quoifaireabordeaux.com\/wp-content\/uploads\/2025\/09\/Vignerons.jpg\" class=\"wp-image-18812882 nitro-lazy\" decoding=\"async\" nitro-lazy-empty=\"\" id=\"Njk4OjU0Mg==-1\" src=\"data:image\/svg+xml;nitro-empty-id=Njk4OjU0Mg==-1;base64,PHN2ZyB2aWV3Qm94PSIwIDAgNDcyIDU5MSIgd2lkdGg9IjQ3MiIgaGVpZ2h0PSI1OTEiIHhtbG5zPSJodHRwOi8vd3d3LnczLm9yZy8yMDAwL3N2ZyI+PC9zdmc+\"\/> <\/p>\n<p>Du 3 au 5 octobre, les <strong>All\u00e9es de Tourny<\/strong> se transforment en terrain de jeu pour les amoureux du vin et de la bonne ambiance. La <strong>F\u00eate des Vignerons Ind\u00e9pendants<\/strong> d\u00e9barque \u00e0 Bordeaux pour sa premi\u00e8re \u00e9dition, avec une promesse simple : remettre le plaisir et le partage au centre du verre. Au programme : des <strong>vignerons passionn\u00e9s<\/strong>, des <strong>d\u00e9gustations sans chichi<\/strong>, de la <strong>bonne bouffe locale<\/strong>, des <strong>concerts en plein air<\/strong> et une atmosph\u00e8re ultra conviviale.<\/p>\n<p><strong>Adresse :<\/strong> All\u00e9es de Tourny, 33000 Bordeaux<br \/><strong>Dates :<\/strong> du 3 au 5 octobre<br \/><strong>Entr\u00e9e gratuite<\/strong> \u2013 <strong>D\u00e9gustations payantes<\/strong> (verre fourni sur place)<\/p>\n<p>Plus d\u2019infos <strong><a href=\"https:\/\/quoifaireabordeaux.com\/vignerons-tourny-vin-bordeaux\/\" target=\"_blank\" rel=\"noreferrer noopener nofollow\">ICI<\/a><\/strong><\/p>\n<p>L\u2019abus d\u2019alcool est dangereux pour la sant\u00e9, \u00e0 consommer avec mod\u00e9ration.<\/p>\n<p>Sponsoris\u00e9<\/p>\n<p> Dimanche 5 octobre \u00e0 Bord\u2019eau Village Des concerts gratuits au bord de l\u2019eau <img loading=\"lazy\" width=\"1024\" height=\"535\" alt=\"Bord'eau Village\" style=\"width:756px;height:auto;\" title=\"Quoi faire \u00e0 Bordeaux ce week-end du 3 octobre ? 9\"  nitro-lazy- nitro-lazy-src=\"https:\/\/cdn-ilbobfj.nitrocdn.com\/LLQyioEDmPooSUeshdcABKPnDEWJyTwh\/assets\/images\/optimized\/rev-fefab80\/quoifaireabordeaux.com\/wp-content\/uploads\/2025\/06\/Bordeau-Village-1024x535.jpg\" class=\"wp-image-18807397 nitro-lazy\" decoding=\"async\" nitro-lazy-empty=\"\" id=\"NzMwOjg1NQ==-1\" src=\"data:image\/svg+xml;nitro-empty-id=NzMwOjg1NQ==-1;base64,PHN2ZyB2aWV3Qm94PSIwIDAgMTAyNCA1MzUiIHdpZHRoPSIxMDI0IiBoZWlnaHQ9IjUzNSIgeG1sbnM9Imh0dHA6Ly93d3cudzMub3JnLzIwMDAvc3ZnIj48L3N2Zz4=\"\/>\u00a9 Bord\u2019eau Village  <\/p>\n<p>Ce dimanche 5 octobre, les quais de <strong>Bord\u2019eau Village<\/strong> vont vibrer au son du groupe <strong>Chili P\u00e9pouze<\/strong>. Trois concerts rock en plein air sont pr\u00e9vus pour animer l\u2019apr\u00e8s-midi, entre <strong>bonne humeur<\/strong>, <strong>guitares \u00e9lectriques<\/strong> et <strong>ambiance d\u00e9tendue au bord de la Garonne<\/strong>.<\/p>\n<p><strong>Placette H17-H18 \u2013 Bord\u2019eau Village, Bordeaux<\/strong><\/p>\n<p>Sponsoris\u00e9<\/p>\n<p>Recevez l\u2019agenda de la semaine et du week-end + nos bons plans directement par mail en vous inscrivant gratuitement \u00e0 notre newsletter\u00a0<strong><a href=\"https:\/\/quoifaireabordeaux.com\/newsletter\/\" target=\"_blank\" rel=\"noreferrer noopener nofollow\">ICI<\/a><\/strong>\u00a0!<\/p>\n","protected":false},"excerpt":{"rendered":"Voici votre agenda hebdomadaire pour savoir que faire \u00e0 Bordeaux ce week-end du vendredi 3 octobre au dimanche&hellip;\n","protected":false},"author":2,"featured_media":400972,"comment_status":"","ping_status":"","sticky":false,"template":"","format":"standard","meta":{"footnotes":""},"categories":[2817],"tags":[1111,11,1997,1777,674,1011,27,12,2219,25],"class_list":{"0":"post-433648","1":"post","2":"type-post","3":"status-publish","4":"format-standard","5":"has-post-thumbnail","7":"category-bordeaux","8":"tag-actu","9":"tag-actualites","10":"tag-bordeaux","11":"tag-eu","12":"tag-europe","13":"tag-fr","14":"tag-france","15":"tag-news","16":"tag-nouvelle-aquitaine","17":"tag-republique-francaise"},"share_on_mastodon":{"url":"https:\/\/pubeurope.com\/@fr\/115304591898064752","error":""},"_links":{"self":[{"href":"https:\/\/www.europesays.com\/fr\/wp-json\/wp\/v2\/posts\/433648","targetHints":{"allow":["GET"]}}],"collection":[{"href":"https:\/\/www.europesays.com\/fr\/wp-json\/wp\/v2\/posts"}],"about":[{"href":"https:\/\/www.europesays.com\/fr\/wp-json\/wp\/v2\/types\/post"}],"author":[{"embeddable":true,"href":"https:\/\/www.europesays.com\/fr\/wp-json\/wp\/v2\/users\/2"}],"replies":[{"embeddable":true,"href":"https:\/\/www.europesays.com\/fr\/wp-json\/wp\/v2\/comments?post=433648"}],"version-history":[{"count":0,"href":"https:\/\/www.europesays.com\/fr\/wp-json\/wp\/v2\/posts\/433648\/revisions"}],"wp:featuredmedia":[{"embeddable":true,"href":"https:\/\/www.europesays.com\/fr\/wp-json\/wp\/v2\/media\/400972"}],"wp:attachment":[{"href":"https:\/\/www.europesays.com\/fr\/wp-json\/wp\/v2\/media?parent=433648"}],"wp:term":[{"taxonomy":"category","embeddable":true,"href":"https:\/\/www.europesays.com\/fr\/wp-json\/wp\/v2\/categories?post=433648"},{"taxonomy":"post_tag","embeddable":true,"href":"https:\/\/www.europesays.com\/fr\/wp-json\/wp\/v2\/tags?post=433648"}],"curies":[{"name":"wp","href":"https:\/\/api.w.org\/{rel}","templated":true}]}}