{"id":433661,"date":"2025-10-02T12:39:12","date_gmt":"2025-10-02T12:39:12","guid":{"rendered":"https:\/\/www.europesays.com\/fr\/433661\/"},"modified":"2025-10-02T12:39:12","modified_gmt":"2025-10-02T12:39:12","slug":"greve-du-2-octobre-a-lyon-depart-de-la-manifestation-depuis-la-place-jean-mace","status":"publish","type":"post","link":"https:\/\/www.europesays.com\/fr\/433661\/","title":{"rendered":"Gr\u00e8ve du 2 octobre \u00e0 Lyon : d\u00e9part de la manifestation depuis la place Jean Mac\u00e9"},"content":{"rendered":"<p>Nouvelle journ\u00e9e de gr\u00e8ve ce jeudi 2 octobre \u00e0 Lyon. Une manifestation est partie de Jean Mac\u00e9 \u00e0 13h.<\/p>\n<p>Les manifestants ont r\u00e9pondu pr\u00e9sents ce midi <b>place Jean Mac\u00e9<\/b>, dans le 7e arrondissement de Lyon, ce jeudi 2 octobre.<\/p>\n<p>Le cort\u00e8ge est parti aux environs de 13h avec une volont\u00e9 : contester les orientations budg\u00e9taires du gouvernement.<\/p>\n<p>Le cort\u00e8ge doit passer par l&rsquo;avenue Jean Jaur\u00e8s, puis le secteur de Saxe Gambetta avant de terminer au niveau du square Delestraint.<\/p>\n<p>La circulation des TCL devrait aussi \u00eatre perturb\u00e9 dans les secteurs concern\u00e9s par le passage de la manifestation.<\/p>\n<p><img loading=\"lazy\" decoding=\"async\" src=\"https:\/\/www.europesays.com\/fr\/wp-content\/uploads\/2025\/10\/1759408752_648_img\" width=\"350\" height=\"200\" border=\"0\" title=\"Une manifestation dans les rues de Lyon\"\/><\/p>\n<p>\u25baSoci\u00e9t\u00e9<\/p>\n<p style=\"font-size: 22px;\"><b>Gr\u00e8ve du 2 octobre \u00e0 Lyon : les infos sur la nouvelle journ\u00e9e de manifestation<\/b><\/p>\n<p>Apr\u00e8s le 10 et le 18 septembre, une nouvelle journ\u00e9e&#8230;<\/p>\n<p><\/p>\n","protected":false},"excerpt":{"rendered":"Nouvelle journ\u00e9e de gr\u00e8ve ce jeudi 2 octobre \u00e0 Lyon. Une manifestation est partie de Jean Mac\u00e9 \u00e0&hellip;\n","protected":false},"author":2,"featured_media":433662,"comment_status":"","ping_status":"","sticky":false,"template":"","format":"standard","meta":{"footnotes":""},"categories":[1889],"tags":[55999,1111,11,2430,1777,674,1011,27,10956,2428,2088,12,25],"class_list":{"0":"post-433661","1":"post","2":"type-post","3":"status-publish","4":"format-standard","5":"has-post-thumbnail","7":"category-lyon","8":"tag-2-octobre","9":"tag-actu","10":"tag-actualites","11":"tag-auvergne-rhone-alpes","12":"tag-eu","13":"tag-europe","14":"tag-fr","15":"tag-france","16":"tag-grve","17":"tag-lyon","18":"tag-manifestation","19":"tag-news","20":"tag-republique-francaise"},"share_on_mastodon":{"url":"https:\/\/pubeurope.com\/@fr\/115304619885122217","error":""},"_links":{"self":[{"href":"https:\/\/www.europesays.com\/fr\/wp-json\/wp\/v2\/posts\/433661","targetHints":{"allow":["GET"]}}],"collection":[{"href":"https:\/\/www.europesays.com\/fr\/wp-json\/wp\/v2\/posts"}],"about":[{"href":"https:\/\/www.europesays.com\/fr\/wp-json\/wp\/v2\/types\/post"}],"author":[{"embeddable":true,"href":"https:\/\/www.europesays.com\/fr\/wp-json\/wp\/v2\/users\/2"}],"replies":[{"embeddable":true,"href":"https:\/\/www.europesays.com\/fr\/wp-json\/wp\/v2\/comments?post=433661"}],"version-history":[{"count":0,"href":"https:\/\/www.europesays.com\/fr\/wp-json\/wp\/v2\/posts\/433661\/revisions"}],"wp:featuredmedia":[{"embeddable":true,"href":"https:\/\/www.europesays.com\/fr\/wp-json\/wp\/v2\/media\/433662"}],"wp:attachment":[{"href":"https:\/\/www.europesays.com\/fr\/wp-json\/wp\/v2\/media?parent=433661"}],"wp:term":[{"taxonomy":"category","embeddable":true,"href":"https:\/\/www.europesays.com\/fr\/wp-json\/wp\/v2\/categories?post=433661"},{"taxonomy":"post_tag","embeddable":true,"href":"https:\/\/www.europesays.com\/fr\/wp-json\/wp\/v2\/tags?post=433661"}],"curies":[{"name":"wp","href":"https:\/\/api.w.org\/{rel}","templated":true}]}}