{"id":433706,"date":"2025-10-02T13:07:15","date_gmt":"2025-10-02T13:07:15","guid":{"rendered":"https:\/\/www.europesays.com\/fr\/433706\/"},"modified":"2025-10-02T13:07:15","modified_gmt":"2025-10-02T13:07:15","slug":"une-retrospective-hommage-a-lune-des-figures-creatives-les-plus-influentes-du-xxie-siecle","status":"publish","type":"post","link":"https:\/\/www.europesays.com\/fr\/433706\/","title":{"rendered":"une r\u00e9trospective hommage \u00e0 l&rsquo;une des figures cr\u00e9atives les plus influentes du XXIe\u00a0si\u00e8cle"},"content":{"rendered":"<p>\n  Il s&rsquo;agit de la premi\u00e8re exposition europ\u00e9enne, issue du Virgil Abloh Archive, exclusivement consacr\u00e9e au travail d&rsquo;un boulimique de travail.\n<\/p>\n<p>\u00c0 l&rsquo;heure o\u00f9 la <a href=\"https:\/\/www.franceinfo.fr\/culture\/mode\/fashion-week\/fashion-week-feminine-printemps-ete-2026-les-premiers-pas-de-matthieu-blazy-chez-chanel-et-de-duran-lantink-chez-jean-paul-gaultier_7125369.html\" data-tooltip-url=\"https:\/\/www.franceinfo.fr\/culture\/mode\/fashion-week\/fashion-week-feminine-printemps-ete-2026-les-premiers-pas-de-matthieu-blazy-chez-chanel-et-de-duran-lantink-chez-jean-paul-gaultier_7125369.html\" rel=\"nofollow noopener\" target=\"_blank\">Fashion Week f\u00e9minine printemps-\u00e9t\u00e9\u00a02026<\/a> d\u00e9file sur les podiums parisiens, Virgil Abloh: The Codes \u2013\u00a0la premi\u00e8re exposition europ\u00e9enne consacr\u00e9e au travail de ce cr\u00e9ateur d\u00e9c\u00e9d\u00e9 en 2021\u00a0\u2013 rappelle qu&rsquo;il fut l&rsquo;un des plus influents du XXIe\u00a0si\u00e8cle. <a href=\"https:\/\/www.grandpalais.fr\/fr\/programme\/virgil-abloh-codes\" target=\"_blank\" rel=\"noopener nofollow\" data-tooltip-url=\"https:\/\/www.grandpalais.fr\/fr\/programme\/virgil-abloh-codes\">Pr\u00e9sent\u00e9e au Grand Palais<\/a> du 30\u00a0septembre, date d&rsquo;anniversaire de Virgil Abloh, au 9\u00a0octobre, elle explore pr\u00e8s de deux d\u00e9cennies de sa production multidisciplinaire, via un partenariat entre Virgil Abloh Archive et\u00a0Nike.<\/p>\n<p>The Virgil Abloh Archive, ce sont 20\u00a0000\u00a0objets couvrant la mode, le design, la musique, l&rsquo;art, la publicit\u00e9, y compris des \u0153uvres originales, des prototypes, des croquis, des m\u00e9dias num\u00e9riques et des documents \u00e9ph\u00e9m\u00e8res, aux c\u00f4t\u00e9s de documents provenant de la collection et de la biblioth\u00e8que du cr\u00e9ateur. Sa mission\u00a0: maintenir les id\u00e9es de Virgil Abloh en vie et rendre son travail accessible \u00e0 ceux qui cherchent \u00e0 \u00e9tudier et \u00e0 s&rsquo;appuyer sur ses id\u00e9es.<\/p>\n<p>    <img decoding=\"async\" class=\"cms-media-image lazyload\" alt=\"Portrait du cr\u00e9ateur Virgil Abloh. (ALESSIO SEGALA)\" width=\"720\" height=\"1078.5740007202\" data- src=\"https:\/\/www.europesays.com\/fr\/wp-content\/uploads\/2025\/10\/portrait-of-virgil-abloh-by-alessio-segala-68da67024d862697622111.jpg\"\/><\/p>\n<p>      Portrait du cr\u00e9ateur Virgil Abloh. (ALESSIO SEGALA)<\/p>\n<p>N\u00e9 aux \u00c9tats-Unis en 1980, Virgil Abloh avait plusieurs casquettes\u00a0: artiste, architecte, ing\u00e9nieur, directeur cr\u00e9atif, designer, mais aussi DJ. Apr\u00e8s un dipl\u00f4me en g\u00e9nie civil de l&rsquo;universit\u00e9 du Wisconsin, il acquiert une ma\u00eetrise en architecture \u00e0 l&rsquo;Institut de technologie de l&rsquo;Illinois o\u00f9 il apprend les principes du design moderniste et le concept de travail multidisciplinaire. Il cr\u00e9e <a href=\"https:\/\/www.franceinfo.fr\/culture\/mode\/lvmh-vend-sa-marque-off-white-fondee-par-le-createur-iconique-virgil-abloh-a-une-societe-americaine_6811948.html\" data-tooltip-url=\"https:\/\/www.franceinfo.fr\/culture\/mode\/lvmh-vend-sa-marque-off-white-fondee-par-le-createur-iconique-virgil-abloh-a-une-societe-americaine_6811948.html\" rel=\"nofollow noopener\" target=\"_blank\">sa marque Off-White<\/a> <a href=\"https:\/\/www.off---white.com\/en\/FR\" target=\"_blank\" rel=\"noopener nofollow\" data-tooltip-url=\"https:\/\/www.off---white.com\/en\/FR\">(Nouvelle fen\u00eatre) <\/a>en 2013, qui d\u00e9file d\u00e8s 2015 \u00e0 la Paris Fashion Week.<\/p>\n<p>Son style<strong> <\/strong>refl\u00e8te la culture street avec ses baskets et ses sweats ainsi que des collaborations avec Nike, Jimmy Choo, Moncler. Les ic\u00f4nes populaires de la musique l&rsquo;adorent. C&rsquo;est le cas de Rihanna ou du rappeur Asap Rocky mais aussi de Kanye West, qui en a fait son conseiller artistique personnel.<\/p>\n<p>Virgil Abloh a \u00e9t\u00e9 r\u00e9compens\u00e9 de plusieurs prix, dont l&rsquo;Urban Luxe d\u00e9cern\u00e9 aux British Fashion Awards et le Prix du designer international de l&rsquo;ann\u00e9e aux GQ\u00a0Men of the Year Awards en 2017. Son travail a \u00e9t\u00e9 expos\u00e9 dans de grandes institutions de design dans le monde. En 2018, ce cr\u00e9ateur am\u00e9ricain d&rsquo;origine ghan\u00e9enne est l&rsquo;un des seuls Noirs \u00e0 la direction artistique d&rsquo;une maison de luxe, celle de <a href=\"https:\/\/www.franceinfo.fr\/culture\/mode\/fashion-week\/entre-reves-et-larmes-l-ultime-collection-de-virgil-abloh-pour-louis-vuitton-devoilee-a-la-paris-fashion-week_4922471.html\" data-tooltip-url=\"https:\/\/www.franceinfo.fr\/culture\/mode\/fashion-week\/entre-reves-et-larmes-l-ultime-collection-de-virgil-abloh-pour-louis-vuitton-devoilee-a-la-paris-fashion-week_4922471.html\" rel=\"nofollow noopener\" target=\"_blank\">Louis Vuitton.<\/a><\/p>\n<blockquote class=\"ftvi_content_quote\">\n<p class=\"ftvi_citation_quote\">\u00ab\u00a0Cette exposition n&rsquo;est que le d\u00e9but de notre travail visant \u00e0 partager l&rsquo;h\u00e9ritage et les principes de Virgil avec la communaut\u00e9 cr\u00e9ative et le monde entier&#8230; \u00c0 travers le site Archive, Virgil restera une source d&rsquo;inspiration et un phare de la connaissance cr\u00e9ative.\u00a0\u00bb<\/p>\n<p>Shannon Abloh, directrice g\u00e9n\u00e9rale de Virgil Abloh Securities et pr\u00e9sidente de Virgil Abloh Archive<\/p>\n<\/blockquote>\n<p>Organis\u00e9e par Chlo\u00e9 Sultan et Mahfuz Sultan, cette exposition retrace la mani\u00e8re dont ses principes de conception caract\u00e9ristiques \u2013\u00a0ses codes\u00a0\u2013 se retrouvent dans son travail sur les v\u00eatements, les chaussures, l&rsquo;architecture, la musique, la publicit\u00e9. Elle met \u00e9galement en lumi\u00e8re ses collaborations avec plusieurs artistes, designers et athl\u00e8tes.<\/p>\n<p>C&rsquo;est au Grand Palais, dans la rotonde Clemenceau, qu&rsquo;est install\u00e9e cette r\u00e9trospective qui \u00e9trangement d\u00e9bute par la travers\u00e9e de la boutique Colette. Est-ce un moyen de rappeler que tr\u00e8s souvent ses collections furent sold\u00a0out\u00a0! Le concept store parisien \u2013\u00a0qui rouvre ses portes pour l&rsquo;\u00e9v\u00e9nement\u00a0\u2013 propose \u00e0 la vente de nouveaux produits con\u00e7us par les plus proches collaborateurs de Virgil Abloh.<\/p>\n<p>Sarah Andelman, qui <a href=\"https:\/\/www.franceinfo.fr\/culture\/cinema\/documentaires\/colette-mon-amour-un-emouvant-documentaire-raconte-la-fermeture-du-tres-branche-concept-store-parisien-en-2017_4210325.html\" data-tooltip-url=\"https:\/\/www.franceinfo.fr\/culture\/cinema\/documentaires\/colette-mon-amour-un-emouvant-documentaire-raconte-la-fermeture-du-tres-branche-concept-store-parisien-en-2017_4210325.html\" rel=\"nofollow noopener\" target=\"_blank\">redonne vie \u00e0 sa boutique embl\u00e9matique<\/a>, <a href=\"https:\/\/www.franceinfo.fr\/culture\/cinema\/documentaires\/colette-mon-amour-un-emouvant-documentaire-raconte-la-fermeture-du-tres-branche-concept-store-parisien-en-2017_4210325.html\" data-tooltip-url=\"https:\/\/www.franceinfo.fr\/culture\/cinema\/documentaires\/colette-mon-amour-un-emouvant-documentaire-raconte-la-fermeture-du-tres-branche-concept-store-parisien-en-2017_4210325.html\" rel=\"nofollow noopener\" target=\"_blank\">a aussi s\u00e9lectionn\u00e9 des articles clefs, dont une r\u00e9\u00e9dition de la collaboration Virgil Abloh\u00a0X\u00a0Braun et la traduction fran\u00e7aise du livre Abloh-isms de Larry\u00a0Warsh.<\/p>\n<p>\u00ab\u00a0C&rsquo;est un honneur de pr\u00e9senter deux d\u00e9cennies de travail de Virgil \u00e0 Paris. Cette exposition au Grand Palais est en quelque sorte un retour aux sources, une lettre d&rsquo;amour \u00e0 la ville qui l&rsquo;a le plus inspir\u00e9 et qui a fa\u00e7onn\u00e9 une grande partie de sa pratique&#8230; Cette exposition repr\u00e9sente le premier chapitre\u00a0\u00bb, a d\u00e9clar\u00e9 Mahfuz Sultan, le directeur de Virgil Abloh Archive.<\/p>\n<p>Install\u00e9e sur deux \u00e9tages, dans des salles avec une grande hauteur sous plafond, l&rsquo;exposition met en lumi\u00e8re, entre autres, son partenariat de longue date avec Nike en partageant les m\u00e9thodologies de design qui \u00e9taient au c\u0153ur de son identit\u00e9 cr\u00e9ative. En introduction, un texte, en anglais et non\u00a0traduit, s&rsquo;ouvre sur ce qui ressemble \u00e0 un grand flagship (vaisseau m\u00e8re d&rsquo;une marque) o\u00f9 portants de multiples T-shirts multicolores, nombreuses paires de baskets ou sacs de diff\u00e9rents volumes sont pr\u00e9sent\u00e9s sur de grandes tables en bois ou des \u00e9tag\u00e8res m\u00e9talliques. Mais pas question de toucher ou d&rsquo;essayer, c&rsquo;est pourtant tentant, nous sommes dans un mus\u00e9e\u00a0!<\/p>\n<p>    <img loading=\"lazy\" decoding=\"async\" class=\"cms-media-image lazyload\" alt=\"Le concept-store Colette \u00e0 l'entr\u00e9e de l'exposition consacr\u00e9e \u00e0 Virgil Abloh, au Grand Palais, \u00e0 Paris, septembre\u00a02025. (THOMAS RAZZANO\u00a0\/\u00a0BFA.COM)\" width=\"720\" height=\"480\" data- src=\"https:\/\/www.europesays.com\/fr\/wp-content\/uploads\/2025\/10\/bfa-51624-7428435-68db7f55adc8a324929834.jpg\"\/><\/p>\n<p>      Le concept-store Colette \u00e0 l&rsquo;entr\u00e9e de l&rsquo;exposition consacr\u00e9e \u00e0 Virgil Abloh, au Grand Palais, \u00e0 Paris, septembre\u00a02025. (THOMAS RAZZANO\u00a0\/\u00a0BFA.COM)<\/p>\n<p>Au fils du parcours, Nike organise des tables rondes avec des partenaires, designers et athl\u00e8tes Nike. Une s\u00e9rie de publications \u2013\u00a0notamment des dialogues, des ateliers, des performances et des projections\u00a0\u2013 accompagnent aussi l&rsquo;exposition.<\/p>\n<p>\u00c0 l&rsquo;\u00e9tage, on d\u00e9couvre, par exemple, un tr\u00e8s tr\u00e8s long mur o\u00f9 sont pr\u00e9sent\u00e9s bien rang\u00e9s des sneakers aux tonalit\u00e9s flashy, mais aussi sur une autre \u00e9tag\u00e8re une accumulation d&rsquo;accessoires\u00a0\u2013 ceintures, casquettes&#8230;<\/p>\n<p>    <img loading=\"lazy\" decoding=\"async\" class=\"cms-media-image lazyload\" alt=\"L'exposition consacr\u00e9e au cr\u00e9ateur Virgil Abloh, au Grand Palais, \u00e0 Paris, septembre\u00a02025. (THOMAS RAZZANO\u00a0\/\u00a0BFA.COM)\" width=\"720\" height=\"480\" data- src=\"https:\/\/www.europesays.com\/fr\/wp-content\/uploads\/2025\/10\/bfa-51624-7428492-68db7fd0c4ad1155737112.jpg\"\/><\/p>\n<p>      L&rsquo;exposition consacr\u00e9e au cr\u00e9ateur Virgil Abloh, au Grand Palais, \u00e0 Paris, septembre\u00a02025. (THOMAS RAZZANO\u00a0\/\u00a0BFA.COM)<\/p>\n<p>\u00ab\u00a0Les codes sont l&rsquo;\u00e2me de l&rsquo;h\u00e9ritage de Virgil\u00a0; ils sont au c\u0153ur du site Archive. Les codes racontent l&rsquo;histoire de l&rsquo;intention cr\u00e9atrice et de la pratique archivistique qui ont fa\u00e7onn\u00e9 l&rsquo;identit\u00e9 de Virgil. Ils nous guident, nous rappelant que la collectivit\u00e9 et l&rsquo;accessibilit\u00e9 doivent \u00eatre au centre de nos collaborations et de nos expressions, c&rsquo;est ainsi que nous gardons son h\u00e9ritage vivant\u00a0\u00bb, a d\u00e9clar\u00e9 Athiththan Selvendran, directeur de la cr\u00e9ation de la Fondation Virgil Abloh, directeur de Virgil Abloh Archive.<\/p>\n<p>Par ailleurs, la Fondation Virgil Abloh, qui sert de bras philanthropique \u00e0 <a href=\"https:\/\/facebook.us20.list-manage.com\/track\/click?u=79a5628f76b258a322c231a02&amp;id=05997662f7&amp;e=4e28b0eeac\" data-tooltip-url=\"https:\/\/facebook.us20.list-manage.com\/track\/click?u=79a5628f76b258a322c231a02&amp;id=05997662f7&amp;e=4e28b0eeac\" rel=\"nofollow noopener\" target=\"_blank\">Virgil Abloh Securities<\/a>, cr\u00e9e des espaces plus \u00e9quitables et inclusifs pour les jeunes cr\u00e9atifs sous-repr\u00e9sent\u00e9s, les leaders culturels et les acteurs du changement.<\/p>\n<p>    <img loading=\"lazy\" decoding=\"async\" class=\"cms-media-image lazyload\" alt=\"L'exposition consacr\u00e9e au cr\u00e9ateur Virgil Abloh, au Grand Palais, \u00e0 Paris, septembre\u00a02025. (THOMAS RAZZANO\u00a0\/\u00a0BFA.COM)\" width=\"720\" height=\"480\" data- src=\"https:\/\/www.europesays.com\/fr\/wp-content\/uploads\/2025\/10\/bfa-51624-7428557-68dbc5678e746843971639.jpg\"\/><\/p>\n<p>      L&rsquo;exposition consacr\u00e9e au cr\u00e9ateur Virgil Abloh, au Grand Palais, \u00e0 Paris, septembre\u00a02025. (THOMAS RAZZANO\u00a0\/\u00a0BFA.COM)<\/p>\n","protected":false},"excerpt":{"rendered":"Il s&rsquo;agit de la premi\u00e8re exposition europ\u00e9enne, issue du Virgil Abloh Archive, exclusivement consacr\u00e9e au travail d&rsquo;un boulimique&hellip;\n","protected":false},"author":2,"featured_media":433707,"comment_status":"","ping_status":"","sticky":false,"template":"","format":"standard","meta":{"footnotes":""},"categories":[1358],"tags":[1348,1384,1385,1386,58,59,1011,27],"class_list":{"0":"post-433706","1":"post","2":"type-post","3":"status-publish","4":"format-standard","5":"has-post-thumbnail","7":"category-arts-et-design","8":"tag-arts","9":"tag-arts-and-design","10":"tag-arts-et-design","11":"tag-design","12":"tag-divertissement","13":"tag-entertainment","14":"tag-fr","15":"tag-france"},"share_on_mastodon":{"url":"https:\/\/pubeurope.com\/@fr\/115304730110119327","error":""},"_links":{"self":[{"href":"https:\/\/www.europesays.com\/fr\/wp-json\/wp\/v2\/posts\/433706","targetHints":{"allow":["GET"]}}],"collection":[{"href":"https:\/\/www.europesays.com\/fr\/wp-json\/wp\/v2\/posts"}],"about":[{"href":"https:\/\/www.europesays.com\/fr\/wp-json\/wp\/v2\/types\/post"}],"author":[{"embeddable":true,"href":"https:\/\/www.europesays.com\/fr\/wp-json\/wp\/v2\/users\/2"}],"replies":[{"embeddable":true,"href":"https:\/\/www.europesays.com\/fr\/wp-json\/wp\/v2\/comments?post=433706"}],"version-history":[{"count":0,"href":"https:\/\/www.europesays.com\/fr\/wp-json\/wp\/v2\/posts\/433706\/revisions"}],"wp:featuredmedia":[{"embeddable":true,"href":"https:\/\/www.europesays.com\/fr\/wp-json\/wp\/v2\/media\/433707"}],"wp:attachment":[{"href":"https:\/\/www.europesays.com\/fr\/wp-json\/wp\/v2\/media?parent=433706"}],"wp:term":[{"taxonomy":"category","embeddable":true,"href":"https:\/\/www.europesays.com\/fr\/wp-json\/wp\/v2\/categories?post=433706"},{"taxonomy":"post_tag","embeddable":true,"href":"https:\/\/www.europesays.com\/fr\/wp-json\/wp\/v2\/tags?post=433706"}],"curies":[{"name":"wp","href":"https:\/\/api.w.org\/{rel}","templated":true}]}}