{"id":433750,"date":"2025-10-02T13:30:18","date_gmt":"2025-10-02T13:30:18","guid":{"rendered":"https:\/\/www.europesays.com\/fr\/433750\/"},"modified":"2025-10-02T13:30:18","modified_gmt":"2025-10-02T13:30:18","slug":"pres-de-rouen-ils-tentent-de-voler-dans-une-superette-deux-hommes-interpelles","status":"publish","type":"post","link":"https:\/\/www.europesays.com\/fr\/433750\/","title":{"rendered":"Pr\u00e8s de Rouen. Ils tentent de voler dans une sup\u00e9rette, deux hommes interpell\u00e9s"},"content":{"rendered":"<p melodystyle=\"texte\">Pour avoir tent\u00e9 de voler dans une sup\u00e9rette, deux hommes sont plac\u00e9s en garde \u00e0 vue. Mercredi 1er\u00a0octobre vers 21h30, la police est appel\u00e9e pour intervenir au centre commercial Les Bocquets \u00e0 Bois-Guillaume. Le Carrefour Market a \u00e9t\u00e9 victime d&rsquo;une tentative de vol. C&rsquo;est un voisin qui a donn\u00e9 l&rsquo;alerte.<\/p>\n<p melodystyle=\"texte\">\u2022 <b>A lire aussi.<\/b>\u00a0<a href=\"https:\/\/www.tendanceouest.com\/actualite-432358-le-havre-ils-volent-et-degradent-un-distributeur-automatique-dans-une-residence-universitaire\" target=\"_blank\" rel=\"nofollow noopener\">Le\u00a0Havre. Ils volent et d\u00e9gradent un distributeur automatique dans une r\u00e9sidence universitaire<\/a><\/p>\n<p>Le complice tente de se cacher sous un buisson<\/p>\n<p melodystyle=\"texte\">L&rsquo;agent de s\u00e9curit\u00e9 retient un homme de 47 ans. Il a tent\u00e9 de voler des denr\u00e9es. Son complice, lui, a pu prendre la fuite. Avec sa description, les policiers patrouillent dans le secteur et ne tardent \u00e0 pas \u00e0 le retrouver. Il tentait de se cacher sous un buisson du parking. Le malfaiteur de 49 ans, alcoolis\u00e9, a \u00e9t\u00e9 arr\u00eat\u00e9. Tous les deux ont \u00e9t\u00e9 plac\u00e9s en garde \u00e0 vue.<\/p>\n","protected":false},"excerpt":{"rendered":"Pour avoir tent\u00e9 de voler dans une sup\u00e9rette, deux hommes sont plac\u00e9s en garde \u00e0 vue. Mercredi 1er\u00a0octobre&hellip;\n","protected":false},"author":2,"featured_media":433751,"comment_status":"","ping_status":"","sticky":false,"template":"","format":"standard","meta":{"footnotes":""},"categories":[9587],"tags":[1111,11,1777,674,1011,27,12,5161,25,9590],"class_list":{"0":"post-433750","1":"post","2":"type-post","3":"status-publish","4":"format-standard","5":"has-post-thumbnail","7":"category-rouen","8":"tag-actu","9":"tag-actualites","10":"tag-eu","11":"tag-europe","12":"tag-fr","13":"tag-france","14":"tag-news","15":"tag-normandie","16":"tag-republique-francaise","17":"tag-rouen"},"share_on_mastodon":{"url":"https:\/\/pubeurope.com\/@fr\/115304819849220457","error":""},"_links":{"self":[{"href":"https:\/\/www.europesays.com\/fr\/wp-json\/wp\/v2\/posts\/433750","targetHints":{"allow":["GET"]}}],"collection":[{"href":"https:\/\/www.europesays.com\/fr\/wp-json\/wp\/v2\/posts"}],"about":[{"href":"https:\/\/www.europesays.com\/fr\/wp-json\/wp\/v2\/types\/post"}],"author":[{"embeddable":true,"href":"https:\/\/www.europesays.com\/fr\/wp-json\/wp\/v2\/users\/2"}],"replies":[{"embeddable":true,"href":"https:\/\/www.europesays.com\/fr\/wp-json\/wp\/v2\/comments?post=433750"}],"version-history":[{"count":0,"href":"https:\/\/www.europesays.com\/fr\/wp-json\/wp\/v2\/posts\/433750\/revisions"}],"wp:featuredmedia":[{"embeddable":true,"href":"https:\/\/www.europesays.com\/fr\/wp-json\/wp\/v2\/media\/433751"}],"wp:attachment":[{"href":"https:\/\/www.europesays.com\/fr\/wp-json\/wp\/v2\/media?parent=433750"}],"wp:term":[{"taxonomy":"category","embeddable":true,"href":"https:\/\/www.europesays.com\/fr\/wp-json\/wp\/v2\/categories?post=433750"},{"taxonomy":"post_tag","embeddable":true,"href":"https:\/\/www.europesays.com\/fr\/wp-json\/wp\/v2\/tags?post=433750"}],"curies":[{"name":"wp","href":"https:\/\/api.w.org\/{rel}","templated":true}]}}