{"id":433774,"date":"2025-10-02T13:42:23","date_gmt":"2025-10-02T13:42:23","guid":{"rendered":"https:\/\/www.europesays.com\/fr\/433774\/"},"modified":"2025-10-02T13:42:23","modified_gmt":"2025-10-02T13:42:23","slug":"quatre-associations-coup-de-coeur-recompensees-ce-4-octobre","status":"publish","type":"post","link":"https:\/\/www.europesays.com\/fr\/433774\/","title":{"rendered":"Quatre associations \u00ab coup de c\u0153ur \u00bb r\u00e9compens\u00e9es ce 4 octobre"},"content":{"rendered":"<p>Pour cette deuxi\u00e8me \u00e9dition d\u2019Unisol, 28 associations sont r\u00e9compens\u00e9es du prix \u00ab\u00a0Bordeaux Terre de Solidarit\u00e9\u00a0\u00bb. Une distinction imagin\u00e9e afin de valoriser leurs initiatives ayant permis de r\u00e9pondre concr\u00e8tement aux besoins des Bordelaises et des Bordelais.\u00a0<\/p>\n<p>Parmi ces laur\u00e9ats, quatre re\u00e7oivent un \u00ab Coup de c\u0153ur \u00bb, accompagn\u00e9 d\u2019une subvention de 5 000 \u20ac, pour souligner leur utilit\u00e9 sociale particuli\u00e8re et soutenir la p\u00e9rennit\u00e9 de leur projet. D\u00e9couvrez ces quatre associations.\u00a0<\/p>\n<p>\tLa calmie &#8211; Collectif Handicap !\u00a0<\/p>\n<p>Depuis 2020, l\u2019association rassemble des parents d&rsquo;enfants en situation de handicap et des professionnels qui exercent dans le milieu. Ensemble, ils ont coconstruit un dispositif de r\u00e9pit, hors domicile, pour les parents mais aussi pour les fratries d\u2019enfants, d\u2019adolescents et de jeunes adultes en situation de handicap, \u00e2g\u00e9s de 3 \u00e0 20 ans.\u00a0<\/p>\n<p>Chaque samedi, les enfants sont accueillis par groupes de cinq, encadr\u00e9s par quatre professionnels (du SAAD Amelis ou de l\u2019association) et deux volontaires en service civique d\u2019Unis-Cit\u00e9. Les journ\u00e9es ont lieu dans des locaux adapt\u00e9s et s\u00e9curis\u00e9s, mis \u00e0 disposition par des associations ou des collectivit\u00e9s territoriales. Le r\u00e9pit est gratuit. Seule une adh\u00e9sion annuelle de 20 euros est requise.\u00a0<\/p>\n<blockquote class=\"box-quote__blockquote\">\n<p>On veut pr\u00e9venir l\u2019\u00e9puisement familial.<\/p>\n<\/blockquote>\n<p>\u00ab Ce n\u2019est pas qu&rsquo;on \u00e9vite, c\u2019est qu&rsquo;on essaie de pr\u00e9venir l&rsquo;\u00e9puisement familial. Il y a quand m\u00eame des enjeux de sant\u00e9 publique l\u00e0-dedans. On pr\u00e9vient aussi les risques de maltraitance intra-familiale, parce que \u00e7a aussi, \u00e7a peut arriver \u00bb, explique Sylvie Meunier, pr\u00e9sidente de l\u2019association.\u00a0<br \/>\u00ab Une journ\u00e9e nous co\u00fbte un peu plus de 1 000 \u20ac, et donc cette subvention correspond \u00e0 la mise en \u0153uvre de cinq journ\u00e9es de r\u00e9pit. Et donc, cinq journ\u00e9es, cinq enfants\u2026 vous voyez, \u00e7a fait 25. \u00c7a fait 25 familles, potentiellement, qui peuvent b\u00e9n\u00e9ficier d&rsquo;une journ\u00e9e de r\u00e9pit. \u00bb\u00a0<\/p>\n<p>\t<a class=\"lightbox-image\" role=\"button\" data-lightbox-conf=\"media__image__field_media_image__body_3_2_lb\" data-lightbox-group=\"tobii--m2bqrg\" href=\"https:\/\/www.bordeaux.fr\/sites\/bor-bdxfr-drupal\/files\/styles\/3_2_1620x1080\/public\/2025-10\/Photo%202%20-%20CollectifHandicap_LaCalmie_9742.jpg.webp?itok=LOzws-lK\" data- data-><\/p>\n<p>                  <img decoding=\"async\" loading=\"lazy\" width=\"621\" height=\"414\" src=\"https:\/\/www.europesays.com\/fr\/wp-content\/uploads\/2025\/10\/Photo 2 - CollectifHandicap_LaCalmie_9742.jpg.webp\" alt=\"Photo d'un intervenant avec un jeune enfant dans les bras disant aurevoir avec la main \u00e0 un parent\" class=\"img-fluid\"\/><\/p>\n<p><\/a><\/p>\n<p>            Chaque samedi, les familles peuvent confier leur enfant \u00e0 des intervenants professionnels et s\u2019accorder un moment de r\u00e9pit.             \u00a9 Aur\u00e9lien Marquot \/ D\u00e9partement de la Gironde          <\/p>\n<p>\tLes dimanches d&rsquo;ELIE ta rue &#8211; Les P\u2019tits gratteurs\u00a0\u00a0<\/p>\n<p>Bas\u00e9e depuis 2001 dans les quartiers sud de la Ville de Bordeaux (Saint-Michel, Sainte-Croix et Saint-Jean), l\u2019association Les P\u2019tits Gratteurs \u0153uvre en faveur d\u2019un d\u00e9veloppement local participatif, en lien avec les structures et institutions sociales et culturelles locales. L\u2019association transforme les rues et les places des quartiers en des espaces conviviaux o\u00f9 les habitants sont invit\u00e9s \u00e0 se rencontrer, \u00e9changer, partager autour de diff\u00e9rentes animations, le tout dans un esprit de mixit\u00e9.\u00a0<\/p>\n<p>Chaque premier dimanche du mois, Les P\u2019tits Gratteurs et ses partenaires organisent \u00ab Les Dimanches d\u2019\u00c9lie ta rue<strong> \u00bb<\/strong> : ils proposent aux habitants de la rue \u00c9lie Gintrac un programme d\u2019animations gratuit et festif.\u00a0<\/p>\n<blockquote class=\"box-quote__blockquote\">\n<p>\u202fContinuer nos actions rue Elie Gintrac\u202f<\/p>\n<\/blockquote>\n<p>Pour Camille Marseille, coordinatrice de l\u2019association, ce prix repr\u00e9sente un \u00ab vrai gage de reconnaissance : \u00ab On va pouvoir continuer \u00e0 mener nos actions rue \u00c9lie Gintrac. Cela montre aussi que notre travail est vu et reconnu par la mairie de Bordeaux, mais aussi par les acteurs sociaux et solidaires de la ville. \u00bb\u00a0<\/p>\n<p>\t<a class=\"lightbox-image\" role=\"button\" data-lightbox-conf=\"media__image__field_media_image__body_3_2_lb\" data-lightbox-group=\"tobii--1OE0rg\" href=\"https:\/\/www.bordeaux.fr\/sites\/bor-bdxfr-drupal\/files\/styles\/3_2_1620x1080\/public\/2025-10\/Photo%203%20-%20DSC_0955_unisol.JPG.webp?itok=bXebdVSi\" data- data-><\/p>\n<p>                  <img decoding=\"async\" loading=\"lazy\" width=\"621\" height=\"414\" src=\"https:\/\/www.europesays.com\/fr\/wp-content\/uploads\/2025\/10\/Photo 3 - DSC_0955_unisol.JPG.webp\" alt=\"Photo d'un moment convivial organis\u00e9 par l\u2019association : ateliers, rencontres et spectacles gratuits rassemblent les habitants du quartier.\" class=\"img-fluid\"\/><\/p>\n<p><\/a><\/p>\n<p>            Les P&rsquo;tits gratteurs organisent des \u00e9v\u00e9nements dans les rues et sur les places, comme ici rue des Douves.             \u00a9 Asso Les P\u2019tits Gratteurs          <\/p>\n<p>\tEspace pour les tout petits &#8211; Toutes \u00e0 l\u2019Abri\u00a0<\/p>\n<p>Depuis 2018, l\u2019association Toutes \u00e0 l\u2019Abri offre aux femmes sans abri, victimes de violences ou en situation de pr\u00e9carit\u00e9, r\u00e9sidant sur la M\u00e9tropole et la Ville de Bordeaux, un refuge bienveillant.\u00a0\u00a0<\/p>\n<p>Tous les lundis, mercredis et vendredis, de 10 h \u00e0 17 h, un accueil de jour leur permet de se doucher, laver leur linge, participer \u00e0 la pr\u00e9paration de repas destin\u00e9s \u00e9galement \u00e0 des maraudes hebdomadaires, manger et se reposer. Elles sont accueillies exclusivement par des femmes, dans un espace en toute s\u00e9curit\u00e9.\u00a0<\/p>\n<p>Le local dispose \u00e9galement d\u2019un espace d\u00e9di\u00e9 aux tout-petits, afin de permettre aux mamans dans le besoin de venir avec leurs enfants.\u00a0<\/p>\n<blockquote class=\"box-quote__blockquote\">\n<p>Le prix nous a apport\u00e9 une expertise\u202f<\/p>\n<\/blockquote>\n<p>\u00ab Le prix Coup de c\u0153ur nous a aid\u00e9es \u00e0 avoir une expertise de personnes qui ont des connaissances, qu\u2019on n\u2019avait pas du tout, sur la cr\u00e9ation d\u2019environnements sains et appropri\u00e9s aux enfants. Elles nous ont apport\u00e9 un regard professionnel, une expertise pour am\u00e9liorer nos espaces d\u2019accueil, et on va pouvoir racheter ce qu\u2019il nous manque, et aussi faire des travaux \u00bb, confie Elsa Morand, responsable de l\u2019association.\u00a0<\/p>\n<p>Depuis 2022, les membres de Toutes \u00e0 l\u2019Abri assurent \u00e9galement l\u2019accompagnement des femmes vers un logement de transition, puis durable, en partenariat avec des acteurs sociaux.\u00a0<\/p>\n<p>\t<a class=\"lightbox-image\" role=\"button\" data-lightbox-conf=\"media__image__field_media_image__body_3_2_lb\" data-lightbox-group=\"tobii--EE4EQg\" href=\"https:\/\/www.bordeaux.fr\/sites\/bor-bdxfr-drupal\/files\/styles\/3_2_1620x1080\/public\/2025-10\/Photo%204%20-%20Les%20Ptits%20gratteurs_unisol.jpg.webp?itok=MxL73afO\" data- data-><\/p>\n<p>                  <img decoding=\"async\" loading=\"lazy\" width=\"621\" height=\"414\" src=\"https:\/\/www.europesays.com\/fr\/wp-content\/uploads\/2025\/10\/Photo 4 - Les Ptits gratteurs_unisol.jpg.webp\" alt=\"Photo\" class=\"img-fluid\"\/><\/p>\n<p><\/a><\/p>\n<p>            Les b\u00e9n\u00e9voles de Toutes \u00e0 l\u2019abri \u0153uvrent aux c\u00f4t\u00e9s des femmes vuln\u00e9rabilis\u00e9es.             \u00a9 Ville de Bordeaux          <\/p>\n<p>\tBarbey village &#8211; la petite s\u0153ur\u00a0\u00a0<\/p>\n<p>La Petite S\u0153ur est l\u2019association \u00e0 l\u2019origine de Barbey Village, un endroit qui m\u00eale tourisme, r\u00e9sidence culturelle, logement et rencontres entre personnes venues de tous les horizons. Forte d\u2019une valeur de protection de l\u2019enfant, l\u2019association m\u00e8ne des projets afin d\u2019accompagner au mieux les jeunes sortant d\u2019\u00e9tablissements sociaux et m\u00e9dico-sociaux, et de favoriser une meilleure connaissance et reconnaissance de ces jeunes.\u00a0<\/p>\n<p>\u00c0 Barbey Village, \u00e9tudiants, artistes, jeunes sortant d\u2019\u00e9tablissement et jeunes saisonniers cohabitent dans un lieu de partage et d\u2019insertion, dans lequel ils sont sensibilis\u00e9s \u00e0 la culture, \u00e0 l\u2019art et au vivre-ensemble.\u00a0<\/p>\n<p>La Petite S\u0153ur incite ses jeunes r\u00e9sidents \u00e0 cultiver le souci de l\u2019autre, l\u2019envie de mettre en commun, et \u00e0 porter un regard ouvert sur la diff\u00e9rence, notamment par la cr\u00e9ation d\u2019espaces de rencontre au sein du Barbey Village.\u00a0<\/p>\n<blockquote class=\"box-quote__blockquote\">\n<p>Une reconnaissance de l\u2019importance des projets de logement pour les jeunes.\u202f<\/p>\n<\/blockquote>\n<p>La pr\u00e9sidente de l\u2019association, Ben Ali Sabra, souligne l\u2019importance de ce prix \u00ab coup de c\u0153ur \u00bb pour son association : \u00ab C\u2019est une reconnaissance du travail accompli par les \u00e9quipes, mais aussi une reconnaissance des n\u00e9cessit\u00e9s de coop\u00e9ration, de l\u2019importance de projets de logement pour les jeunes, un peu hybrides, qui permettent aussi de sortir de l\u2019isolement. \u00bb\u00a0<\/p>\n","protected":false},"excerpt":{"rendered":"Pour cette deuxi\u00e8me \u00e9dition d\u2019Unisol, 28 associations sont r\u00e9compens\u00e9es du prix \u00ab\u00a0Bordeaux Terre de Solidarit\u00e9\u00a0\u00bb. Une distinction imagin\u00e9e&hellip;\n","protected":false},"author":2,"featured_media":433775,"comment_status":"","ping_status":"","sticky":false,"template":"","format":"standard","meta":{"footnotes":""},"categories":[2817],"tags":[1111,11,1997,1777,674,1011,27,12,2219,25],"class_list":{"0":"post-433774","1":"post","2":"type-post","3":"status-publish","4":"format-standard","5":"has-post-thumbnail","7":"category-bordeaux","8":"tag-actu","9":"tag-actualites","10":"tag-bordeaux","11":"tag-eu","12":"tag-europe","13":"tag-fr","14":"tag-france","15":"tag-news","16":"tag-nouvelle-aquitaine","17":"tag-republique-francaise"},"share_on_mastodon":{"url":"https:\/\/pubeurope.com\/@fr\/115304867191896168","error":""},"_links":{"self":[{"href":"https:\/\/www.europesays.com\/fr\/wp-json\/wp\/v2\/posts\/433774","targetHints":{"allow":["GET"]}}],"collection":[{"href":"https:\/\/www.europesays.com\/fr\/wp-json\/wp\/v2\/posts"}],"about":[{"href":"https:\/\/www.europesays.com\/fr\/wp-json\/wp\/v2\/types\/post"}],"author":[{"embeddable":true,"href":"https:\/\/www.europesays.com\/fr\/wp-json\/wp\/v2\/users\/2"}],"replies":[{"embeddable":true,"href":"https:\/\/www.europesays.com\/fr\/wp-json\/wp\/v2\/comments?post=433774"}],"version-history":[{"count":0,"href":"https:\/\/www.europesays.com\/fr\/wp-json\/wp\/v2\/posts\/433774\/revisions"}],"wp:featuredmedia":[{"embeddable":true,"href":"https:\/\/www.europesays.com\/fr\/wp-json\/wp\/v2\/media\/433775"}],"wp:attachment":[{"href":"https:\/\/www.europesays.com\/fr\/wp-json\/wp\/v2\/media?parent=433774"}],"wp:term":[{"taxonomy":"category","embeddable":true,"href":"https:\/\/www.europesays.com\/fr\/wp-json\/wp\/v2\/categories?post=433774"},{"taxonomy":"post_tag","embeddable":true,"href":"https:\/\/www.europesays.com\/fr\/wp-json\/wp\/v2\/tags?post=433774"}],"curies":[{"name":"wp","href":"https:\/\/api.w.org\/{rel}","templated":true}]}}